{"id":102785,"date":"2024-01-18T20:39:48","date_gmt":"2024-01-18T23:39:48","guid":{"rendered":"https:\/\/webdelmaestrocmf.com\/portal\/?p=102785"},"modified":"2024-01-18T20:41:49","modified_gmt":"2024-01-18T23:41:49","slug":"juan-carlos-monsalve-incorporacion-de-herramientas-tecnologicas-en-el-quehacer-docente-y-su-integracion-en-las-clases-escolares","status":"publish","type":"post","link":"https:\/\/webdelmaestrocmf.com\/portal\/juan-carlos-monsalve-incorporacion-de-herramientas-tecnologicas-en-el-quehacer-docente-y-su-integracion-en-las-clases-escolares\/","title":{"rendered":"[Juan Carlos Monsalve] Incorporaci\u00f3n de herramientas tecnol\u00f3gicas en el quehacer docente y su integraci\u00f3n en las clases escolares"},"content":{"rendered":"<p style=\"text-align: justify;\"><strong>Se parte de la premisa de que las tecnolog\u00edas de la informaci\u00f3n y la comunicaci\u00f3n (TIC) son recursos que pueden mejorar la calidad educativa, siempre y cuando se usen de forma adecuada y pertinente. Para ello, se analizan los beneficios y los desaf\u00edos que supone la integraci\u00f3n de las TIC en el proceso de ense\u00f1anza &#8211; aprendizaje, as\u00ed como las competencias que deben desarrollar los docentes para aprovechar al m\u00e1ximo las potencialidades de materiales tecnol\u00f3gicos.<\/strong><!--more--><\/p>\n<p style=\"text-align: justify;\">Uno de nuestros objetivos como docentes, profesores o educadores es explorar de manera detallada c\u00f3mo la integraci\u00f3n reflexiva de nuevas herramientas puede no solo optimizar la ense\u00f1anza sino tambi\u00e9n remodelar la experiencia de aprendizaje de los estudiantes. En el entorno educativo actual, caracterizado por avances tecnol\u00f3gicos constantes, nos enfrentamos con la tarea de incorporar herramientas digitales de manera significativa.<\/p>\n<p style=\"text-align: justify;\">Importante es conocer y tener en cuenta que las plataformas de aprendizaje en l\u00ednea y las aplicaciones interactivas, no se limitan a ser canales de transmisi\u00f3n de informaci\u00f3n. El educador deja de ser simplemente un transmisor de conocimientos para convertirse en un gu\u00eda y facilitador del aprendizaje activo y participativo. A su vez, la integraci\u00f3n de dispositivos inteligentes y recursos digitales proporciona al docente la capacidad de crear entornos educativos din\u00e1micos, estimulantes y centrados en las particularidades individuales de los estudiantes; permitiendo una adaptaci\u00f3n fluida a las distintas necesidades y estilos de aprendizaje presentes en el aula.<\/p>\n<p><img loading=\"lazy\" decoding=\"async\" class=\"alignnone size-full wp-image-102786\" src=\"https:\/\/webdelmaestrocmf.com\/portal\/wp-content\/uploads\/2024\/01\/Banner-1-portada-imagen-10-30.jpg\" alt=\"tecnol\u00f3gicas \" width=\"1024\" height=\"1024\" srcset=\"https:\/\/webdelmaestrocmf.com\/portal\/wp-content\/uploads\/2024\/01\/Banner-1-portada-imagen-10-30.jpg 1024w, https:\/\/webdelmaestrocmf.com\/portal\/wp-content\/uploads\/2024\/01\/Banner-1-portada-imagen-10-30-300x300.jpg 300w, https:\/\/webdelmaestrocmf.com\/portal\/wp-content\/uploads\/2024\/01\/Banner-1-portada-imagen-10-30-150x150.jpg 150w, https:\/\/webdelmaestrocmf.com\/portal\/wp-content\/uploads\/2024\/01\/Banner-1-portada-imagen-10-30-768x768.jpg 768w, https:\/\/webdelmaestrocmf.com\/portal\/wp-content\/uploads\/2024\/01\/Banner-1-portada-imagen-10-30-80x80.jpg 80w, https:\/\/webdelmaestrocmf.com\/portal\/wp-content\/uploads\/2024\/01\/Banner-1-portada-imagen-10-30-110x110.jpg 110w, https:\/\/webdelmaestrocmf.com\/portal\/wp-content\/uploads\/2024\/01\/Banner-1-portada-imagen-10-30-380x380.jpg 380w, https:\/\/webdelmaestrocmf.com\/portal\/wp-content\/uploads\/2024\/01\/Banner-1-portada-imagen-10-30-550x550.jpg 550w, https:\/\/webdelmaestrocmf.com\/portal\/wp-content\/uploads\/2024\/01\/Banner-1-portada-imagen-10-30-800x800.jpg 800w\" sizes=\"auto, (max-width: 1024px) 100vw, 1024px\" \/><\/p>\n<p style=\"text-align: justify;\">Dos ejemplos ilustrativos de estas herramientas tecnol\u00f3gicas incluyen la plataforma educativa <strong>Canvas <\/strong>y la aplicaci\u00f3n interactiva <strong>Kahoot<\/strong>. Canvas facilita la gesti\u00f3n de cursos en l\u00ednea, admitiendo a los docentes organizar materiales, asignaciones y evaluaciones de manera eficiente. Por otro lado, Kahoot transforma la evaluaci\u00f3n en una experiencia l\u00fadica, involucrando a los estudiantes a trav\u00e9s de cuestionarios interactivos y competitivos. Estas herramientas no solo transmiten informaci\u00f3n, sino que cultivan habilidades esenciales para el siglo XXI. El pensamiento cr\u00edtico, la resoluci\u00f3n de problemas y la alfabetizaci\u00f3n digital son competencias que se fortalecen mediante la exposici\u00f3n temprana y la interacci\u00f3n continua con estas tecnolog\u00edas.<\/p>\n<p style=\"text-align: justify;\">A pesar de estos beneficios, la implementaci\u00f3n de herramientas tecnol\u00f3gicas no est\u00e1 exenta de desaf\u00edos \u00e9ticos. La privacidad de los datos, la equidad en el acceso a la tecnolog\u00eda y la seguridad en l\u00ednea son consideraciones cruciales que requieren una atenci\u00f3n meticulosa para garantizar un entorno educativo seguro y equitativo.<\/p>\n<p style=\"text-align: justify;\">La utilizaci\u00f3n estrat\u00e9gica de herramientas tecnol\u00f3gicas en el quehacer docente no solo representa un cambio superficial, sino un redise\u00f1o profundo de la din\u00e1mica educativa. El uso de las TIC son aliadas estrat\u00e9gicas para la innovaci\u00f3n educativa, pero que requieren de una formaci\u00f3n continua y una actitud cr\u00edtica por parte de los profesores. La reflexi\u00f3n continua sobre las pr\u00e1cticas pedag\u00f3gicas y la aplicaci\u00f3n \u00e9tica de estas herramientas son esenciales para maximizar su potencial en la mejora continua de la educaci\u00f3n.<\/p>\n<p style=\"text-align: justify;\"><strong>NOTA DE REDACCI\u00d3N:<\/strong> La Web del Maestro CMF publica los textos originales de su autor, no necesariamente coincide con lo expuesto en el tema, no se hace responsable de las opiniones expresadas, y no promociona ning\u00fan producto, servicio, marca, grupo trabajador o empresa. Sugerimos a nuestros lectores conocer la identidad de su autor, para tener mayores elementos de juicio y la pertinencia a su realidad educativa.<\/p>\n<table class=\" alignleft\" border=\"0\" width=\"100%\" cellspacing=\"10\" cellpadding=\"10\">\n<tbody>\n<tr>\n<td style=\"text-align: center;\" width=\"30%\"><strong><img loading=\"lazy\" decoding=\"async\" class=\"size-full wp-image-81873 aligncenter\" src=\"https:\/\/webdelmaestrocmf.com\/portal\/wp-content\/uploads\/2022\/12\/1-24.jpg\" alt=\"\" width=\"200\" height=\"200\" srcset=\"https:\/\/webdelmaestrocmf.com\/portal\/wp-content\/uploads\/2022\/12\/1-24.jpg 200w, https:\/\/webdelmaestrocmf.com\/portal\/wp-content\/uploads\/2022\/12\/1-24-150x150.jpg 150w, https:\/\/webdelmaestrocmf.com\/portal\/wp-content\/uploads\/2022\/12\/1-24-80x80.jpg 80w, https:\/\/webdelmaestrocmf.com\/portal\/wp-content\/uploads\/2022\/12\/1-24-110x110.jpg 110w\" sizes=\"auto, (max-width: 200px) 100vw, 200px\" \/><br \/>\nAutor: <\/strong>Juan Carlos Monsalve Suarez (Colombia, 1978) T\u00e9cnico profesional en ingenier\u00eda de sistemas, Licenciado en Educaci\u00f3n Basica con \u00c9nfasis en Inform\u00e1tica, Mag\u00edster en Ense\u00f1anza del Lenguaje y la Lengua Castellana.<strong>Experiencia laboral:<\/strong> Docente de tecnolog\u00eda e inform\u00e1tica en grupos de Educaci\u00f3n Basica y Media Acad\u00e9mica en instituciones p\u00fablicas y privadas de la ciudad de Santa Marta, con m\u00e1s de 15 a\u00f1os de experiencia demostrando mi habilidad para ense\u00f1ar y motivar a mis estudiantes. Ha sido profesor capacitador en instituciones para el trabajo y desarrollo humano.<strong>Correo electr\u00f3nico:<\/strong> <a href=\"mailto:jk.monsuarez@gmail.com\">jk.monsuarez@gmail.com<\/a><br \/>\n<strong>Cuenta de Facebook:<\/strong> <a href=\"https:\/\/web.facebook.com\/karlosjuan.suarezmonsalve\" target=\"_blank\" rel=\"noopener\">karlosjuan.suarezmonsalve<\/a><strong><br \/>\n<\/strong><\/td>\n<\/tr>\n<\/tbody>\n<\/table>\n<p>&nbsp;<\/p>\n<p>&nbsp;<\/p>\n<p>.<\/p>\n\t\t<div class=\"pk-inline-posts\">\n\t\t\t\n\t\t\t<div class=\"pk-inline-posts-container pk-inline-posts-template-list\"\n\t\t\t\tdata-columns=\"1\">\n\t\t\t\t\t\t<article id=\"post-100384\" class=\"post-100384 post type-post status-publish format-standard has-post-thumbnail category-colaborador_juan_carlos_monsalve category-colaborador tag-fallecimiento tag-familiar tag-fernando-gamarra tag-licencia tag-licencia-por-fallecimiento-de-un-familiar cs-entry cs-video-wrap\">\n\t\t\t<div class=\"pk-post-outer\">\n\n\t\t\t\t\t\t\t\t<div class=\"pk-post-inner\">\n\t\t\t\t\t<div class=\"entry-thumbnail\">\n\t\t\t\t\t\t<div class=\"pk-overlay pk-overlay-ratio pk-ratio-landscape\">\n\t\t\t\t\t\t\t<div class=\"pk-overlay-background\">\n\t\t\t\t\t\t\t\t<a href=\"https:\/\/webdelmaestrocmf.com\/portal\/fernando-gamarra-licencia-por-fallecimiento-de-un-familiar\/\" class=\"pk-overlay-link\">\n\t\t\t\t\t\t\t\t\t<img loading=\"lazy\" decoding=\"async\" width=\"300\" height=\"225\" src=\"https:\/\/webdelmaestrocmf.com\/portal\/wp-content\/uploads\/2023\/11\/A12B3C4D-8-4-300x225.jpg\" class=\"attachment-pk-thumbnail size-pk-thumbnail wp-post-image\" alt=\"\" \/>\t\t\t\t\t\t\t\t<\/a>\n\t\t\t\t\t\t\t<\/div>\n\t\t\t\t\t\t<\/div>\n\t\t\t\t\t<\/div>\n\t\t\t\t<\/div>\n\t\t\t\t\n\t\t\t\t<div class=\"pk-post-inner\">\n\t\t\t\t\t<header>\n\t\t\t\t\t\t<h3 class=\"pk-title\"><a href=\"https:\/\/webdelmaestrocmf.com\/portal\/fernando-gamarra-licencia-por-fallecimiento-de-un-familiar\/\" rel=\"bookmark\">[Fernando Gamarra] Licencia por fallecimiento de un familiar<\/a><\/h3>\t\t\t\t\t<\/header><!-- .entry-header -->\n\t\t\t\t<\/div><!-- .post-inner -->\n\n\t\t\t<\/div><!-- .post-outer -->\n\t\t<\/article>\n\t\t\t<article id=\"post-99472\" class=\"post-99472 post type-post status-publish format-standard has-post-thumbnail category-colaborador_juan_carlos_monsalve category-colaborador tag-aprendizaje tag-enriquecer tag-experiencia tag-experiencia-de-aprendizaje tag-gamificacion-en-el-aula tag-ia tag-juan-carlos-monsalve cs-entry cs-video-wrap\">\n\t\t\t<div class=\"pk-post-outer\">\n\n\t\t\t\t\t\t\t\t<div class=\"pk-post-inner\">\n\t\t\t\t\t<div class=\"entry-thumbnail\">\n\t\t\t\t\t\t<div class=\"pk-overlay pk-overlay-ratio pk-ratio-landscape\">\n\t\t\t\t\t\t\t<div class=\"pk-overlay-background\">\n\t\t\t\t\t\t\t\t<a href=\"https:\/\/webdelmaestrocmf.com\/portal\/juan-carlos-monsalve-gamificacion-en-el-aula-el-uso-de-la-ia-para-enriquecer-la-experiencia-de-aprendizaje\/\" class=\"pk-overlay-link\">\n\t\t\t\t\t\t\t\t\t<img loading=\"lazy\" decoding=\"async\" width=\"300\" height=\"225\" src=\"https:\/\/webdelmaestrocmf.com\/portal\/wp-content\/uploads\/2023\/11\/A12B3C4D-4-1-300x225.jpg\" class=\"attachment-pk-thumbnail size-pk-thumbnail wp-post-image\" alt=\"Gamificaci\u00f3n en el aula\" \/>\t\t\t\t\t\t\t\t<\/a>\n\t\t\t\t\t\t\t<\/div>\n\t\t\t\t\t\t<\/div>\n\t\t\t\t\t<\/div>\n\t\t\t\t<\/div>\n\t\t\t\t\n\t\t\t\t<div class=\"pk-post-inner\">\n\t\t\t\t\t<header>\n\t\t\t\t\t\t<h3 class=\"pk-title\"><a href=\"https:\/\/webdelmaestrocmf.com\/portal\/juan-carlos-monsalve-gamificacion-en-el-aula-el-uso-de-la-ia-para-enriquecer-la-experiencia-de-aprendizaje\/\" rel=\"bookmark\">[Juan Carlos Monsalve] Gamificaci\u00f3n en el aula: el uso de la IA para enriquecer la experiencia de aprendizaje<\/a><\/h3>\t\t\t\t\t<\/header><!-- .entry-header -->\n\t\t\t\t<\/div><!-- .post-inner -->\n\n\t\t\t<\/div><!-- .post-outer -->\n\t\t<\/article>\n\t\t\t<article id=\"post-89370\" class=\"post-89370 post type-post status-publish format-standard has-post-thumbnail category-colaborador_juan_carlos_monsalve category-colaborador tag-educacion tag-educativo tag-ia tag-importancia tag-juan-carlos-monsalve tag-proceso tag-tic cs-entry cs-video-wrap\">\n\t\t\t<div class=\"pk-post-outer\">\n\n\t\t\t\t\t\t\t\t<div class=\"pk-post-inner\">\n\t\t\t\t\t<div class=\"entry-thumbnail\">\n\t\t\t\t\t\t<div class=\"pk-overlay pk-overlay-ratio pk-ratio-landscape\">\n\t\t\t\t\t\t\t<div class=\"pk-overlay-background\">\n\t\t\t\t\t\t\t\t<a href=\"https:\/\/webdelmaestrocmf.com\/portal\/juan-carlos-monsalve-las-tic-y-la-ia-en-la-educacion-importancia-en-el-proceso-educativo\/\" class=\"pk-overlay-link\">\n\t\t\t\t\t\t\t\t\t<img loading=\"lazy\" decoding=\"async\" width=\"300\" height=\"225\" src=\"https:\/\/webdelmaestrocmf.com\/portal\/wp-content\/uploads\/2023\/05\/A12B3C4D-18-300x225.jpg\" class=\"attachment-pk-thumbnail size-pk-thumbnail wp-post-image\" alt=\"\" \/>\t\t\t\t\t\t\t\t<\/a>\n\t\t\t\t\t\t\t<\/div>\n\t\t\t\t\t\t<\/div>\n\t\t\t\t\t<\/div>\n\t\t\t\t<\/div>\n\t\t\t\t\n\t\t\t\t<div class=\"pk-post-inner\">\n\t\t\t\t\t<header>\n\t\t\t\t\t\t<h3 class=\"pk-title\"><a href=\"https:\/\/webdelmaestrocmf.com\/portal\/juan-carlos-monsalve-las-tic-y-la-ia-en-la-educacion-importancia-en-el-proceso-educativo\/\" rel=\"bookmark\">[Juan Carlos Monsalve] Las TIC y la IA en la educaci\u00f3n: importancia en el proceso educativo<\/a><\/h3>\t\t\t\t\t<\/header><!-- .entry-header -->\n\t\t\t\t<\/div><!-- .post-inner -->\n\n\t\t\t<\/div><!-- .post-outer -->\n\t\t<\/article>\n\t\t\t\t<\/div>\n\t\t<\/div>\n\t\t\n","protected":false},"excerpt":{"rendered":"Se parte de la premisa de que las tecnolog\u00edas de la informaci\u00f3n y la comunicaci\u00f3n (TIC) son recursos&hellip;","protected":false},"author":1,"featured_media":102786,"comment_status":"open","ping_status":"closed","sticky":false,"template":"","format":"standard","meta":{"csco_display_header_overlay":false,"csco_singular_sidebar":"","csco_page_header_type":"","csco_page_load_nextpost":"","csco_post_video_location":[],"csco_post_video_location_hash":"","csco_post_video_url":"","csco_post_video_bg_start_time":0,"csco_post_video_bg_end_time":0,"csco_post_video_bg_volume":false,"_jetpack_memberships_contains_paid_content":false,"footnotes":""},"categories":[15043,1790],"tags":[634,52,314,751,23335,3151,16296,6485],"class_list":{"0":"post-102785","1":"post","2":"type-post","3":"status-publish","4":"format-standard","5":"has-post-thumbnail","7":"category-colaborador_juan_carlos_monsalve","8":"category-colaborador","9":"tag-clases","10":"tag-docente","11":"tag-escolares","12":"tag-herramientas","13":"tag-incorporacion","14":"tag-integracion","15":"tag-juan-carlos-monsalve","16":"tag-tecnologica","17":"cs-entry","18":"cs-video-wrap"},"yoast_head":"<!-- This site is optimized with the Yoast SEO plugin v27.5 - https:\/\/yoast.com\/product\/yoast-seo-wordpress\/ -->\n<title>[Juan Carlos Monsalve] Incorporaci\u00f3n de herramientas tecnol\u00f3gicas en el quehacer docente y su integraci\u00f3n en las clases escolares - 2026<\/title>\n<meta name=\"description\" content=\"Se parte de la premisa de que las tecnolog\u00edas de la informaci\u00f3n y la comunicaci\u00f3n (TIC) son recursos que pueden mejorar la calidad...\" \/>\n<meta name=\"robots\" content=\"index, follow, max-snippet:-1, max-image-preview:large, max-video-preview:-1\" \/>\n<link rel=\"canonical\" href=\"https:\/\/webdelmaestrocmf.com\/portal\/juan-carlos-monsalve-incorporacion-de-herramientas-tecnologicas-en-el-quehacer-docente-y-su-integracion-en-las-clases-escolares\/\" \/>\n<meta property=\"og:locale\" content=\"es_ES\" \/>\n<meta property=\"og:type\" content=\"article\" \/>\n<meta property=\"og:title\" content=\"[Juan Carlos Monsalve] Incorporaci\u00f3n de herramientas tecnol\u00f3gicas en el quehacer docente y su integraci\u00f3n en las clases escolares - 2026\" \/>\n<meta property=\"og:description\" content=\"Se parte de la premisa de que las tecnolog\u00edas de la informaci\u00f3n y la comunicaci\u00f3n (TIC) son recursos que pueden mejorar la calidad...\" \/>\n<meta property=\"og:url\" content=\"https:\/\/webdelmaestrocmf.com\/portal\/juan-carlos-monsalve-incorporacion-de-herramientas-tecnologicas-en-el-quehacer-docente-y-su-integracion-en-las-clases-escolares\/\" \/>\n<meta property=\"og:site_name\" content=\"Web del Maestro CMF\" \/>\n<meta property=\"article:publisher\" content=\"https:\/\/www.facebook.com\/WebdelMaestroCMF\/\" \/>\n<meta property=\"article:author\" content=\"https:\/\/www.facebook.com\/WebdelMaestroCMF\/\" \/>\n<meta property=\"article:published_time\" content=\"2024-01-18T23:39:48+00:00\" \/>\n<meta property=\"article:modified_time\" content=\"2024-01-18T23:41:49+00:00\" \/>\n<meta property=\"og:image\" content=\"https:\/\/webdelmaestrocmf.com\/portal\/wp-content\/uploads\/2024\/01\/Banner-1-portada-imagen-10-30.jpg\" \/>\n\t<meta property=\"og:image:width\" content=\"1024\" \/>\n\t<meta property=\"og:image:height\" content=\"1024\" \/>\n\t<meta property=\"og:image:type\" content=\"image\/jpeg\" \/>\n<meta name=\"author\" content=\"Web del Maestro CMF\" \/>\n<meta name=\"twitter:card\" content=\"summary_large_image\" \/>\n<meta name=\"twitter:creator\" content=\"@cmf_w\" \/>\n<meta name=\"twitter:site\" content=\"@cmf_w\" \/>\n<script type=\"application\/ld+json\" class=\"yoast-schema-graph\">{\"@context\":\"https:\\\/\\\/schema.org\",\"@graph\":[{\"@type\":\"ScholarlyArticle\",\"@id\":\"https:\\\/\\\/webdelmaestrocmf.com\\\/portal\\\/juan-carlos-monsalve-incorporacion-de-herramientas-tecnologicas-en-el-quehacer-docente-y-su-integracion-en-las-clases-escolares\\\/#article\",\"isPartOf\":{\"@id\":\"https:\\\/\\\/webdelmaestrocmf.com\\\/portal\\\/juan-carlos-monsalve-incorporacion-de-herramientas-tecnologicas-en-el-quehacer-docente-y-su-integracion-en-las-clases-escolares\\\/\"},\"author\":{\"name\":\"Web del Maestro CMF\",\"@id\":\"https:\\\/\\\/webdelmaestrocmf.com\\\/portal\\\/#\\\/schema\\\/person\\\/1072a2ed7bd960df8ef99a551fa35dc5\"},\"headline\":\"[Juan Carlos Monsalve] Incorporaci\u00f3n de herramientas tecnol\u00f3gicas en el quehacer docente y su integraci\u00f3n en las clases escolares\",\"datePublished\":\"2024-01-18T23:39:48+00:00\",\"dateModified\":\"2024-01-18T23:41:49+00:00\",\"mainEntityOfPage\":{\"@id\":\"https:\\\/\\\/webdelmaestrocmf.com\\\/portal\\\/juan-carlos-monsalve-incorporacion-de-herramientas-tecnologicas-en-el-quehacer-docente-y-su-integracion-en-las-clases-escolares\\\/\"},\"wordCount\":718,\"commentCount\":0,\"publisher\":{\"@id\":\"https:\\\/\\\/webdelmaestrocmf.com\\\/portal\\\/#organization\"},\"image\":{\"@id\":\"https:\\\/\\\/webdelmaestrocmf.com\\\/portal\\\/juan-carlos-monsalve-incorporacion-de-herramientas-tecnologicas-en-el-quehacer-docente-y-su-integracion-en-las-clases-escolares\\\/#primaryimage\"},\"thumbnailUrl\":\"https:\\\/\\\/webdelmaestrocmf.com\\\/portal\\\/wp-content\\\/uploads\\\/2024\\\/01\\\/Banner-1-portada-imagen-10-30.jpg\",\"keywords\":[\"clases\",\"DOCENTE\",\"ESCOLARES\",\"herramientas\",\"Incorporaci\u00f3n\",\"INTEGRACI\u00d3N\",\"Juan Carlos Monsalve\",\"tecnol\u00f3gica\"],\"articleSection\":[\"Z-Colaborador_Juan_Carlos_Monsalve\",\"Z-Colaboradores\"],\"inLanguage\":\"es\",\"potentialAction\":[{\"@type\":\"CommentAction\",\"name\":\"Comment\",\"target\":[\"https:\\\/\\\/webdelmaestrocmf.com\\\/portal\\\/juan-carlos-monsalve-incorporacion-de-herramientas-tecnologicas-en-el-quehacer-docente-y-su-integracion-en-las-clases-escolares\\\/#respond\"]}]},{\"@type\":\"WebPage\",\"@id\":\"https:\\\/\\\/webdelmaestrocmf.com\\\/portal\\\/juan-carlos-monsalve-incorporacion-de-herramientas-tecnologicas-en-el-quehacer-docente-y-su-integracion-en-las-clases-escolares\\\/\",\"url\":\"https:\\\/\\\/webdelmaestrocmf.com\\\/portal\\\/juan-carlos-monsalve-incorporacion-de-herramientas-tecnologicas-en-el-quehacer-docente-y-su-integracion-en-las-clases-escolares\\\/\",\"name\":\"[Juan Carlos Monsalve] Incorporaci\u00f3n de herramientas tecnol\u00f3gicas en el quehacer docente y su integraci\u00f3n en las clases escolares - 2026\",\"isPartOf\":{\"@id\":\"https:\\\/\\\/webdelmaestrocmf.com\\\/portal\\\/#website\"},\"primaryImageOfPage\":{\"@id\":\"https:\\\/\\\/webdelmaestrocmf.com\\\/portal\\\/juan-carlos-monsalve-incorporacion-de-herramientas-tecnologicas-en-el-quehacer-docente-y-su-integracion-en-las-clases-escolares\\\/#primaryimage\"},\"image\":{\"@id\":\"https:\\\/\\\/webdelmaestrocmf.com\\\/portal\\\/juan-carlos-monsalve-incorporacion-de-herramientas-tecnologicas-en-el-quehacer-docente-y-su-integracion-en-las-clases-escolares\\\/#primaryimage\"},\"thumbnailUrl\":\"https:\\\/\\\/webdelmaestrocmf.com\\\/portal\\\/wp-content\\\/uploads\\\/2024\\\/01\\\/Banner-1-portada-imagen-10-30.jpg\",\"datePublished\":\"2024-01-18T23:39:48+00:00\",\"dateModified\":\"2024-01-18T23:41:49+00:00\",\"description\":\"Se parte de la premisa de que las tecnolog\u00edas de la informaci\u00f3n y la comunicaci\u00f3n (TIC) son recursos que pueden mejorar la calidad...\",\"breadcrumb\":{\"@id\":\"https:\\\/\\\/webdelmaestrocmf.com\\\/portal\\\/juan-carlos-monsalve-incorporacion-de-herramientas-tecnologicas-en-el-quehacer-docente-y-su-integracion-en-las-clases-escolares\\\/#breadcrumb\"},\"inLanguage\":\"es\",\"potentialAction\":[{\"@type\":\"ReadAction\",\"target\":[\"https:\\\/\\\/webdelmaestrocmf.com\\\/portal\\\/juan-carlos-monsalve-incorporacion-de-herramientas-tecnologicas-en-el-quehacer-docente-y-su-integracion-en-las-clases-escolares\\\/\"]}]},{\"@type\":\"ImageObject\",\"inLanguage\":\"es\",\"@id\":\"https:\\\/\\\/webdelmaestrocmf.com\\\/portal\\\/juan-carlos-monsalve-incorporacion-de-herramientas-tecnologicas-en-el-quehacer-docente-y-su-integracion-en-las-clases-escolares\\\/#primaryimage\",\"url\":\"https:\\\/\\\/webdelmaestrocmf.com\\\/portal\\\/wp-content\\\/uploads\\\/2024\\\/01\\\/Banner-1-portada-imagen-10-30.jpg\",\"contentUrl\":\"https:\\\/\\\/webdelmaestrocmf.com\\\/portal\\\/wp-content\\\/uploads\\\/2024\\\/01\\\/Banner-1-portada-imagen-10-30.jpg\",\"width\":1024,\"height\":1024,\"caption\":\"tecnol\u00f3gicas\"},{\"@type\":\"BreadcrumbList\",\"@id\":\"https:\\\/\\\/webdelmaestrocmf.com\\\/portal\\\/juan-carlos-monsalve-incorporacion-de-herramientas-tecnologicas-en-el-quehacer-docente-y-su-integracion-en-las-clases-escolares\\\/#breadcrumb\",\"itemListElement\":[{\"@type\":\"ListItem\",\"position\":1,\"name\":\"Portada\",\"item\":\"https:\\\/\\\/webdelmaestrocmf.com\\\/portal\\\/\"},{\"@type\":\"ListItem\",\"position\":2,\"name\":\"Z-Colaboradores\",\"item\":\"https:\\\/\\\/webdelmaestrocmf.com\\\/portal\\\/category\\\/colaborador\\\/\"},{\"@type\":\"ListItem\",\"position\":3,\"name\":\"[Juan Carlos Monsalve] Incorporaci\u00f3n de herramientas tecnol\u00f3gicas en el quehacer docente y su integraci\u00f3n en las clases escolares\"}]},{\"@type\":\"WebSite\",\"@id\":\"https:\\\/\\\/webdelmaestrocmf.com\\\/portal\\\/#website\",\"url\":\"https:\\\/\\\/webdelmaestrocmf.com\\\/portal\\\/\",\"name\":\"Web del Maestro CMF\",\"description\":\"Maestros al servicio de la educaci\u00f3n\",\"publisher\":{\"@id\":\"https:\\\/\\\/webdelmaestrocmf.com\\\/portal\\\/#organization\"},\"alternateName\":\"WMCMF\",\"potentialAction\":[{\"@type\":\"SearchAction\",\"target\":{\"@type\":\"EntryPoint\",\"urlTemplate\":\"https:\\\/\\\/webdelmaestrocmf.com\\\/portal\\\/?s={search_term_string}\"},\"query-input\":{\"@type\":\"PropertyValueSpecification\",\"valueRequired\":true,\"valueName\":\"search_term_string\"}}],\"inLanguage\":\"es\"},{\"@type\":\"Organization\",\"@id\":\"https:\\\/\\\/webdelmaestrocmf.com\\\/portal\\\/#organization\",\"name\":\"Web del Maestro CMF\",\"alternateName\":\"WMCMF\",\"url\":\"https:\\\/\\\/webdelmaestrocmf.com\\\/portal\\\/\",\"logo\":{\"@type\":\"ImageObject\",\"inLanguage\":\"es\",\"@id\":\"https:\\\/\\\/webdelmaestrocmf.com\\\/portal\\\/#\\\/schema\\\/logo\\\/image\\\/\",\"url\":\"https:\\\/\\\/webdelmaestrocmf.com\\\/portal\\\/wp-content\\\/uploads\\\/2023\\\/01\\\/logo-wmcmf-2.png\",\"contentUrl\":\"https:\\\/\\\/webdelmaestrocmf.com\\\/portal\\\/wp-content\\\/uploads\\\/2023\\\/01\\\/logo-wmcmf-2.png\",\"width\":200,\"height\":60,\"caption\":\"Web del Maestro CMF\"},\"image\":{\"@id\":\"https:\\\/\\\/webdelmaestrocmf.com\\\/portal\\\/#\\\/schema\\\/logo\\\/image\\\/\"},\"sameAs\":[\"https:\\\/\\\/www.facebook.com\\\/WebdelMaestroCMF\\\/\",\"https:\\\/\\\/x.com\\\/cmf_w\",\"https:\\\/\\\/www.pinterest.com\\\/WMCMF\\\/\",\"https:\\\/\\\/www.linkedin.com\\\/company\\\/web-del-maestro-cmf\\\/\",\"https:\\\/\\\/www.instagram.com\\\/wmcmf\\\/\",\"https:\\\/\\\/www.youtube.com\\\/channel\\\/UCDPSvjbdodE5sHnC3OxutHw\",\"https:\\\/\\\/mastodon.social\\\/@wmcmf\",\"https:\\\/\\\/www.tiktok.com\\\/@webdelmaestrocmf\"]},{\"@type\":\"Person\",\"@id\":\"https:\\\/\\\/webdelmaestrocmf.com\\\/portal\\\/#\\\/schema\\\/person\\\/1072a2ed7bd960df8ef99a551fa35dc5\",\"name\":\"Web del Maestro CMF\",\"image\":{\"@type\":\"ImageObject\",\"inLanguage\":\"es\",\"@id\":\"https:\\\/\\\/secure.gravatar.com\\\/avatar\\\/23291dd5b5ae1077dcff3dbb04c3e02bd28403fa75af6d8787d5e97c5bbbe30b?s=96&d=mm&r=g\",\"url\":\"https:\\\/\\\/secure.gravatar.com\\\/avatar\\\/23291dd5b5ae1077dcff3dbb04c3e02bd28403fa75af6d8787d5e97c5bbbe30b?s=96&d=mm&r=g\",\"contentUrl\":\"https:\\\/\\\/secure.gravatar.com\\\/avatar\\\/23291dd5b5ae1077dcff3dbb04c3e02bd28403fa75af6d8787d5e97c5bbbe30b?s=96&d=mm&r=g\",\"caption\":\"Web del Maestro CMF\"},\"description\":\"Esta Web se cre\u00f3 sin fines de lucro, con fines educativos, cient\u00edficos y acad\u00e9micos, para personas que tengan dificultades y\\\/o inconvenientes en visualizar el material original. El objetivo es entregar recursos, compartir experiencias y materiales que ayuden a los padres de familia, maestros y estudiantes en su actualizaci\u00f3n y formaci\u00f3n permanente, en bien de la Educaci\u00f3n.\",\"sameAs\":[\"http:\\\/\\\/webdelmaestrocmf.com\\\/portal\",\"https:\\\/\\\/www.facebook.com\\\/WebdelMaestroCMF\\\/\",\"https:\\\/\\\/www.instagram.com\\\/wmcmf\\\/\",\"https:\\\/\\\/cl.linkedin.com\\\/company\\\/web-del-maestro-cmf\",\"https:\\\/\\\/www.pinterest.com\\\/WMCMF\\\/publicaciones\\\/\",\"https:\\\/\\\/x.com\\\/cmf_w\",\"https:\\\/\\\/www.youtube.com\\\/@WMCMF\"]}]}<\/script>\n<!-- \/ Yoast SEO plugin. -->","yoast_head_json":{"title":"[Juan Carlos Monsalve] Incorporaci\u00f3n de herramientas tecnol\u00f3gicas en el quehacer docente y su integraci\u00f3n en las clases escolares - 2026","description":"Se parte de la premisa de que las tecnolog\u00edas de la informaci\u00f3n y la comunicaci\u00f3n (TIC) son recursos que pueden mejorar la calidad...","robots":{"index":"index","follow":"follow","max-snippet":"max-snippet:-1","max-image-preview":"max-image-preview:large","max-video-preview":"max-video-preview:-1"},"canonical":"https:\/\/webdelmaestrocmf.com\/portal\/juan-carlos-monsalve-incorporacion-de-herramientas-tecnologicas-en-el-quehacer-docente-y-su-integracion-en-las-clases-escolares\/","og_locale":"es_ES","og_type":"article","og_title":"[Juan Carlos Monsalve] Incorporaci\u00f3n de herramientas tecnol\u00f3gicas en el quehacer docente y su integraci\u00f3n en las clases escolares - 2026","og_description":"Se parte de la premisa de que las tecnolog\u00edas de la informaci\u00f3n y la comunicaci\u00f3n (TIC) son recursos que pueden mejorar la calidad...","og_url":"https:\/\/webdelmaestrocmf.com\/portal\/juan-carlos-monsalve-incorporacion-de-herramientas-tecnologicas-en-el-quehacer-docente-y-su-integracion-en-las-clases-escolares\/","og_site_name":"Web del Maestro CMF","article_publisher":"https:\/\/www.facebook.com\/WebdelMaestroCMF\/","article_author":"https:\/\/www.facebook.com\/WebdelMaestroCMF\/","article_published_time":"2024-01-18T23:39:48+00:00","article_modified_time":"2024-01-18T23:41:49+00:00","og_image":[{"width":1024,"height":1024,"url":"https:\/\/webdelmaestrocmf.com\/portal\/wp-content\/uploads\/2024\/01\/Banner-1-portada-imagen-10-30.jpg","type":"image\/jpeg"}],"author":"Web del Maestro CMF","twitter_card":"summary_large_image","twitter_creator":"@cmf_w","twitter_site":"@cmf_w","schema":{"@context":"https:\/\/schema.org","@graph":[{"@type":"ScholarlyArticle","@id":"https:\/\/webdelmaestrocmf.com\/portal\/juan-carlos-monsalve-incorporacion-de-herramientas-tecnologicas-en-el-quehacer-docente-y-su-integracion-en-las-clases-escolares\/#article","isPartOf":{"@id":"https:\/\/webdelmaestrocmf.com\/portal\/juan-carlos-monsalve-incorporacion-de-herramientas-tecnologicas-en-el-quehacer-docente-y-su-integracion-en-las-clases-escolares\/"},"author":{"name":"Web del Maestro CMF","@id":"https:\/\/webdelmaestrocmf.com\/portal\/#\/schema\/person\/1072a2ed7bd960df8ef99a551fa35dc5"},"headline":"[Juan Carlos Monsalve] Incorporaci\u00f3n de herramientas tecnol\u00f3gicas en el quehacer docente y su integraci\u00f3n en las clases escolares","datePublished":"2024-01-18T23:39:48+00:00","dateModified":"2024-01-18T23:41:49+00:00","mainEntityOfPage":{"@id":"https:\/\/webdelmaestrocmf.com\/portal\/juan-carlos-monsalve-incorporacion-de-herramientas-tecnologicas-en-el-quehacer-docente-y-su-integracion-en-las-clases-escolares\/"},"wordCount":718,"commentCount":0,"publisher":{"@id":"https:\/\/webdelmaestrocmf.com\/portal\/#organization"},"image":{"@id":"https:\/\/webdelmaestrocmf.com\/portal\/juan-carlos-monsalve-incorporacion-de-herramientas-tecnologicas-en-el-quehacer-docente-y-su-integracion-en-las-clases-escolares\/#primaryimage"},"thumbnailUrl":"https:\/\/webdelmaestrocmf.com\/portal\/wp-content\/uploads\/2024\/01\/Banner-1-portada-imagen-10-30.jpg","keywords":["clases","DOCENTE","ESCOLARES","herramientas","Incorporaci\u00f3n","INTEGRACI\u00d3N","Juan Carlos Monsalve","tecnol\u00f3gica"],"articleSection":["Z-Colaborador_Juan_Carlos_Monsalve","Z-Colaboradores"],"inLanguage":"es","potentialAction":[{"@type":"CommentAction","name":"Comment","target":["https:\/\/webdelmaestrocmf.com\/portal\/juan-carlos-monsalve-incorporacion-de-herramientas-tecnologicas-en-el-quehacer-docente-y-su-integracion-en-las-clases-escolares\/#respond"]}]},{"@type":"WebPage","@id":"https:\/\/webdelmaestrocmf.com\/portal\/juan-carlos-monsalve-incorporacion-de-herramientas-tecnologicas-en-el-quehacer-docente-y-su-integracion-en-las-clases-escolares\/","url":"https:\/\/webdelmaestrocmf.com\/portal\/juan-carlos-monsalve-incorporacion-de-herramientas-tecnologicas-en-el-quehacer-docente-y-su-integracion-en-las-clases-escolares\/","name":"[Juan Carlos Monsalve] Incorporaci\u00f3n de herramientas tecnol\u00f3gicas en el quehacer docente y su integraci\u00f3n en las clases escolares - 2026","isPartOf":{"@id":"https:\/\/webdelmaestrocmf.com\/portal\/#website"},"primaryImageOfPage":{"@id":"https:\/\/webdelmaestrocmf.com\/portal\/juan-carlos-monsalve-incorporacion-de-herramientas-tecnologicas-en-el-quehacer-docente-y-su-integracion-en-las-clases-escolares\/#primaryimage"},"image":{"@id":"https:\/\/webdelmaestrocmf.com\/portal\/juan-carlos-monsalve-incorporacion-de-herramientas-tecnologicas-en-el-quehacer-docente-y-su-integracion-en-las-clases-escolares\/#primaryimage"},"thumbnailUrl":"https:\/\/webdelmaestrocmf.com\/portal\/wp-content\/uploads\/2024\/01\/Banner-1-portada-imagen-10-30.jpg","datePublished":"2024-01-18T23:39:48+00:00","dateModified":"2024-01-18T23:41:49+00:00","description":"Se parte de la premisa de que las tecnolog\u00edas de la informaci\u00f3n y la comunicaci\u00f3n (TIC) son recursos que pueden mejorar la calidad...","breadcrumb":{"@id":"https:\/\/webdelmaestrocmf.com\/portal\/juan-carlos-monsalve-incorporacion-de-herramientas-tecnologicas-en-el-quehacer-docente-y-su-integracion-en-las-clases-escolares\/#breadcrumb"},"inLanguage":"es","potentialAction":[{"@type":"ReadAction","target":["https:\/\/webdelmaestrocmf.com\/portal\/juan-carlos-monsalve-incorporacion-de-herramientas-tecnologicas-en-el-quehacer-docente-y-su-integracion-en-las-clases-escolares\/"]}]},{"@type":"ImageObject","inLanguage":"es","@id":"https:\/\/webdelmaestrocmf.com\/portal\/juan-carlos-monsalve-incorporacion-de-herramientas-tecnologicas-en-el-quehacer-docente-y-su-integracion-en-las-clases-escolares\/#primaryimage","url":"https:\/\/webdelmaestrocmf.com\/portal\/wp-content\/uploads\/2024\/01\/Banner-1-portada-imagen-10-30.jpg","contentUrl":"https:\/\/webdelmaestrocmf.com\/portal\/wp-content\/uploads\/2024\/01\/Banner-1-portada-imagen-10-30.jpg","width":1024,"height":1024,"caption":"tecnol\u00f3gicas"},{"@type":"BreadcrumbList","@id":"https:\/\/webdelmaestrocmf.com\/portal\/juan-carlos-monsalve-incorporacion-de-herramientas-tecnologicas-en-el-quehacer-docente-y-su-integracion-en-las-clases-escolares\/#breadcrumb","itemListElement":[{"@type":"ListItem","position":1,"name":"Portada","item":"https:\/\/webdelmaestrocmf.com\/portal\/"},{"@type":"ListItem","position":2,"name":"Z-Colaboradores","item":"https:\/\/webdelmaestrocmf.com\/portal\/category\/colaborador\/"},{"@type":"ListItem","position":3,"name":"[Juan Carlos Monsalve] Incorporaci\u00f3n de herramientas tecnol\u00f3gicas en el quehacer docente y su integraci\u00f3n en las clases escolares"}]},{"@type":"WebSite","@id":"https:\/\/webdelmaestrocmf.com\/portal\/#website","url":"https:\/\/webdelmaestrocmf.com\/portal\/","name":"Web del Maestro CMF","description":"Maestros al servicio de la educaci\u00f3n","publisher":{"@id":"https:\/\/webdelmaestrocmf.com\/portal\/#organization"},"alternateName":"WMCMF","potentialAction":[{"@type":"SearchAction","target":{"@type":"EntryPoint","urlTemplate":"https:\/\/webdelmaestrocmf.com\/portal\/?s={search_term_string}"},"query-input":{"@type":"PropertyValueSpecification","valueRequired":true,"valueName":"search_term_string"}}],"inLanguage":"es"},{"@type":"Organization","@id":"https:\/\/webdelmaestrocmf.com\/portal\/#organization","name":"Web del Maestro CMF","alternateName":"WMCMF","url":"https:\/\/webdelmaestrocmf.com\/portal\/","logo":{"@type":"ImageObject","inLanguage":"es","@id":"https:\/\/webdelmaestrocmf.com\/portal\/#\/schema\/logo\/image\/","url":"https:\/\/webdelmaestrocmf.com\/portal\/wp-content\/uploads\/2023\/01\/logo-wmcmf-2.png","contentUrl":"https:\/\/webdelmaestrocmf.com\/portal\/wp-content\/uploads\/2023\/01\/logo-wmcmf-2.png","width":200,"height":60,"caption":"Web del Maestro CMF"},"image":{"@id":"https:\/\/webdelmaestrocmf.com\/portal\/#\/schema\/logo\/image\/"},"sameAs":["https:\/\/www.facebook.com\/WebdelMaestroCMF\/","https:\/\/x.com\/cmf_w","https:\/\/www.pinterest.com\/WMCMF\/","https:\/\/www.linkedin.com\/company\/web-del-maestro-cmf\/","https:\/\/www.instagram.com\/wmcmf\/","https:\/\/www.youtube.com\/channel\/UCDPSvjbdodE5sHnC3OxutHw","https:\/\/mastodon.social\/@wmcmf","https:\/\/www.tiktok.com\/@webdelmaestrocmf"]},{"@type":"Person","@id":"https:\/\/webdelmaestrocmf.com\/portal\/#\/schema\/person\/1072a2ed7bd960df8ef99a551fa35dc5","name":"Web del Maestro CMF","image":{"@type":"ImageObject","inLanguage":"es","@id":"https:\/\/secure.gravatar.com\/avatar\/23291dd5b5ae1077dcff3dbb04c3e02bd28403fa75af6d8787d5e97c5bbbe30b?s=96&d=mm&r=g","url":"https:\/\/secure.gravatar.com\/avatar\/23291dd5b5ae1077dcff3dbb04c3e02bd28403fa75af6d8787d5e97c5bbbe30b?s=96&d=mm&r=g","contentUrl":"https:\/\/secure.gravatar.com\/avatar\/23291dd5b5ae1077dcff3dbb04c3e02bd28403fa75af6d8787d5e97c5bbbe30b?s=96&d=mm&r=g","caption":"Web del Maestro CMF"},"description":"Esta Web se cre\u00f3 sin fines de lucro, con fines educativos, cient\u00edficos y acad\u00e9micos, para personas que tengan dificultades y\/o inconvenientes en visualizar el material original. El objetivo es entregar recursos, compartir experiencias y materiales que ayuden a los padres de familia, maestros y estudiantes en su actualizaci\u00f3n y formaci\u00f3n permanente, en bien de la Educaci\u00f3n.","sameAs":["http:\/\/webdelmaestrocmf.com\/portal","https:\/\/www.facebook.com\/WebdelMaestroCMF\/","https:\/\/www.instagram.com\/wmcmf\/","https:\/\/cl.linkedin.com\/company\/web-del-maestro-cmf","https:\/\/www.pinterest.com\/WMCMF\/publicaciones\/","https:\/\/x.com\/cmf_w","https:\/\/www.youtube.com\/@WMCMF"]}]}},"jetpack_featured_media_url":"https:\/\/webdelmaestrocmf.com\/portal\/wp-content\/uploads\/2024\/01\/Banner-1-portada-imagen-10-30.jpg","jetpack_sharing_enabled":true,"jetpack-related-posts":[{"id":89370,"url":"https:\/\/webdelmaestrocmf.com\/portal\/juan-carlos-monsalve-las-tic-y-la-ia-en-la-educacion-importancia-en-el-proceso-educativo\/","url_meta":{"origin":102785,"position":0},"title":"[Juan Carlos Monsalve] Las TIC y la IA en la educaci\u00f3n: importancia en el proceso educativo","author":"Web del Maestro CMF","date":"24 mayo, 2023","format":false,"excerpt":"En la actualidad, las Tecnolog\u00edas de la Informaci\u00f3n y Comunicaci\u00f3n (TIC) y la Inteligencia Artificial (IA) desempe\u00f1an un papel fundamental en el \u00e1mbito educativo al mejorar el proceso de ense\u00f1anza y aprendizaje. Estas tecnolog\u00edas han revolucionado la forma en que accedemos a la informaci\u00f3n, interactuamos con el conocimiento y personalizamos\u2026","rel":"","context":"En \u00abZ-Colaborador_Juan_Carlos_Monsalve\u00bb","block_context":{"text":"Z-Colaborador_Juan_Carlos_Monsalve","link":"https:\/\/webdelmaestrocmf.com\/portal\/category\/colaborador\/colaborador_juan_carlos_monsalve\/"},"img":{"alt_text":"","src":"https:\/\/i0.wp.com\/webdelmaestrocmf.com\/portal\/wp-content\/uploads\/2023\/05\/A12B3C4D-18.jpg?resize=350%2C200&ssl=1","width":350,"height":200,"srcset":"https:\/\/i0.wp.com\/webdelmaestrocmf.com\/portal\/wp-content\/uploads\/2023\/05\/A12B3C4D-18.jpg?resize=350%2C200&ssl=1 1x, https:\/\/i0.wp.com\/webdelmaestrocmf.com\/portal\/wp-content\/uploads\/2023\/05\/A12B3C4D-18.jpg?resize=525%2C300&ssl=1 1.5x, https:\/\/i0.wp.com\/webdelmaestrocmf.com\/portal\/wp-content\/uploads\/2023\/05\/A12B3C4D-18.jpg?resize=700%2C400&ssl=1 2x"},"classes":[]},{"id":99472,"url":"https:\/\/webdelmaestrocmf.com\/portal\/juan-carlos-monsalve-gamificacion-en-el-aula-el-uso-de-la-ia-para-enriquecer-la-experiencia-de-aprendizaje\/","url_meta":{"origin":102785,"position":1},"title":"[Juan Carlos Monsalve] Gamificaci\u00f3n en el aula: el uso de la IA para enriquecer la experiencia de aprendizaje","author":"Web del Maestro CMF","date":"7 noviembre, 2023","format":false,"excerpt":"La educaci\u00f3n se encuentra en constante evoluci\u00f3n y adaptaci\u00f3n en un mundo cada vez m\u00e1s tecnol\u00f3gico. La gamificaci\u00f3n en el aula ha demostrado ser una estrategia efectiva para motivar e involucrar a los estudiantes en su proceso de aprendizaje. Esta metodolog\u00eda emplea elementos y mec\u00e1nicas propias de los juegos para\u2026","rel":"","context":"En \u00abZ-Colaborador_Juan_Carlos_Monsalve\u00bb","block_context":{"text":"Z-Colaborador_Juan_Carlos_Monsalve","link":"https:\/\/webdelmaestrocmf.com\/portal\/category\/colaborador\/colaborador_juan_carlos_monsalve\/"},"img":{"alt_text":"Gamificaci\u00f3n en el aula","src":"https:\/\/i0.wp.com\/webdelmaestrocmf.com\/portal\/wp-content\/uploads\/2023\/11\/A12B3C4D-4-1.jpg?resize=350%2C200&ssl=1","width":350,"height":200,"srcset":"https:\/\/i0.wp.com\/webdelmaestrocmf.com\/portal\/wp-content\/uploads\/2023\/11\/A12B3C4D-4-1.jpg?resize=350%2C200&ssl=1 1x, https:\/\/i0.wp.com\/webdelmaestrocmf.com\/portal\/wp-content\/uploads\/2023\/11\/A12B3C4D-4-1.jpg?resize=525%2C300&ssl=1 1.5x, https:\/\/i0.wp.com\/webdelmaestrocmf.com\/portal\/wp-content\/uploads\/2023\/11\/A12B3C4D-4-1.jpg?resize=700%2C400&ssl=1 2x"},"classes":[]},{"id":81867,"url":"https:\/\/webdelmaestrocmf.com\/portal\/juan-carlos-monsalve-lo-que-deben-aprender-hoy-los-estudiantes-para-ser-protagonistas-en-el-futuro\/","url_meta":{"origin":102785,"position":2},"title":"[Juan Carlos Monsalve] Lo que deben aprender hoy los estudiantes para ser protagonistas en el futuro","author":"Web del Maestro CMF","date":"30 diciembre, 2022","format":false,"excerpt":"En una sociedad din\u00e1mica y cambiante se hace imprescindible ense\u00f1ar a los estudiantes, el desarrollo de sus capacidades necesarias haciendo uso adecuado de la tecnolog\u00eda. Se hace imperativo el aprendizaje de las habilidades digitales que se est\u00e1n impulsando y consolidando en todos los campos del saber, as\u00ed como aumentar la\u2026","rel":"","context":"En \u00abZ-Colaborador_Juan_Carlos_Monsalve\u00bb","block_context":{"text":"Z-Colaborador_Juan_Carlos_Monsalve","link":"https:\/\/webdelmaestrocmf.com\/portal\/category\/colaborador\/colaborador_juan_carlos_monsalve\/"},"img":{"alt_text":"","src":"https:\/\/i0.wp.com\/webdelmaestrocmf.com\/portal\/wp-content\/uploads\/2022\/12\/1-23.jpg?resize=350%2C200&ssl=1","width":350,"height":200,"srcset":"https:\/\/i0.wp.com\/webdelmaestrocmf.com\/portal\/wp-content\/uploads\/2022\/12\/1-23.jpg?resize=350%2C200&ssl=1 1x, https:\/\/i0.wp.com\/webdelmaestrocmf.com\/portal\/wp-content\/uploads\/2022\/12\/1-23.jpg?resize=525%2C300&ssl=1 1.5x, https:\/\/i0.wp.com\/webdelmaestrocmf.com\/portal\/wp-content\/uploads\/2022\/12\/1-23.jpg?resize=700%2C400&ssl=1 2x"},"classes":[]},{"id":57891,"url":"https:\/\/webdelmaestrocmf.com\/portal\/20-herramientas-tic-imprescindibles-para-docentes\/","url_meta":{"origin":102785,"position":3},"title":"20 herramientas TIC imprescindibles para docentes","author":"Web del Maestro CMF","date":"17 enero, 2021","format":false,"excerpt":"Como dec\u00edamos en una publicaci\u00f3n anterior, el uso de nuevas herramientas digitales en el campo educativo, se debe mucho a la curiosidad propia del investigador educativo, a la creatividad y a la formaci\u00f3n autodidacta que los profesores tenemos. Ordinariamente sentimos que cada desaf\u00edo, cada crisis, cada problema, es tambi\u00e9n una\u2026","rel":"","context":"En \u00abTecnolog\u00eda\u00bb","block_context":{"text":"Tecnolog\u00eda","link":"https:\/\/webdelmaestrocmf.com\/portal\/category\/tecnologia\/"},"img":{"alt_text":"","src":"https:\/\/i0.wp.com\/webdelmaestrocmf.com\/portal\/wp-content\/uploads\/2021\/01\/1-128.jpg?resize=350%2C200&ssl=1","width":350,"height":200,"srcset":"https:\/\/i0.wp.com\/webdelmaestrocmf.com\/portal\/wp-content\/uploads\/2021\/01\/1-128.jpg?resize=350%2C200&ssl=1 1x, https:\/\/i0.wp.com\/webdelmaestrocmf.com\/portal\/wp-content\/uploads\/2021\/01\/1-128.jpg?resize=525%2C300&ssl=1 1.5x, https:\/\/i0.wp.com\/webdelmaestrocmf.com\/portal\/wp-content\/uploads\/2021\/01\/1-128.jpg?resize=700%2C400&ssl=1 2x, https:\/\/i0.wp.com\/webdelmaestrocmf.com\/portal\/wp-content\/uploads\/2021\/01\/1-128.jpg?resize=1050%2C600&ssl=1 3x"},"classes":[]},{"id":64663,"url":"https:\/\/webdelmaestrocmf.com\/portal\/docentes-integracion-de-las-tic\/","url_meta":{"origin":102785,"position":4},"title":"Docentes: Integraci\u00f3n de las TIC","author":"Web del Maestro CMF","date":"1 julio, 2021","format":false,"excerpt":"Explicaba Jon Leister (asesor de tecnolog\u00eda educativa en California) en\u00a0este v\u00eddeo de 2008\u00a0que ve\u00eda 3 fases al integrar la tecnolog\u00eda en educaci\u00f3n: Fase I: Uso de la tecnolog\u00eda para presentaci\u00f3n de contenidos (estudiante es receptor). Fase II: Uso de la tecnolog\u00eda para acceder a la informaci\u00f3n y resoluci\u00f3n de problemas\u2026","rel":"","context":"En \u00abRecursos\u00bb","block_context":{"text":"Recursos","link":"https:\/\/webdelmaestrocmf.com\/portal\/category\/pedagogia\/"},"img":{"alt_text":"","src":"https:\/\/i0.wp.com\/webdelmaestrocmf.com\/portal\/wp-content\/uploads\/2021\/07\/1-copia-3.jpg?resize=350%2C200&ssl=1","width":350,"height":200,"srcset":"https:\/\/i0.wp.com\/webdelmaestrocmf.com\/portal\/wp-content\/uploads\/2021\/07\/1-copia-3.jpg?resize=350%2C200&ssl=1 1x, https:\/\/i0.wp.com\/webdelmaestrocmf.com\/portal\/wp-content\/uploads\/2021\/07\/1-copia-3.jpg?resize=525%2C300&ssl=1 1.5x, https:\/\/i0.wp.com\/webdelmaestrocmf.com\/portal\/wp-content\/uploads\/2021\/07\/1-copia-3.jpg?resize=700%2C400&ssl=1 2x, https:\/\/i0.wp.com\/webdelmaestrocmf.com\/portal\/wp-content\/uploads\/2021\/07\/1-copia-3.jpg?resize=1050%2C600&ssl=1 3x"},"classes":[]},{"id":108199,"url":"https:\/\/webdelmaestrocmf.com\/portal\/deepseek-una-herramienta-de-inteligencia-artificial-para-docentes\/","url_meta":{"origin":102785,"position":5},"title":"DeepSeek: una herramienta de Inteligencia Artificial para docentes","author":"Web del Maestro CMF","date":"2 marzo, 2025","format":false,"excerpt":"La inteligencia artificial (IA) est\u00e1 revolucionando la educaci\u00f3n, y una de las herramientas m\u00e1s innovadoras es DeepSeek, un sistema de IA desarrollado en China que ofrece m\u00faltiples aplicaciones para el \u00e1mbito educativo. En este art\u00edculo, exploraremos sus funciones clave y c\u00f3mo los docentes pueden aprovechar su potencial en el aula.\u2026","rel":"","context":"En \u00abIA\u00bb","block_context":{"text":"IA","link":"https:\/\/webdelmaestrocmf.com\/portal\/category\/tecnologia\/ia\/"},"img":{"alt_text":"","src":"https:\/\/i0.wp.com\/webdelmaestrocmf.com\/portal\/wp-content\/uploads\/2025\/03\/1A-Banner-1-portada-imagen-10-1.jpg?resize=350%2C200&ssl=1","width":350,"height":200,"srcset":"https:\/\/i0.wp.com\/webdelmaestrocmf.com\/portal\/wp-content\/uploads\/2025\/03\/1A-Banner-1-portada-imagen-10-1.jpg?resize=350%2C200&ssl=1 1x, https:\/\/i0.wp.com\/webdelmaestrocmf.com\/portal\/wp-content\/uploads\/2025\/03\/1A-Banner-1-portada-imagen-10-1.jpg?resize=525%2C300&ssl=1 1.5x, https:\/\/i0.wp.com\/webdelmaestrocmf.com\/portal\/wp-content\/uploads\/2025\/03\/1A-Banner-1-portada-imagen-10-1.jpg?resize=700%2C400&ssl=1 2x"},"classes":[]}],"_links":{"self":[{"href":"https:\/\/webdelmaestrocmf.com\/portal\/wp-json\/wp\/v2\/posts\/102785","targetHints":{"allow":["GET"]}}],"collection":[{"href":"https:\/\/webdelmaestrocmf.com\/portal\/wp-json\/wp\/v2\/posts"}],"about":[{"href":"https:\/\/webdelmaestrocmf.com\/portal\/wp-json\/wp\/v2\/types\/post"}],"author":[{"embeddable":true,"href":"https:\/\/webdelmaestrocmf.com\/portal\/wp-json\/wp\/v2\/users\/1"}],"replies":[{"embeddable":true,"href":"https:\/\/webdelmaestrocmf.com\/portal\/wp-json\/wp\/v2\/comments?post=102785"}],"version-history":[{"count":0,"href":"https:\/\/webdelmaestrocmf.com\/portal\/wp-json\/wp\/v2\/posts\/102785\/revisions"}],"wp:featuredmedia":[{"embeddable":true,"href":"https:\/\/webdelmaestrocmf.com\/portal\/wp-json\/wp\/v2\/media\/102786"}],"wp:attachment":[{"href":"https:\/\/webdelmaestrocmf.com\/portal\/wp-json\/wp\/v2\/media?parent=102785"}],"wp:term":[{"taxonomy":"category","embeddable":true,"href":"https:\/\/webdelmaestrocmf.com\/portal\/wp-json\/wp\/v2\/categories?post=102785"},{"taxonomy":"post_tag","embeddable":true,"href":"https:\/\/webdelmaestrocmf.com\/portal\/wp-json\/wp\/v2\/tags?post=102785"}],"curies":[{"name":"wp","href":"https:\/\/api.w.org\/{rel}","templated":true}]}}