{"id":102696,"date":"2025-06-19T09:49:00","date_gmt":"2025-06-19T13:49:00","guid":{"rendered":"https:\/\/webdelmaestrocmf.com\/portal\/?p=102696"},"modified":"2025-08-10T21:27:10","modified_gmt":"2025-08-11T01:27:10","slug":"como-dar-una-clase-efectiva-consejos-para-docentes","status":"publish","type":"post","link":"https:\/\/webdelmaestrocmf.com\/portal\/como-dar-una-clase-efectiva-consejos-para-docentes\/","title":{"rendered":"C\u00f3mo dar una clase efectiva: consejos para docentes"},"content":{"rendered":"<p style=\"text-align: justify;\" data-sourcepos=\"3:1-3:187\"><strong>Planear y dar una clase efectiva no es una tarea sencilla; implica considerar numerosos aspectos que van desde las caracter\u00edsticas de los alumnos hasta el contexto y los recursos disponibles. Ya seas un experimentado docente o te est\u00e9s iniciando en esta noble profesi\u00f3n, siempre surgir\u00e1n dudas acerca de c\u00f3mo abordar el trabajo en el aula.<\/strong><!--more--><\/p>\n<p style=\"text-align: justify;\" data-sourcepos=\"3:1-3:187\">Los docentes que quieren dar clases efectivas deben tener en cuenta los siguientes consejos:<\/p>\n<p data-sourcepos=\"3:1-3:187\">Art\u00edculo relacionado:\u00a0<a href=\"https:\/\/webdelmaestrocmf.com\/portal\/4-pasos-para-montar-un-plan-de-clases-de-manera-rapida-y-eficaz\/\" target=\"_top\" rel=\"noopener\">4 pasos para montar un Plan de Clases de manera r\u00e1pida y eficaz<\/a><\/p>\n<h2 style=\"text-align: left;\"><strong>Antes de la Clase: Preparaci\u00f3n Integral<\/strong><\/h2>\n<p style=\"text-align: justify;\">Para garantizar una clase exitosa, es esencial realizar un trabajo constante antes, durante y despu\u00e9s de impartirla. Aqu\u00ed te ofrecemos algunos consejos clave para la fase previa:<\/p>\n<ol style=\"text-align: justify;\">\n<li><strong>Conoce a tus alumnos:<\/strong> Identifica las caracter\u00edsticas de desarrollo, estilos de aprendizaje, gustos e intereses de los estudiantes para orientar el dise\u00f1o de actividades adaptadas a sus necesidades.<\/li>\n<li><strong>Familiar\u00edzate con el contexto:<\/strong> Entender el entorno en el que viven los alumnos proporciona informaci\u00f3n valiosa para la planificaci\u00f3n did\u00e1ctica, enriqueciendo tu enfoque pedag\u00f3gico.<\/li>\n<li><strong>Considera el contexto escolar:<\/strong> Conoce los espacios y materiales de la escuela para integrarlos adecuadamente en tu planificaci\u00f3n did\u00e1ctica.<\/li>\n<li><strong>Revisa planes y programas de estudio:<\/strong> Comprende claramente los objetivos de aprendizaje, el enfoque y los prop\u00f3sitos curriculares para una planificaci\u00f3n efectiva.<\/li>\n<li><strong>Dise\u00f1a la planificaci\u00f3n did\u00e1ctica:<\/strong> Elabora tu plan teniendo en cuenta las necesidades de los alumnos, el contexto escolar, los programas de estudio y los recursos disponibles.<\/li>\n<\/ol>\n<p><img loading=\"lazy\" decoding=\"async\" class=\"alignnone size-full wp-image-102700\" src=\"https:\/\/webdelmaestrocmf.com\/portal\/wp-content\/uploads\/2024\/01\/Banner-1-portada-imagen-10-8.jpg\" alt=\"clase efectiva\" width=\"1024\" height=\"1024\" srcset=\"https:\/\/webdelmaestrocmf.com\/portal\/wp-content\/uploads\/2024\/01\/Banner-1-portada-imagen-10-8.jpg 1024w, https:\/\/webdelmaestrocmf.com\/portal\/wp-content\/uploads\/2024\/01\/Banner-1-portada-imagen-10-8-300x300.jpg 300w, https:\/\/webdelmaestrocmf.com\/portal\/wp-content\/uploads\/2024\/01\/Banner-1-portada-imagen-10-8-150x150.jpg 150w, https:\/\/webdelmaestrocmf.com\/portal\/wp-content\/uploads\/2024\/01\/Banner-1-portada-imagen-10-8-768x768.jpg 768w, https:\/\/webdelmaestrocmf.com\/portal\/wp-content\/uploads\/2024\/01\/Banner-1-portada-imagen-10-8-80x80.jpg 80w, https:\/\/webdelmaestrocmf.com\/portal\/wp-content\/uploads\/2024\/01\/Banner-1-portada-imagen-10-8-110x110.jpg 110w, https:\/\/webdelmaestrocmf.com\/portal\/wp-content\/uploads\/2024\/01\/Banner-1-portada-imagen-10-8-380x380.jpg 380w, https:\/\/webdelmaestrocmf.com\/portal\/wp-content\/uploads\/2024\/01\/Banner-1-portada-imagen-10-8-550x550.jpg 550w, https:\/\/webdelmaestrocmf.com\/portal\/wp-content\/uploads\/2024\/01\/Banner-1-portada-imagen-10-8-800x800.jpg 800w\" sizes=\"auto, (max-width: 1024px) 100vw, 1024px\" \/><\/p>\n<h2 style=\"text-align: left;\"><strong>Durante la Clase: Estrategias para el \u00c9xito<\/strong><\/h2>\n<p style=\"text-align: justify;\">Cuando est\u00e1s frente a tus alumnos, es crucial implementar estrategias efectivas para mantener su atenci\u00f3n e involucrarlos en el proceso de aprendizaje:<\/p>\n<ol style=\"text-align: justify;\">\n<li><strong>Plantea situaciones significativas:<\/strong> Crea desaf\u00edos acordes al tema, considerando los gustos e intereses de los alumnos para provocar conflicto cognitivo y estimular el pensamiento cr\u00edtico.<\/li>\n<li><strong>Comunica el prop\u00f3sito de la clase:<\/strong> Explica claramente los objetivos de aprendizaje y los criterios de evaluaci\u00f3n para que los estudiantes sepan qu\u00e9 se espera de ellos.<\/li>\n<li><strong>Motiva con actividades atractivas:<\/strong> Utiliza t\u00e9cnicas y juegos que inspiren a los alumnos a participar activamente y les den un motivo para aprender.<\/li>\n<li><strong>Recupera saberes previos:<\/strong> Identifica y utiliza los conocimientos previos de los estudiantes como punto de partida, prepar\u00e1ndolos para el nuevo contenido.<\/li>\n<li><strong>Proporciona una versi\u00f3n preliminar del tema:<\/strong> Introduce el tema de manera atractiva, ofreciendo una visi\u00f3n preliminar para despertar el inter\u00e9s.<\/li>\n<li><strong>Fomenta la investigaci\u00f3n:<\/strong> Incentiva la autonom\u00eda y la participaci\u00f3n activa de los estudiantes en su propio aprendizaje.<\/li>\n<li><strong>Variedad en estrategias y materiales:<\/strong> Implementa diversas estrategias, materiales y modalidades de trabajo para mantener el inter\u00e9s y la motivaci\u00f3n. Utiliza diferentes espacios adem\u00e1s del aula.<\/li>\n<li><strong>Acompa\u00f1amiento constante:<\/strong> Mantente cerca de los estudiantes durante las actividades para identificar dudas y realizar ajustes en tiempo real.<\/li>\n<li><strong>Retroalimentaci\u00f3n continua:<\/strong> Proporciona retroalimentaci\u00f3n, ya sea individual o grupal, fomentando la reflexi\u00f3n y el aprendizaje significativo.<\/li>\n<li><strong>Evaluaci\u00f3n constante:<\/strong> Implementa autoevaluaci\u00f3n, coevaluaci\u00f3n y heteroevaluaci\u00f3n con un enfoque formativo, contribuyendo al aprendizaje del estudiante y a la mejora continua del docente.<\/li>\n<\/ol>\n<h2 style=\"text-align: left;\"><strong>Despu\u00e9s de la Clase: Reflexi\u00f3n y Mejora Continua<\/strong><\/h2>\n<p style=\"text-align: justify;\">La labor del docente no termina al finalizar la clase; es crucial reflexionar sobre la pr\u00e1ctica y buscar oportunidades de mejora:<\/p>\n<ol style=\"text-align: justify;\">\n<li><strong>Analiza tu pr\u00e1ctica:<\/strong> Eval\u00faa tus logros y \u00e1reas de oportunidad mediante herramientas como el diario de trabajo, asegurando una mejora continua.<\/li>\n<li><strong>Eval\u00faa el aprendizaje de los alumnos:<\/strong> Utiliza una variedad de instrumentos para evaluar si los alumnos han alcanzado los objetivos de aprendizaje. La evaluaci\u00f3n te ayudar\u00e1 a identificar logros y \u00e1reas de mejora.<\/li>\n<li><strong>Reflexiona sobre la clase:<\/strong> Considera qu\u00e9 funcion\u00f3 bien y qu\u00e9 podr\u00eda mejorarse. La reflexi\u00f3n constante te permitir\u00e1 mejorar tu pr\u00e1ctica docente.<\/li>\n<\/ol>\n<h2 style=\"text-align: left;\"><strong>Consejos Adicionales para una Ense\u00f1anza Efectiva<\/strong><\/h2>\n<p style=\"text-align: justify;\">Dar una clase efectiva implica m\u00e1s que solo la planificaci\u00f3n y ejecuci\u00f3n. Aqu\u00ed algunos consejos adicionales:<\/p>\n<ol style=\"text-align: justify;\">\n<li><strong>Sea entusiasta y apasionado:<\/strong> El entusiasmo del docente motiva a los estudiantes a aprender. Compartir esa pasi\u00f3n puede hacer que la clase sea m\u00e1s atractiva.<\/li>\n<li><strong>Construya relaciones positivas:<\/strong> La conexi\u00f3n emocional con los alumnos fomenta la participaci\u00f3n activa en el aprendizaje.<\/li>\n<li><strong>Sea flexible y adaptable:<\/strong> Diversos estilos de aprendizaje requieren flexibilidad y la aplicaci\u00f3n de estrategias variadas para garantizar la comprensi\u00f3n.<\/li>\n<li><strong>Sea un modelo a seguir:<\/strong> Los docentes son modelos positivos para los estudiantes, quienes aprenden no solo del contenido, sino tambi\u00e9n de la actitud y el comportamiento del maestro.<\/li>\n<\/ol>\n<figure style=\"width: 1024px\" class=\"wp-caption alignnone\"><a href=\"https:\/\/www.kichihua.com\/wp-content\/uploads\/2023\/06\/%C2%BFComo-dar-una-buena-clase.png\"><img loading=\"lazy\" decoding=\"async\" src=\"https:\/\/www.kichihua.com\/wp-content\/uploads\/2023\/06\/%C2%BFComo-dar-una-buena-clase.png\" alt=\"Fuente de imagen: Fundaci\u00f3n Fichihua.\" width=\"1024\" height=\"768\" \/><\/a><figcaption class=\"wp-caption-text\">Fuente de imagen: Fundaci\u00f3n Fichihua.<\/figcaption><\/figure>\n<h2 style=\"text-align: left;\"><strong>Conclusi\u00f3n<\/strong><\/h2>\n<p style=\"text-align: justify;\">Dar clases es una tarea gratificante, pero tambi\u00e9n requiere esfuerzo y dedicaci\u00f3n. Los docentes que siguen estos consejos pueden mejorar sus habilidades docentes y dar clases m\u00e1s efectivas, contribuyendo al desarrollo integral de sus alumnos y prepar\u00e1ndolos para enfrentar los desaf\u00edos del mundo con \u00e9xito.<\/p>\n<p style=\"text-align: center;\"><strong>ENLACE DE LECTURA:<\/strong>\u00a0<a href=\"https:\/\/drive.google.com\/drive\/u\/2\/folders\/1Xs_U-gN03_lIVatQOUEivfUK0frlEOkn\" target=\"_blank\" rel=\"noopener\">ESTRATEGIAS PARA LA MEJORA DE LA GESTI\u00d3N DE AULA<\/a><\/p>\n\t\t<div class=\"pk-inline-posts\">\n\t\t\t\n\t\t\t<div class=\"pk-inline-posts-container pk-inline-posts-template-list\"\n\t\t\t\tdata-columns=\"1\">\n\t\t\t\t\t\t<article id=\"post-115147\" class=\"post-115147 post type-post status-publish format-standard has-post-thumbnail category-aula-invertida category-clase-invertida category-clases category-pedagogia tag-aula tag-didactica-3 tag-docentes tag-educacion-3 tag-formacion-docente-3 tag-innovacion-educativa-3 tag-metodologias-educativas-2 tag-pedagogia-3 tag-practica-docente-2 cs-entry cs-video-wrap\">\n\t\t\t<div class=\"pk-post-outer\">\n\n\t\t\t\t\t\t\t\t<div class=\"pk-post-inner\">\n\t\t\t\t\t<div class=\"entry-thumbnail\">\n\t\t\t\t\t\t<div class=\"pk-overlay pk-overlay-ratio pk-ratio-landscape\">\n\t\t\t\t\t\t\t<div class=\"pk-overlay-background\">\n\t\t\t\t\t\t\t\t<a href=\"https:\/\/webdelmaestrocmf.com\/portal\/tipos-de-aulas-pedagogicas-claves-para-analizar-elegir-y-combinar-enfoques-en-la-practica-docente\/\" class=\"pk-overlay-link\">\n\t\t\t\t\t\t\t\t\t<img loading=\"lazy\" decoding=\"async\" width=\"300\" height=\"225\" src=\"https:\/\/webdelmaestrocmf.com\/portal\/wp-content\/uploads\/2026\/02\/1A-Banner-1-portada-imagen-10-1-copia-9-300x225.webp\" class=\"attachment-pk-thumbnail size-pk-thumbnail wp-post-image\" alt=\"\" \/>\t\t\t\t\t\t\t\t<\/a>\n\t\t\t\t\t\t\t<\/div>\n\t\t\t\t\t\t<\/div>\n\t\t\t\t\t<\/div>\n\t\t\t\t<\/div>\n\t\t\t\t\n\t\t\t\t<div class=\"pk-post-inner\">\n\t\t\t\t\t<header>\n\t\t\t\t\t\t<h3 class=\"pk-title\"><a href=\"https:\/\/webdelmaestrocmf.com\/portal\/tipos-de-aulas-pedagogicas-claves-para-analizar-elegir-y-combinar-enfoques-en-la-practica-docente\/\" rel=\"bookmark\">Tipos de aulas pedag\u00f3gicas: claves para analizar, elegir y combinar enfoques en la pr\u00e1ctica docente<\/a><\/h3>\t\t\t\t\t<\/header><!-- .entry-header -->\n\t\t\t\t<\/div><!-- .post-inner -->\n\n\t\t\t<\/div><!-- .post-outer -->\n\t\t<\/article>\n\t\t\t<article id=\"post-114648\" class=\"post-114648 post type-post status-publish format-standard has-post-thumbnail category-clases category-pedagogia tag-aprendizaje-activo tag-educacion-infantil tag-gestion-del-aula tag-ideas-para-maestros tag-material-didactico tag-organizacion-escolar tag-primaria tag-recursos-educativos tag-trucos-para-docentes tag-vuelta-al-cole cs-entry cs-video-wrap\">\n\t\t\t<div class=\"pk-post-outer\">\n\n\t\t\t\t\t\t\t\t<div class=\"pk-post-inner\">\n\t\t\t\t\t<div class=\"entry-thumbnail\">\n\t\t\t\t\t\t<div class=\"pk-overlay pk-overlay-ratio pk-ratio-landscape\">\n\t\t\t\t\t\t\t<div class=\"pk-overlay-background\">\n\t\t\t\t\t\t\t\t<a href=\"https:\/\/webdelmaestrocmf.com\/portal\/trucos-practicos-y-creativos-para-docentes-que-facilitan-la-vuelta-al-aula\/\" class=\"pk-overlay-link\">\n\t\t\t\t\t\t\t\t\t<img loading=\"lazy\" decoding=\"async\" width=\"300\" height=\"225\" src=\"https:\/\/webdelmaestrocmf.com\/portal\/wp-content\/uploads\/2026\/01\/1A-Banner-1-portada-imagen-10-1-copia-10-300x225.webp\" class=\"attachment-pk-thumbnail size-pk-thumbnail wp-post-image\" alt=\"\" \/>\t\t\t\t\t\t\t\t<\/a>\n\t\t\t\t\t\t\t<\/div>\n\t\t\t\t\t\t<\/div>\n\t\t\t\t\t<\/div>\n\t\t\t\t<\/div>\n\t\t\t\t\n\t\t\t\t<div class=\"pk-post-inner\">\n\t\t\t\t\t<header>\n\t\t\t\t\t\t<h3 class=\"pk-title\"><a href=\"https:\/\/webdelmaestrocmf.com\/portal\/trucos-practicos-y-creativos-para-docentes-que-facilitan-la-vuelta-al-aula\/\" rel=\"bookmark\">Trucos pr\u00e1cticos y creativos para docentes que facilitan la vuelta al aula<\/a><\/h3>\t\t\t\t\t<\/header><!-- .entry-header -->\n\t\t\t\t<\/div><!-- .post-inner -->\n\n\t\t\t<\/div><!-- .post-outer -->\n\t\t<\/article>\n\t\t\t<article id=\"post-114290\" class=\"post-114290 post type-post status-publish format-standard has-post-thumbnail category-clases category-pedagogia tag-aprendizaje-personalizado tag-curriculo-flexible tag-educacion-2030 tag-escuela-del-futuro tag-evaluacion-formativa tag-habilidades-del-siglo-xxi tag-innovacion-educativa-2 tag-pensamiento-critico-2 tag-rol-docente tag-tecnologia-educativa-2 cs-entry cs-video-wrap\">\n\t\t\t<div class=\"pk-post-outer\">\n\n\t\t\t\t\t\t\t\t<div class=\"pk-post-inner\">\n\t\t\t\t\t<div class=\"entry-thumbnail\">\n\t\t\t\t\t\t<div class=\"pk-overlay pk-overlay-ratio pk-ratio-landscape\">\n\t\t\t\t\t\t\t<div class=\"pk-overlay-background\">\n\t\t\t\t\t\t\t\t<a href=\"https:\/\/webdelmaestrocmf.com\/portal\/asi-seran-las-escuelas-en-2030-una-transformacion-necesaria-no-un-experimento\/\" class=\"pk-overlay-link\">\n\t\t\t\t\t\t\t\t\t<img loading=\"lazy\" decoding=\"async\" width=\"300\" height=\"225\" src=\"https:\/\/webdelmaestrocmf.com\/portal\/wp-content\/uploads\/2025\/10\/1A-Banner-1-portada-imagen-10-1-copia-3-4-300x225.webp\" class=\"attachment-pk-thumbnail size-pk-thumbnail wp-post-image\" alt=\"\" \/>\t\t\t\t\t\t\t\t<\/a>\n\t\t\t\t\t\t\t<\/div>\n\t\t\t\t\t\t<\/div>\n\t\t\t\t\t<\/div>\n\t\t\t\t<\/div>\n\t\t\t\t\n\t\t\t\t<div class=\"pk-post-inner\">\n\t\t\t\t\t<header>\n\t\t\t\t\t\t<h3 class=\"pk-title\"><a href=\"https:\/\/webdelmaestrocmf.com\/portal\/asi-seran-las-escuelas-en-2030-una-transformacion-necesaria-no-un-experimento\/\" rel=\"bookmark\">As\u00ed ser\u00e1n las escuelas en 2030: una transformaci\u00f3n necesaria, no un experimento<\/a><\/h3>\t\t\t\t\t<\/header><!-- .entry-header -->\n\t\t\t\t<\/div><!-- .post-inner -->\n\n\t\t\t<\/div><!-- .post-outer -->\n\t\t<\/article>\n\t\t\t\t<\/div>\n\t\t<\/div>\n\t\t\n","protected":false},"excerpt":{"rendered":"Planear y dar una clase efectiva no es una tarea sencilla; implica considerar numerosos aspectos que van desde&hellip;","protected":false},"author":1,"featured_media":102700,"comment_status":"open","ping_status":"closed","sticky":false,"template":"","format":"standard","meta":{"csco_display_header_overlay":false,"csco_singular_sidebar":"","csco_page_header_type":"","csco_page_load_nextpost":"","csco_post_video_location":[],"csco_post_video_location_hash":"","csco_post_video_url":"","csco_post_video_bg_start_time":0,"csco_post_video_bg_end_time":0,"csco_post_video_bg_volume":false,"_jetpack_memberships_contains_paid_content":false,"footnotes":""},"categories":[15882,735],"tags":[692,598,2050,58,2711],"class_list":{"0":"post-102696","1":"post","2":"type-post","3":"status-publish","4":"format-standard","5":"has-post-thumbnail","7":"category-clases","8":"category-pedagogia","9":"tag-clase","10":"tag-consejos","11":"tag-dar","12":"tag-docentes","13":"tag-efectiva","14":"cs-entry","15":"cs-video-wrap"},"yoast_head":"<!-- This site is optimized with the Yoast SEO plugin v27.5 - https:\/\/yoast.com\/product\/yoast-seo-wordpress\/ -->\n<title>C\u00f3mo dar una clase efectiva: consejos para docentes - 2026<\/title>\n<meta name=\"description\" content=\"Aprende c\u00f3mo desarrollar una clase efectiva. Caracter\u00edsticas de los alumnos, contexto y recursos disponibles. Prep\u00e1rate para el \u00e9xito.\" \/>\n<meta name=\"robots\" content=\"index, follow, max-snippet:-1, max-image-preview:large, max-video-preview:-1\" \/>\n<link rel=\"canonical\" href=\"https:\/\/webdelmaestrocmf.com\/portal\/como-dar-una-clase-efectiva-consejos-para-docentes\/\" \/>\n<meta property=\"og:locale\" content=\"es_ES\" \/>\n<meta property=\"og:type\" content=\"article\" \/>\n<meta property=\"og:title\" content=\"C\u00f3mo dar una clase efectiva: consejos para docentes - 2026\" \/>\n<meta property=\"og:description\" content=\"Aprende c\u00f3mo desarrollar una clase efectiva. Caracter\u00edsticas de los alumnos, contexto y recursos disponibles. Prep\u00e1rate para el \u00e9xito.\" \/>\n<meta property=\"og:url\" content=\"https:\/\/webdelmaestrocmf.com\/portal\/como-dar-una-clase-efectiva-consejos-para-docentes\/\" \/>\n<meta property=\"og:site_name\" content=\"Web del Maestro CMF\" \/>\n<meta property=\"article:publisher\" content=\"https:\/\/www.facebook.com\/WebdelMaestroCMF\/\" \/>\n<meta property=\"article:author\" content=\"https:\/\/www.facebook.com\/WebdelMaestroCMF\/\" \/>\n<meta property=\"article:published_time\" content=\"2025-06-19T13:49:00+00:00\" \/>\n<meta property=\"article:modified_time\" content=\"2025-08-11T01:27:10+00:00\" \/>\n<meta property=\"og:image\" content=\"https:\/\/webdelmaestrocmf.com\/portal\/wp-content\/uploads\/2024\/01\/Banner-1-portada-imagen-10-8.jpg\" \/>\n\t<meta property=\"og:image:width\" content=\"1024\" \/>\n\t<meta property=\"og:image:height\" content=\"1024\" \/>\n\t<meta property=\"og:image:type\" content=\"image\/jpeg\" \/>\n<meta name=\"author\" content=\"Web del Maestro CMF\" \/>\n<meta name=\"twitter:card\" content=\"summary_large_image\" \/>\n<meta name=\"twitter:creator\" content=\"@cmf_w\" \/>\n<meta name=\"twitter:site\" content=\"@cmf_w\" \/>\n<script type=\"application\/ld+json\" class=\"yoast-schema-graph\">{\"@context\":\"https:\\\/\\\/schema.org\",\"@graph\":[{\"@type\":\"ScholarlyArticle\",\"@id\":\"https:\\\/\\\/webdelmaestrocmf.com\\\/portal\\\/como-dar-una-clase-efectiva-consejos-para-docentes\\\/#article\",\"isPartOf\":{\"@id\":\"https:\\\/\\\/webdelmaestrocmf.com\\\/portal\\\/como-dar-una-clase-efectiva-consejos-para-docentes\\\/\"},\"author\":{\"name\":\"Web del Maestro CMF\",\"@id\":\"https:\\\/\\\/webdelmaestrocmf.com\\\/portal\\\/#\\\/schema\\\/person\\\/1072a2ed7bd960df8ef99a551fa35dc5\"},\"headline\":\"C\u00f3mo dar una clase efectiva: consejos para docentes\",\"datePublished\":\"2025-06-19T13:49:00+00:00\",\"dateModified\":\"2025-08-11T01:27:10+00:00\",\"mainEntityOfPage\":{\"@id\":\"https:\\\/\\\/webdelmaestrocmf.com\\\/portal\\\/como-dar-una-clase-efectiva-consejos-para-docentes\\\/\"},\"wordCount\":855,\"commentCount\":5,\"publisher\":{\"@id\":\"https:\\\/\\\/webdelmaestrocmf.com\\\/portal\\\/#organization\"},\"image\":{\"@id\":\"https:\\\/\\\/webdelmaestrocmf.com\\\/portal\\\/como-dar-una-clase-efectiva-consejos-para-docentes\\\/#primaryimage\"},\"thumbnailUrl\":\"https:\\\/\\\/webdelmaestrocmf.com\\\/portal\\\/wp-content\\\/uploads\\\/2024\\\/01\\\/Banner-1-portada-imagen-10-8.jpg\",\"keywords\":[\"CLASE\",\"Consejos\",\"dar\",\"DOCENTES\",\"EFECTIVA\"],\"articleSection\":[\"Clases\",\"Recursos\"],\"inLanguage\":\"es\",\"potentialAction\":[{\"@type\":\"CommentAction\",\"name\":\"Comment\",\"target\":[\"https:\\\/\\\/webdelmaestrocmf.com\\\/portal\\\/como-dar-una-clase-efectiva-consejos-para-docentes\\\/#respond\"]}]},{\"@type\":\"WebPage\",\"@id\":\"https:\\\/\\\/webdelmaestrocmf.com\\\/portal\\\/como-dar-una-clase-efectiva-consejos-para-docentes\\\/\",\"url\":\"https:\\\/\\\/webdelmaestrocmf.com\\\/portal\\\/como-dar-una-clase-efectiva-consejos-para-docentes\\\/\",\"name\":\"C\u00f3mo dar una clase efectiva: consejos para docentes - 2026\",\"isPartOf\":{\"@id\":\"https:\\\/\\\/webdelmaestrocmf.com\\\/portal\\\/#website\"},\"primaryImageOfPage\":{\"@id\":\"https:\\\/\\\/webdelmaestrocmf.com\\\/portal\\\/como-dar-una-clase-efectiva-consejos-para-docentes\\\/#primaryimage\"},\"image\":{\"@id\":\"https:\\\/\\\/webdelmaestrocmf.com\\\/portal\\\/como-dar-una-clase-efectiva-consejos-para-docentes\\\/#primaryimage\"},\"thumbnailUrl\":\"https:\\\/\\\/webdelmaestrocmf.com\\\/portal\\\/wp-content\\\/uploads\\\/2024\\\/01\\\/Banner-1-portada-imagen-10-8.jpg\",\"datePublished\":\"2025-06-19T13:49:00+00:00\",\"dateModified\":\"2025-08-11T01:27:10+00:00\",\"description\":\"Aprende c\u00f3mo desarrollar una clase efectiva. Caracter\u00edsticas de los alumnos, contexto y recursos disponibles. Prep\u00e1rate para el \u00e9xito.\",\"breadcrumb\":{\"@id\":\"https:\\\/\\\/webdelmaestrocmf.com\\\/portal\\\/como-dar-una-clase-efectiva-consejos-para-docentes\\\/#breadcrumb\"},\"inLanguage\":\"es\",\"potentialAction\":[{\"@type\":\"ReadAction\",\"target\":[\"https:\\\/\\\/webdelmaestrocmf.com\\\/portal\\\/como-dar-una-clase-efectiva-consejos-para-docentes\\\/\"]}]},{\"@type\":\"ImageObject\",\"inLanguage\":\"es\",\"@id\":\"https:\\\/\\\/webdelmaestrocmf.com\\\/portal\\\/como-dar-una-clase-efectiva-consejos-para-docentes\\\/#primaryimage\",\"url\":\"https:\\\/\\\/webdelmaestrocmf.com\\\/portal\\\/wp-content\\\/uploads\\\/2024\\\/01\\\/Banner-1-portada-imagen-10-8.jpg\",\"contentUrl\":\"https:\\\/\\\/webdelmaestrocmf.com\\\/portal\\\/wp-content\\\/uploads\\\/2024\\\/01\\\/Banner-1-portada-imagen-10-8.jpg\",\"width\":1024,\"height\":1024,\"caption\":\"clase efectiva\"},{\"@type\":\"BreadcrumbList\",\"@id\":\"https:\\\/\\\/webdelmaestrocmf.com\\\/portal\\\/como-dar-una-clase-efectiva-consejos-para-docentes\\\/#breadcrumb\",\"itemListElement\":[{\"@type\":\"ListItem\",\"position\":1,\"name\":\"Portada\",\"item\":\"https:\\\/\\\/webdelmaestrocmf.com\\\/portal\\\/\"},{\"@type\":\"ListItem\",\"position\":2,\"name\":\"Recursos\",\"item\":\"https:\\\/\\\/webdelmaestrocmf.com\\\/portal\\\/category\\\/pedagogia\\\/\"},{\"@type\":\"ListItem\",\"position\":3,\"name\":\"C\u00f3mo dar una clase efectiva: consejos para docentes\"}]},{\"@type\":\"WebSite\",\"@id\":\"https:\\\/\\\/webdelmaestrocmf.com\\\/portal\\\/#website\",\"url\":\"https:\\\/\\\/webdelmaestrocmf.com\\\/portal\\\/\",\"name\":\"Web del Maestro CMF\",\"description\":\"Maestros al servicio de la educaci\u00f3n\",\"publisher\":{\"@id\":\"https:\\\/\\\/webdelmaestrocmf.com\\\/portal\\\/#organization\"},\"alternateName\":\"WMCMF\",\"potentialAction\":[{\"@type\":\"SearchAction\",\"target\":{\"@type\":\"EntryPoint\",\"urlTemplate\":\"https:\\\/\\\/webdelmaestrocmf.com\\\/portal\\\/?s={search_term_string}\"},\"query-input\":{\"@type\":\"PropertyValueSpecification\",\"valueRequired\":true,\"valueName\":\"search_term_string\"}}],\"inLanguage\":\"es\"},{\"@type\":\"Organization\",\"@id\":\"https:\\\/\\\/webdelmaestrocmf.com\\\/portal\\\/#organization\",\"name\":\"Web del Maestro CMF\",\"alternateName\":\"WMCMF\",\"url\":\"https:\\\/\\\/webdelmaestrocmf.com\\\/portal\\\/\",\"logo\":{\"@type\":\"ImageObject\",\"inLanguage\":\"es\",\"@id\":\"https:\\\/\\\/webdelmaestrocmf.com\\\/portal\\\/#\\\/schema\\\/logo\\\/image\\\/\",\"url\":\"https:\\\/\\\/webdelmaestrocmf.com\\\/portal\\\/wp-content\\\/uploads\\\/2023\\\/01\\\/logo-wmcmf-2.png\",\"contentUrl\":\"https:\\\/\\\/webdelmaestrocmf.com\\\/portal\\\/wp-content\\\/uploads\\\/2023\\\/01\\\/logo-wmcmf-2.png\",\"width\":200,\"height\":60,\"caption\":\"Web del Maestro CMF\"},\"image\":{\"@id\":\"https:\\\/\\\/webdelmaestrocmf.com\\\/portal\\\/#\\\/schema\\\/logo\\\/image\\\/\"},\"sameAs\":[\"https:\\\/\\\/www.facebook.com\\\/WebdelMaestroCMF\\\/\",\"https:\\\/\\\/x.com\\\/cmf_w\",\"https:\\\/\\\/www.pinterest.com\\\/WMCMF\\\/\",\"https:\\\/\\\/www.linkedin.com\\\/company\\\/web-del-maestro-cmf\\\/\",\"https:\\\/\\\/www.instagram.com\\\/wmcmf\\\/\",\"https:\\\/\\\/www.youtube.com\\\/channel\\\/UCDPSvjbdodE5sHnC3OxutHw\",\"https:\\\/\\\/mastodon.social\\\/@wmcmf\",\"https:\\\/\\\/www.tiktok.com\\\/@webdelmaestrocmf\"]},{\"@type\":\"Person\",\"@id\":\"https:\\\/\\\/webdelmaestrocmf.com\\\/portal\\\/#\\\/schema\\\/person\\\/1072a2ed7bd960df8ef99a551fa35dc5\",\"name\":\"Web del Maestro CMF\",\"image\":{\"@type\":\"ImageObject\",\"inLanguage\":\"es\",\"@id\":\"https:\\\/\\\/secure.gravatar.com\\\/avatar\\\/23291dd5b5ae1077dcff3dbb04c3e02bd28403fa75af6d8787d5e97c5bbbe30b?s=96&d=mm&r=g\",\"url\":\"https:\\\/\\\/secure.gravatar.com\\\/avatar\\\/23291dd5b5ae1077dcff3dbb04c3e02bd28403fa75af6d8787d5e97c5bbbe30b?s=96&d=mm&r=g\",\"contentUrl\":\"https:\\\/\\\/secure.gravatar.com\\\/avatar\\\/23291dd5b5ae1077dcff3dbb04c3e02bd28403fa75af6d8787d5e97c5bbbe30b?s=96&d=mm&r=g\",\"caption\":\"Web del Maestro CMF\"},\"description\":\"Esta Web se cre\u00f3 sin fines de lucro, con fines educativos, cient\u00edficos y acad\u00e9micos, para personas que tengan dificultades y\\\/o inconvenientes en visualizar el material original. El objetivo es entregar recursos, compartir experiencias y materiales que ayuden a los padres de familia, maestros y estudiantes en su actualizaci\u00f3n y formaci\u00f3n permanente, en bien de la Educaci\u00f3n.\",\"sameAs\":[\"http:\\\/\\\/webdelmaestrocmf.com\\\/portal\",\"https:\\\/\\\/www.facebook.com\\\/WebdelMaestroCMF\\\/\",\"https:\\\/\\\/www.instagram.com\\\/wmcmf\\\/\",\"https:\\\/\\\/cl.linkedin.com\\\/company\\\/web-del-maestro-cmf\",\"https:\\\/\\\/www.pinterest.com\\\/WMCMF\\\/publicaciones\\\/\",\"https:\\\/\\\/x.com\\\/cmf_w\",\"https:\\\/\\\/www.youtube.com\\\/@WMCMF\"]}]}<\/script>\n<!-- \/ Yoast SEO plugin. -->","yoast_head_json":{"title":"C\u00f3mo dar una clase efectiva: consejos para docentes - 2026","description":"Aprende c\u00f3mo desarrollar una clase efectiva. Caracter\u00edsticas de los alumnos, contexto y recursos disponibles. Prep\u00e1rate para el \u00e9xito.","robots":{"index":"index","follow":"follow","max-snippet":"max-snippet:-1","max-image-preview":"max-image-preview:large","max-video-preview":"max-video-preview:-1"},"canonical":"https:\/\/webdelmaestrocmf.com\/portal\/como-dar-una-clase-efectiva-consejos-para-docentes\/","og_locale":"es_ES","og_type":"article","og_title":"C\u00f3mo dar una clase efectiva: consejos para docentes - 2026","og_description":"Aprende c\u00f3mo desarrollar una clase efectiva. Caracter\u00edsticas de los alumnos, contexto y recursos disponibles. Prep\u00e1rate para el \u00e9xito.","og_url":"https:\/\/webdelmaestrocmf.com\/portal\/como-dar-una-clase-efectiva-consejos-para-docentes\/","og_site_name":"Web del Maestro CMF","article_publisher":"https:\/\/www.facebook.com\/WebdelMaestroCMF\/","article_author":"https:\/\/www.facebook.com\/WebdelMaestroCMF\/","article_published_time":"2025-06-19T13:49:00+00:00","article_modified_time":"2025-08-11T01:27:10+00:00","og_image":[{"width":1024,"height":1024,"url":"https:\/\/webdelmaestrocmf.com\/portal\/wp-content\/uploads\/2024\/01\/Banner-1-portada-imagen-10-8.jpg","type":"image\/jpeg"}],"author":"Web del Maestro CMF","twitter_card":"summary_large_image","twitter_creator":"@cmf_w","twitter_site":"@cmf_w","schema":{"@context":"https:\/\/schema.org","@graph":[{"@type":"ScholarlyArticle","@id":"https:\/\/webdelmaestrocmf.com\/portal\/como-dar-una-clase-efectiva-consejos-para-docentes\/#article","isPartOf":{"@id":"https:\/\/webdelmaestrocmf.com\/portal\/como-dar-una-clase-efectiva-consejos-para-docentes\/"},"author":{"name":"Web del Maestro CMF","@id":"https:\/\/webdelmaestrocmf.com\/portal\/#\/schema\/person\/1072a2ed7bd960df8ef99a551fa35dc5"},"headline":"C\u00f3mo dar una clase efectiva: consejos para docentes","datePublished":"2025-06-19T13:49:00+00:00","dateModified":"2025-08-11T01:27:10+00:00","mainEntityOfPage":{"@id":"https:\/\/webdelmaestrocmf.com\/portal\/como-dar-una-clase-efectiva-consejos-para-docentes\/"},"wordCount":855,"commentCount":5,"publisher":{"@id":"https:\/\/webdelmaestrocmf.com\/portal\/#organization"},"image":{"@id":"https:\/\/webdelmaestrocmf.com\/portal\/como-dar-una-clase-efectiva-consejos-para-docentes\/#primaryimage"},"thumbnailUrl":"https:\/\/webdelmaestrocmf.com\/portal\/wp-content\/uploads\/2024\/01\/Banner-1-portada-imagen-10-8.jpg","keywords":["CLASE","Consejos","dar","DOCENTES","EFECTIVA"],"articleSection":["Clases","Recursos"],"inLanguage":"es","potentialAction":[{"@type":"CommentAction","name":"Comment","target":["https:\/\/webdelmaestrocmf.com\/portal\/como-dar-una-clase-efectiva-consejos-para-docentes\/#respond"]}]},{"@type":"WebPage","@id":"https:\/\/webdelmaestrocmf.com\/portal\/como-dar-una-clase-efectiva-consejos-para-docentes\/","url":"https:\/\/webdelmaestrocmf.com\/portal\/como-dar-una-clase-efectiva-consejos-para-docentes\/","name":"C\u00f3mo dar una clase efectiva: consejos para docentes - 2026","isPartOf":{"@id":"https:\/\/webdelmaestrocmf.com\/portal\/#website"},"primaryImageOfPage":{"@id":"https:\/\/webdelmaestrocmf.com\/portal\/como-dar-una-clase-efectiva-consejos-para-docentes\/#primaryimage"},"image":{"@id":"https:\/\/webdelmaestrocmf.com\/portal\/como-dar-una-clase-efectiva-consejos-para-docentes\/#primaryimage"},"thumbnailUrl":"https:\/\/webdelmaestrocmf.com\/portal\/wp-content\/uploads\/2024\/01\/Banner-1-portada-imagen-10-8.jpg","datePublished":"2025-06-19T13:49:00+00:00","dateModified":"2025-08-11T01:27:10+00:00","description":"Aprende c\u00f3mo desarrollar una clase efectiva. Caracter\u00edsticas de los alumnos, contexto y recursos disponibles. Prep\u00e1rate para el \u00e9xito.","breadcrumb":{"@id":"https:\/\/webdelmaestrocmf.com\/portal\/como-dar-una-clase-efectiva-consejos-para-docentes\/#breadcrumb"},"inLanguage":"es","potentialAction":[{"@type":"ReadAction","target":["https:\/\/webdelmaestrocmf.com\/portal\/como-dar-una-clase-efectiva-consejos-para-docentes\/"]}]},{"@type":"ImageObject","inLanguage":"es","@id":"https:\/\/webdelmaestrocmf.com\/portal\/como-dar-una-clase-efectiva-consejos-para-docentes\/#primaryimage","url":"https:\/\/webdelmaestrocmf.com\/portal\/wp-content\/uploads\/2024\/01\/Banner-1-portada-imagen-10-8.jpg","contentUrl":"https:\/\/webdelmaestrocmf.com\/portal\/wp-content\/uploads\/2024\/01\/Banner-1-portada-imagen-10-8.jpg","width":1024,"height":1024,"caption":"clase efectiva"},{"@type":"BreadcrumbList","@id":"https:\/\/webdelmaestrocmf.com\/portal\/como-dar-una-clase-efectiva-consejos-para-docentes\/#breadcrumb","itemListElement":[{"@type":"ListItem","position":1,"name":"Portada","item":"https:\/\/webdelmaestrocmf.com\/portal\/"},{"@type":"ListItem","position":2,"name":"Recursos","item":"https:\/\/webdelmaestrocmf.com\/portal\/category\/pedagogia\/"},{"@type":"ListItem","position":3,"name":"C\u00f3mo dar una clase efectiva: consejos para docentes"}]},{"@type":"WebSite","@id":"https:\/\/webdelmaestrocmf.com\/portal\/#website","url":"https:\/\/webdelmaestrocmf.com\/portal\/","name":"Web del Maestro CMF","description":"Maestros al servicio de la educaci\u00f3n","publisher":{"@id":"https:\/\/webdelmaestrocmf.com\/portal\/#organization"},"alternateName":"WMCMF","potentialAction":[{"@type":"SearchAction","target":{"@type":"EntryPoint","urlTemplate":"https:\/\/webdelmaestrocmf.com\/portal\/?s={search_term_string}"},"query-input":{"@type":"PropertyValueSpecification","valueRequired":true,"valueName":"search_term_string"}}],"inLanguage":"es"},{"@type":"Organization","@id":"https:\/\/webdelmaestrocmf.com\/portal\/#organization","name":"Web del Maestro CMF","alternateName":"WMCMF","url":"https:\/\/webdelmaestrocmf.com\/portal\/","logo":{"@type":"ImageObject","inLanguage":"es","@id":"https:\/\/webdelmaestrocmf.com\/portal\/#\/schema\/logo\/image\/","url":"https:\/\/webdelmaestrocmf.com\/portal\/wp-content\/uploads\/2023\/01\/logo-wmcmf-2.png","contentUrl":"https:\/\/webdelmaestrocmf.com\/portal\/wp-content\/uploads\/2023\/01\/logo-wmcmf-2.png","width":200,"height":60,"caption":"Web del Maestro CMF"},"image":{"@id":"https:\/\/webdelmaestrocmf.com\/portal\/#\/schema\/logo\/image\/"},"sameAs":["https:\/\/www.facebook.com\/WebdelMaestroCMF\/","https:\/\/x.com\/cmf_w","https:\/\/www.pinterest.com\/WMCMF\/","https:\/\/www.linkedin.com\/company\/web-del-maestro-cmf\/","https:\/\/www.instagram.com\/wmcmf\/","https:\/\/www.youtube.com\/channel\/UCDPSvjbdodE5sHnC3OxutHw","https:\/\/mastodon.social\/@wmcmf","https:\/\/www.tiktok.com\/@webdelmaestrocmf"]},{"@type":"Person","@id":"https:\/\/webdelmaestrocmf.com\/portal\/#\/schema\/person\/1072a2ed7bd960df8ef99a551fa35dc5","name":"Web del Maestro CMF","image":{"@type":"ImageObject","inLanguage":"es","@id":"https:\/\/secure.gravatar.com\/avatar\/23291dd5b5ae1077dcff3dbb04c3e02bd28403fa75af6d8787d5e97c5bbbe30b?s=96&d=mm&r=g","url":"https:\/\/secure.gravatar.com\/avatar\/23291dd5b5ae1077dcff3dbb04c3e02bd28403fa75af6d8787d5e97c5bbbe30b?s=96&d=mm&r=g","contentUrl":"https:\/\/secure.gravatar.com\/avatar\/23291dd5b5ae1077dcff3dbb04c3e02bd28403fa75af6d8787d5e97c5bbbe30b?s=96&d=mm&r=g","caption":"Web del Maestro CMF"},"description":"Esta Web se cre\u00f3 sin fines de lucro, con fines educativos, cient\u00edficos y acad\u00e9micos, para personas que tengan dificultades y\/o inconvenientes en visualizar el material original. El objetivo es entregar recursos, compartir experiencias y materiales que ayuden a los padres de familia, maestros y estudiantes en su actualizaci\u00f3n y formaci\u00f3n permanente, en bien de la Educaci\u00f3n.","sameAs":["http:\/\/webdelmaestrocmf.com\/portal","https:\/\/www.facebook.com\/WebdelMaestroCMF\/","https:\/\/www.instagram.com\/wmcmf\/","https:\/\/cl.linkedin.com\/company\/web-del-maestro-cmf","https:\/\/www.pinterest.com\/WMCMF\/publicaciones\/","https:\/\/x.com\/cmf_w","https:\/\/www.youtube.com\/@WMCMF"]}]}},"jetpack_featured_media_url":"https:\/\/webdelmaestrocmf.com\/portal\/wp-content\/uploads\/2024\/01\/Banner-1-portada-imagen-10-8.jpg","jetpack_sharing_enabled":true,"jetpack-related-posts":[{"id":104549,"url":"https:\/\/webdelmaestrocmf.com\/portal\/descarga-como-dar-una-clase-efectiva-consejos-para-docentes\/","url_meta":{"origin":102696,"position":0},"title":"Descarga: C\u00f3mo dar una clase efectiva: consejos para docentes","author":"Web del Maestro CMF","date":"4 marzo, 2024","format":false,"excerpt":"Pulsa sobre el enlace para descargar el archivo: C\u00f3mo dar una clase efectiva: consejos para docentes Si te sirvi\u00f3 el material, ap\u00f3yanos con un clic. Nos ayudar\u00e1 a mantener el servicio. \u00a1Comparte y as\u00ed m\u00e1s docentes utilizar\u00e1n estos recursos gratis! Muchas gracias.","rel":"","context":"En \u00abDescarga\u00bb","block_context":{"text":"Descarga","link":"https:\/\/webdelmaestrocmf.com\/portal\/category\/descarga\/"},"img":{"alt_text":"clase efectiva","src":"https:\/\/i0.wp.com\/webdelmaestrocmf.com\/portal\/wp-content\/uploads\/2024\/01\/Banner-1-portada-imagen-10-8.jpg?resize=350%2C200&ssl=1","width":350,"height":200,"srcset":"https:\/\/i0.wp.com\/webdelmaestrocmf.com\/portal\/wp-content\/uploads\/2024\/01\/Banner-1-portada-imagen-10-8.jpg?resize=350%2C200&ssl=1 1x, https:\/\/i0.wp.com\/webdelmaestrocmf.com\/portal\/wp-content\/uploads\/2024\/01\/Banner-1-portada-imagen-10-8.jpg?resize=525%2C300&ssl=1 1.5x, https:\/\/i0.wp.com\/webdelmaestrocmf.com\/portal\/wp-content\/uploads\/2024\/01\/Banner-1-portada-imagen-10-8.jpg?resize=700%2C400&ssl=1 2x"},"classes":[]},{"id":102569,"url":"https:\/\/webdelmaestrocmf.com\/portal\/libro-para-docentes-el-arte-de-dar-clase\/","url_meta":{"origin":102696,"position":1},"title":"Libro para docentes: El arte de dar clase","author":"Web del Maestro CMF","date":"14 enero, 2024","format":false,"excerpt":"La ense\u00f1anza es un arte que requiere habilidades espec\u00edficas y un enfoque cuidadoso para lograr resultados efectivos. En su obra \"El Arte de Dar Clase\", Daniel Cassany ofrece un valioso manual destinado a docentes, repleto de consejos pr\u00e1cticos que abarcan desde la planificaci\u00f3n de clases hasta el desarrollo profesional continuo.\u2026","rel":"","context":"En \u00abLibros\u00bb","block_context":{"text":"Libros","link":"https:\/\/webdelmaestrocmf.com\/portal\/category\/pedagogia\/libros\/"},"img":{"alt_text":"","src":"https:\/\/i0.wp.com\/webdelmaestrocmf.com\/portal\/wp-content\/uploads\/2024\/01\/Banner-1-portada-imagen-10.jpg?resize=350%2C200&ssl=1","width":350,"height":200,"srcset":"https:\/\/i0.wp.com\/webdelmaestrocmf.com\/portal\/wp-content\/uploads\/2024\/01\/Banner-1-portada-imagen-10.jpg?resize=350%2C200&ssl=1 1x, https:\/\/i0.wp.com\/webdelmaestrocmf.com\/portal\/wp-content\/uploads\/2024\/01\/Banner-1-portada-imagen-10.jpg?resize=525%2C300&ssl=1 1.5x, https:\/\/i0.wp.com\/webdelmaestrocmf.com\/portal\/wp-content\/uploads\/2024\/01\/Banner-1-portada-imagen-10.jpg?resize=700%2C400&ssl=1 2x"},"classes":[]},{"id":102359,"url":"https:\/\/webdelmaestrocmf.com\/portal\/como-hacer-una-clase-amena-y-entendible\/","url_meta":{"origin":102696,"position":2},"title":"C\u00f3mo hacer una clase amena y entendible","author":"Web del Maestro CMF","date":"10 enero, 2024","format":false,"excerpt":"\u00bfTe preguntas c\u00f3mo lograr que tus clases sean m\u00e1s amenas y comprensibles? No te preocupes, \u00a1en este art\u00edculo te daremos algunos consejos pr\u00e1cticos que har\u00e1n la diferencia! Una clase amena y entendible es aquella en la que los alumnos est\u00e1n interesados en aprender y se sienten capaces de hacerlo. Art\u00edculo\u2026","rel":"","context":"En \u00abClases\u00bb","block_context":{"text":"Clases","link":"https:\/\/webdelmaestrocmf.com\/portal\/category\/pedagogia\/clases\/"},"img":{"alt_text":"","src":"https:\/\/i0.wp.com\/webdelmaestrocmf.com\/portal\/wp-content\/uploads\/2024\/01\/A-cuadrado-nuevo-ffonso-13.jpg?resize=350%2C200&ssl=1","width":350,"height":200,"srcset":"https:\/\/i0.wp.com\/webdelmaestrocmf.com\/portal\/wp-content\/uploads\/2024\/01\/A-cuadrado-nuevo-ffonso-13.jpg?resize=350%2C200&ssl=1 1x, https:\/\/i0.wp.com\/webdelmaestrocmf.com\/portal\/wp-content\/uploads\/2024\/01\/A-cuadrado-nuevo-ffonso-13.jpg?resize=525%2C300&ssl=1 1.5x, https:\/\/i0.wp.com\/webdelmaestrocmf.com\/portal\/wp-content\/uploads\/2024\/01\/A-cuadrado-nuevo-ffonso-13.jpg?resize=700%2C400&ssl=1 2x"},"classes":[]},{"id":108349,"url":"https:\/\/webdelmaestrocmf.com\/portal\/claves-para-tus-primeras-clases-como-docente\/","url_meta":{"origin":102696,"position":3},"title":"Claves para tus primeras clases como docente","author":"Web del Maestro CMF","date":"24 marzo, 2026","format":false,"excerpt":"Planificar clases atractivas, establecer normas claras, generar confianza con los estudiantes y promover participaci\u00f3n activa son claves para iniciar con \u00e9xito, evitando clases te\u00f3ricas y priorizando actividades din\u00e1micas y significativas.","rel":"","context":"En \u00abDocentes\u00bb","block_context":{"text":"Docentes","link":"https:\/\/webdelmaestrocmf.com\/portal\/category\/pedagogia\/docentes\/"},"img":{"alt_text":"","src":"https:\/\/i0.wp.com\/webdelmaestrocmf.com\/portal\/wp-content\/uploads\/2025\/03\/1A-Banner-1-portada-imagen-10-1-6.jpg?resize=350%2C200&ssl=1","width":350,"height":200,"srcset":"https:\/\/i0.wp.com\/webdelmaestrocmf.com\/portal\/wp-content\/uploads\/2025\/03\/1A-Banner-1-portada-imagen-10-1-6.jpg?resize=350%2C200&ssl=1 1x, https:\/\/i0.wp.com\/webdelmaestrocmf.com\/portal\/wp-content\/uploads\/2025\/03\/1A-Banner-1-portada-imagen-10-1-6.jpg?resize=525%2C300&ssl=1 1.5x, https:\/\/i0.wp.com\/webdelmaestrocmf.com\/portal\/wp-content\/uploads\/2025\/03\/1A-Banner-1-portada-imagen-10-1-6.jpg?resize=700%2C400&ssl=1 2x"},"classes":[]},{"id":79647,"url":"https:\/\/webdelmaestrocmf.com\/portal\/tips-para-una-clase-mas-atractiva-durante-45-minutos\/","url_meta":{"origin":102696,"position":4},"title":"Tips para una clase m\u00e1s atractiva durante 45 minutos","author":"Web del Maestro CMF","date":"22 agosto, 2022","format":false,"excerpt":"Como docentes, sabemos que mantener la atenci\u00f3n de los estudiantes durante toda la clase, especialmente en clases largas de 45 minutos, puede ser un desaf\u00edo constante. En este art\u00edculo, exploraremos la importancia de mantener clases atractivas y proporcionaremos cinco valiosos consejos basados en las \u00faltimas investigaciones sobre aprendizaje y motivaci\u00f3n\u2026","rel":"","context":"En \u00abDin\u00e1micas\u00bb","block_context":{"text":"Din\u00e1micas","link":"https:\/\/webdelmaestrocmf.com\/portal\/category\/pedagogia\/dinamicas\/"},"img":{"alt_text":"clases atractivas","src":"https:\/\/i0.wp.com\/webdelmaestrocmf.com\/portal\/wp-content\/uploads\/2022\/08\/1-56.jpg?resize=350%2C200&ssl=1","width":350,"height":200,"srcset":"https:\/\/i0.wp.com\/webdelmaestrocmf.com\/portal\/wp-content\/uploads\/2022\/08\/1-56.jpg?resize=350%2C200&ssl=1 1x, https:\/\/i0.wp.com\/webdelmaestrocmf.com\/portal\/wp-content\/uploads\/2022\/08\/1-56.jpg?resize=525%2C300&ssl=1 1.5x, https:\/\/i0.wp.com\/webdelmaestrocmf.com\/portal\/wp-content\/uploads\/2022\/08\/1-56.jpg?resize=700%2C400&ssl=1 2x"},"classes":[]},{"id":109097,"url":"https:\/\/webdelmaestrocmf.com\/portal\/sep-confirma-cambios-en-calendario-escolar-2025-2026-asi-quedan-las-clases-para-primaria-y-secundaria\/","url_meta":{"origin":102696,"position":5},"title":"SEP confirma cambios en calendario escolar 2025- 2026; as\u00ed quedan las clases para primaria y secundaria","author":"Web del Maestro CMF","date":"1 junio, 2025","format":false,"excerpt":"El calendario escolar 2025-2026 de la Secretar\u00eda de Educaci\u00f3n P\u00fablica (SEP) traer\u00e1 ajustes importantes para estudiantes, docentes y familias de todo el pa\u00eds. Entre las principales novedades, destaca la incorporaci\u00f3n de una semana adicional de vacaciones. Estos son los principales cambios confirmados: La SEP present\u00f3 el anteproyecto del nuevo calendario\u2026","rel":"","context":"En \u00abCalendario\u00bb","block_context":{"text":"Calendario","link":"https:\/\/webdelmaestrocmf.com\/portal\/category\/pedagogia\/calendario\/"},"img":{"alt_text":"","src":"https:\/\/i0.wp.com\/webdelmaestrocmf.com\/portal\/wp-content\/uploads\/2025\/06\/1A-Banner-1-portada-imagen-10-1-1.jpg?resize=350%2C200&ssl=1","width":350,"height":200,"srcset":"https:\/\/i0.wp.com\/webdelmaestrocmf.com\/portal\/wp-content\/uploads\/2025\/06\/1A-Banner-1-portada-imagen-10-1-1.jpg?resize=350%2C200&ssl=1 1x, https:\/\/i0.wp.com\/webdelmaestrocmf.com\/portal\/wp-content\/uploads\/2025\/06\/1A-Banner-1-portada-imagen-10-1-1.jpg?resize=525%2C300&ssl=1 1.5x, https:\/\/i0.wp.com\/webdelmaestrocmf.com\/portal\/wp-content\/uploads\/2025\/06\/1A-Banner-1-portada-imagen-10-1-1.jpg?resize=700%2C400&ssl=1 2x"},"classes":[]}],"_links":{"self":[{"href":"https:\/\/webdelmaestrocmf.com\/portal\/wp-json\/wp\/v2\/posts\/102696","targetHints":{"allow":["GET"]}}],"collection":[{"href":"https:\/\/webdelmaestrocmf.com\/portal\/wp-json\/wp\/v2\/posts"}],"about":[{"href":"https:\/\/webdelmaestrocmf.com\/portal\/wp-json\/wp\/v2\/types\/post"}],"author":[{"embeddable":true,"href":"https:\/\/webdelmaestrocmf.com\/portal\/wp-json\/wp\/v2\/users\/1"}],"replies":[{"embeddable":true,"href":"https:\/\/webdelmaestrocmf.com\/portal\/wp-json\/wp\/v2\/comments?post=102696"}],"version-history":[{"count":1,"href":"https:\/\/webdelmaestrocmf.com\/portal\/wp-json\/wp\/v2\/posts\/102696\/revisions"}],"predecessor-version":[{"id":108238,"href":"https:\/\/webdelmaestrocmf.com\/portal\/wp-json\/wp\/v2\/posts\/102696\/revisions\/108238"}],"wp:featuredmedia":[{"embeddable":true,"href":"https:\/\/webdelmaestrocmf.com\/portal\/wp-json\/wp\/v2\/media\/102700"}],"wp:attachment":[{"href":"https:\/\/webdelmaestrocmf.com\/portal\/wp-json\/wp\/v2\/media?parent=102696"}],"wp:term":[{"taxonomy":"category","embeddable":true,"href":"https:\/\/webdelmaestrocmf.com\/portal\/wp-json\/wp\/v2\/categories?post=102696"},{"taxonomy":"post_tag","embeddable":true,"href":"https:\/\/webdelmaestrocmf.com\/portal\/wp-json\/wp\/v2\/tags?post=102696"}],"curies":[{"name":"wp","href":"https:\/\/api.w.org\/{rel}","templated":true}]}}