{"id":102569,"date":"2024-01-14T14:06:55","date_gmt":"2024-01-14T17:06:55","guid":{"rendered":"https:\/\/webdelmaestrocmf.com\/portal\/?p=102569"},"modified":"2024-02-26T10:23:04","modified_gmt":"2024-02-26T13:23:04","slug":"libro-para-docentes-el-arte-de-dar-clase","status":"publish","type":"post","link":"https:\/\/webdelmaestrocmf.com\/portal\/libro-para-docentes-el-arte-de-dar-clase\/","title":{"rendered":"Libro para docentes: El arte de dar clase"},"content":{"rendered":"<p style=\"text-align: justify;\"><strong>La ense\u00f1anza es un arte que requiere habilidades espec\u00edficas y un enfoque cuidadoso para lograr resultados efectivos. En su obra \u00abEl Arte de Dar Clase\u00bb, Daniel Cassany ofrece un valioso manual destinado a docentes, repleto de consejos pr\u00e1cticos que abarcan desde la planificaci\u00f3n de clases hasta el desarrollo profesional continuo.<\/strong> <!--more--><\/p>\n<p style=\"text-align: justify;\">Dividido en cuatro partes fundamentales, el libro se erige como una herramienta indispensable para aquellos educadores que buscan perfeccionar sus t\u00e9cnicas de ense\u00f1anza.<\/p>\n<p>Art\u00edculo relacionado:\u00a0<a href=\"https:\/\/webdelmaestrocmf.com\/portal\/daniel-cassany-muchos-profesores-apenas-egresan-de-su-formacion-inicial-ya-se-sienten-desactualizados\/\" target=\"_top\" rel=\"noopener\">Daniel Cassany: Muchos profesores apenas egresan de su formaci\u00f3n inicial ya se sienten desactualizados<\/a><\/p>\n<h2 style=\"text-align: left;\"><strong>1. Planificaci\u00f3n de clases: cimientos para el \u00e9xito educativo<\/strong><\/h2>\n<p style=\"text-align: justify;\">La primera secci\u00f3n del libro se sumerge en el proceso crucial de planificaci\u00f3n de clases. Cassany desglosa consejos sobre c\u00f3mo seleccionar contenidos significativos, organizar la secuencia de lecciones de manera efectiva, dise\u00f1ar actividades atractivas y evaluar de manera integral los resultados. Destaca la importancia de una planificaci\u00f3n minuciosa que considere tanto los objetivos educativos como las caracter\u00edsticas particulares de los alumnos y los recursos disponibles.<\/p>\n<h2 style=\"text-align: left;\"><strong>2. Gesti\u00f3n del aula: crear ambientes propicios para el aprendizaje<\/strong><\/h2>\n<p style=\"text-align: justify;\">La segunda parte se centra en la gesti\u00f3n del aula, un elemento fundamental para el \u00e9xito educativo. Cassany ofrece orientaci\u00f3n sobre c\u00f3mo establecer un ambiente de aprendizaje positivo, captar la atenci\u00f3n de los estudiantes, motivarlos y resolver conflictos de manera efectiva. La gesti\u00f3n del tiempo se presenta como un recurso valioso que los docentes deben utilizar sabiamente para maximizar el potencial de cada clase.<\/p>\n<h2 style=\"text-align: left;\"><strong>3. Comunicaci\u00f3n oral y escrita: habilidades claves para la ense\u00f1anza<\/strong><\/h2>\n<p style=\"text-align: justify;\">La tercera secci\u00f3n aborda la comunicaci\u00f3n oral y escrita, aspectos fundamentales en el proceso de ense\u00f1anza y aprendizaje. Cassany proporciona consejos pr\u00e1cticos sobre c\u00f3mo hablar en p\u00fablico de manera clara y efectiva, as\u00ed como c\u00f3mo desarrollar habilidades de escritura tanto para los docentes como para los alumnos. Adem\u00e1s, explora el uso de las nuevas tecnolog\u00edas como herramientas enriquecedoras en el aula.<\/p>\n<h2 style=\"text-align: left;\"><strong>4. Desarrollo profesional docente: un compromiso continuo con la excelencia<\/strong><\/h2>\n<p style=\"text-align: justify;\">La \u00faltima parte del libro se concentra en el desarrollo profesional docente. Cassany alienta a los educadores a reflexionar sobre su propia pr\u00e1ctica, participar activamente en actividades de formaci\u00f3n y mantenerse actualizados sobre las \u00faltimas tendencias educativas. Destaca la importancia de un compromiso constante con el crecimiento y la mejora profesional.<\/p>\n<h2 style=\"text-align: justify;\"><strong>Conclusiones<a href=\"https:\/\/mega.nz\/folder\/SJVjQRjB#qTtKeTFXSoVSLgJaHsU7aA\" target=\"_blank\" rel=\"noopener\">:<\/a><\/strong><\/h2>\n<p style=\"text-align: justify;\">\u00abEl Arte de Dar Clase\u00bb emerge como una gu\u00eda completa y accesible para los docentes en busca de la excelencia educativa. Los consejos claros, pr\u00e1cticos y respaldados por la investigaci\u00f3n educativa ofrecen una br\u00fajula confiable para aquellos que buscan no solo ense\u00f1ar, sino inspirar y guiar a las generaciones futuras hacia el \u00e9xito acad\u00e9mico y personal.<\/p>\n<p style=\"text-align: center;\"><strong>ENLACE DE LECTURA<a href=\"https:\/\/drive.google.com\/drive\/folders\/1o3P7v71YG7kG-jfAQcp4lWmEDcMDmbl4\" target=\"_blank\" rel=\"noopener\">:<\/a><\/strong> <a href=\"https:\/\/www.amazon.com\/-\/es\/Daniel-Cassany\/dp\/843396464X\" target=\"_blank\" rel=\"noopener\">EL ARTE DE DAR CLASES<\/a><\/p>\n\t\t<div class=\"pk-inline-posts\">\n\t\t\t\n\t\t\t<div class=\"pk-inline-posts-container pk-inline-posts-template-list\"\n\t\t\t\tdata-columns=\"1\">\n\t\t\t\t\t\t<article id=\"post-118051\" class=\"post-118051 post type-post status-publish format-standard has-post-thumbnail category-lectoescritura category-leer category-libros category-pedagogia tag-aula tag-comprension-lectora tag-creatividad tag-dia-del-libro tag-docentes tag-fichas-educativas tag-lectura tag-manualidades tag-material-didactico tag-recursos-educativos cs-entry cs-video-wrap\">\n\t\t\t<div class=\"pk-post-outer\">\n\n\t\t\t\t\t\t\t\t<div class=\"pk-post-inner\">\n\t\t\t\t\t<div class=\"entry-thumbnail\">\n\t\t\t\t\t\t<div class=\"pk-overlay pk-overlay-ratio pk-ratio-landscape\">\n\t\t\t\t\t\t\t<div class=\"pk-overlay-background\">\n\t\t\t\t\t\t\t\t<a href=\"https:\/\/webdelmaestrocmf.com\/portal\/dia-del-libro-23-de-abril-descarga-las-actividades-recursos-fichas-manualidades-y-materiales-motivadores-para-transformar-la-lectura-en-el-aula\/\" class=\"pk-overlay-link\">\n\t\t\t\t\t\t\t\t\t<img loading=\"lazy\" decoding=\"async\" width=\"300\" height=\"225\" src=\"https:\/\/webdelmaestrocmf.com\/portal\/wp-content\/uploads\/2026\/04\/1AA-Banner-1-portada-imagen-10-1-copia-23-300x225.webp\" class=\"attachment-pk-thumbnail size-pk-thumbnail wp-post-image\" alt=\"\" \/>\t\t\t\t\t\t\t\t<\/a>\n\t\t\t\t\t\t\t<\/div>\n\t\t\t\t\t\t<\/div>\n\t\t\t\t\t<\/div>\n\t\t\t\t<\/div>\n\t\t\t\t\n\t\t\t\t<div class=\"pk-post-inner\">\n\t\t\t\t\t<header>\n\t\t\t\t\t\t<h3 class=\"pk-title\"><a href=\"https:\/\/webdelmaestrocmf.com\/portal\/dia-del-libro-23-de-abril-descarga-las-actividades-recursos-fichas-manualidades-y-materiales-motivadores-para-transformar-la-lectura-en-el-aula\/\" rel=\"bookmark\">D\u00eda del Libro (23 de abril): Descarga las actividades, recursos, fichas, manualidades, materiales y pulseras motivadores para transformar la lectura en el aula<\/a><\/h3>\t\t\t\t\t<\/header><!-- .entry-header -->\n\t\t\t\t<\/div><!-- .post-inner -->\n\n\t\t\t<\/div><!-- .post-outer -->\n\t\t<\/article>\n\t\t\t<article id=\"post-118127\" class=\"post-118127 post type-post status-publish format-standard has-post-thumbnail category-descarga category-libros category-pedagogia tag-aula tag-docentes tag-educacion-2 tag-evaluacion-2 tag-formacion-docente tag-innovacion-2 tag-inteligencia-artificial tag-planificacion-3 tag-recursos-educativos tag-tecnologia-educativa-2 cs-entry cs-video-wrap\">\n\t\t\t<div class=\"pk-post-outer\">\n\n\t\t\t\t\t\t\t\t<div class=\"pk-post-inner\">\n\t\t\t\t\t<div class=\"entry-thumbnail\">\n\t\t\t\t\t\t<div class=\"pk-overlay pk-overlay-ratio pk-ratio-landscape\">\n\t\t\t\t\t\t\t<div class=\"pk-overlay-background\">\n\t\t\t\t\t\t\t\t<a href=\"https:\/\/webdelmaestrocmf.com\/portal\/guia-completa-de-claude-que-es-esta-guia-y-por-que-es-relevante-para-los-docentes\/\" class=\"pk-overlay-link\">\n\t\t\t\t\t\t\t\t\t<img loading=\"lazy\" decoding=\"async\" width=\"300\" height=\"225\" src=\"https:\/\/webdelmaestrocmf.com\/portal\/wp-content\/uploads\/2026\/04\/1AA-Banner-1-portada-imagen-10-1-copia-32-300x225.webp\" class=\"attachment-pk-thumbnail size-pk-thumbnail wp-post-image\" alt=\"\" \/>\t\t\t\t\t\t\t\t<\/a>\n\t\t\t\t\t\t\t<\/div>\n\t\t\t\t\t\t<\/div>\n\t\t\t\t\t<\/div>\n\t\t\t\t<\/div>\n\t\t\t\t\n\t\t\t\t<div class=\"pk-post-inner\">\n\t\t\t\t\t<header>\n\t\t\t\t\t\t<h3 class=\"pk-title\"><a href=\"https:\/\/webdelmaestrocmf.com\/portal\/guia-completa-de-claude-que-es-esta-guia-y-por-que-es-relevante-para-los-docentes\/\" rel=\"bookmark\">Descarga la gu\u00eda completa de Claude en PDF: \u00bfQu\u00e9 es esta gu\u00eda y por qu\u00e9 es relevante para los docentes?<\/a><\/h3>\t\t\t\t\t<\/header><!-- .entry-header -->\n\t\t\t\t<\/div><!-- .post-inner -->\n\n\t\t\t<\/div><!-- .post-outer -->\n\t\t<\/article>\n\t\t\t<article id=\"post-98052\" class=\"post-98052 post type-post status-publish format-standard has-post-thumbnail category-educacion-emocional category-libros category-pedagogia tag-aula tag-beneficios-de-la-educacion-emocional tag-como-ensenar-educacion-emocional tag-educacion-emocional tag-educacion-emocional-en-el-aula tag-educacion-emocional-en-primaria tag-secundaria cs-entry cs-video-wrap\">\n\t\t\t<div class=\"pk-post-outer\">\n\n\t\t\t\t\t\t\t\t<div class=\"pk-post-inner\">\n\t\t\t\t\t<div class=\"entry-thumbnail\">\n\t\t\t\t\t\t<div class=\"pk-overlay pk-overlay-ratio pk-ratio-landscape\">\n\t\t\t\t\t\t\t<div class=\"pk-overlay-background\">\n\t\t\t\t\t\t\t\t<a href=\"https:\/\/webdelmaestrocmf.com\/portal\/educacion-emocional-por-que-es-importante-y-como-implementarla-en-primaria-y-secundaria\/\" class=\"pk-overlay-link\">\n\t\t\t\t\t\t\t\t\t<img loading=\"lazy\" decoding=\"async\" width=\"300\" height=\"225\" src=\"https:\/\/webdelmaestrocmf.com\/portal\/wp-content\/uploads\/2026\/03\/1AA-Banner-1-portada-imagen-10-1-copia-1-6-300x225.webp\" class=\"attachment-pk-thumbnail size-pk-thumbnail wp-post-image\" alt=\"\" \/>\t\t\t\t\t\t\t\t<\/a>\n\t\t\t\t\t\t\t<\/div>\n\t\t\t\t\t\t<\/div>\n\t\t\t\t\t<\/div>\n\t\t\t\t<\/div>\n\t\t\t\t\n\t\t\t\t<div class=\"pk-post-inner\">\n\t\t\t\t\t<header>\n\t\t\t\t\t\t<h3 class=\"pk-title\"><a href=\"https:\/\/webdelmaestrocmf.com\/portal\/educacion-emocional-por-que-es-importante-y-como-implementarla-en-primaria-y-secundaria\/\" rel=\"bookmark\">Educaci\u00f3n emocional: descarga el cuaderno de regulaci\u00f3n emocional para primaria, herramientas pr\u00e1cticas para secundaria y una gu\u00eda completa para el docente<\/a><\/h3>\t\t\t\t\t<\/header><!-- .entry-header -->\n\t\t\t\t<\/div><!-- .post-inner -->\n\n\t\t\t<\/div><!-- .post-outer -->\n\t\t<\/article>\n\t\t\t\t<\/div>\n\t\t<\/div>\n\t\t\n","protected":false},"excerpt":{"rendered":"La ense\u00f1anza es un arte que requiere habilidades espec\u00edficas y un enfoque cuidadoso para lograr resultados efectivos. En&hellip;","protected":false},"author":1,"featured_media":102570,"comment_status":"open","ping_status":"closed","sticky":false,"template":"","format":"standard","meta":{"csco_display_header_overlay":false,"csco_singular_sidebar":"","csco_page_header_type":"","csco_page_load_nextpost":"","csco_post_video_location":[],"csco_post_video_location_hash":"","csco_post_video_url":"","csco_post_video_bg_start_time":0,"csco_post_video_bg_end_time":0,"csco_post_video_bg_volume":false,"_jetpack_memberships_contains_paid_content":false,"footnotes":""},"categories":[504,735],"tags":[1786,692,2050,58,2566,1760],"class_list":{"0":"post-102569","1":"post","2":"type-post","3":"status-publish","4":"format-standard","5":"has-post-thumbnail","7":"category-libros","8":"category-pedagogia","9":"tag-arte","10":"tag-clase","11":"tag-dar","12":"tag-docentes","13":"tag-el","14":"tag-libro","15":"cs-entry","16":"cs-video-wrap"},"yoast_head":"<!-- This site is optimized with the Yoast SEO plugin v27.5 - https:\/\/yoast.com\/product\/yoast-seo-wordpress\/ -->\n<title>Libro para docentes: El arte de dar clase - 2026<\/title>\n<meta name=\"description\" content=\"\u00bfQuieres mejorar tus t\u00e9cnicas de ense\u00f1anza? El Libro &#039;El Arte de Dar Clase&#039; de Daniel Cassany cuenta con consejos pr\u00e1cticos y efectivos.\" \/>\n<meta name=\"robots\" content=\"index, follow, max-snippet:-1, max-image-preview:large, max-video-preview:-1\" \/>\n<link rel=\"canonical\" href=\"https:\/\/webdelmaestrocmf.com\/portal\/libro-para-docentes-el-arte-de-dar-clase\/\" \/>\n<meta property=\"og:locale\" content=\"es_ES\" \/>\n<meta property=\"og:type\" content=\"article\" \/>\n<meta property=\"og:title\" content=\"Libro para docentes: El arte de dar clase - 2026\" \/>\n<meta property=\"og:description\" content=\"\u00bfQuieres mejorar tus t\u00e9cnicas de ense\u00f1anza? El Libro &#039;El Arte de Dar Clase&#039; de Daniel Cassany cuenta con consejos pr\u00e1cticos y efectivos.\" \/>\n<meta property=\"og:url\" content=\"https:\/\/webdelmaestrocmf.com\/portal\/libro-para-docentes-el-arte-de-dar-clase\/\" \/>\n<meta property=\"og:site_name\" content=\"Web del Maestro CMF\" \/>\n<meta property=\"article:publisher\" content=\"https:\/\/www.facebook.com\/WebdelMaestroCMF\/\" \/>\n<meta property=\"article:author\" content=\"https:\/\/www.facebook.com\/WebdelMaestroCMF\/\" \/>\n<meta property=\"article:published_time\" content=\"2024-01-14T17:06:55+00:00\" \/>\n<meta property=\"article:modified_time\" content=\"2024-02-26T13:23:04+00:00\" \/>\n<meta property=\"og:image\" content=\"https:\/\/webdelmaestrocmf.com\/portal\/wp-content\/uploads\/2024\/01\/Banner-1-portada-imagen-10.jpg\" \/>\n\t<meta property=\"og:image:width\" content=\"1024\" \/>\n\t<meta property=\"og:image:height\" content=\"1024\" \/>\n\t<meta property=\"og:image:type\" content=\"image\/jpeg\" \/>\n<meta name=\"author\" content=\"Web del Maestro CMF\" \/>\n<meta name=\"twitter:card\" content=\"summary_large_image\" \/>\n<meta name=\"twitter:creator\" content=\"@cmf_w\" \/>\n<meta name=\"twitter:site\" content=\"@cmf_w\" \/>\n<script type=\"application\/ld+json\" class=\"yoast-schema-graph\">{\"@context\":\"https:\\\/\\\/schema.org\",\"@graph\":[{\"@type\":\"ScholarlyArticle\",\"@id\":\"https:\\\/\\\/webdelmaestrocmf.com\\\/portal\\\/libro-para-docentes-el-arte-de-dar-clase\\\/#article\",\"isPartOf\":{\"@id\":\"https:\\\/\\\/webdelmaestrocmf.com\\\/portal\\\/libro-para-docentes-el-arte-de-dar-clase\\\/\"},\"author\":{\"name\":\"Web del Maestro CMF\",\"@id\":\"https:\\\/\\\/webdelmaestrocmf.com\\\/portal\\\/#\\\/schema\\\/person\\\/1072a2ed7bd960df8ef99a551fa35dc5\"},\"headline\":\"Libro para docentes: El arte de dar clase\",\"datePublished\":\"2024-01-14T17:06:55+00:00\",\"dateModified\":\"2024-02-26T13:23:04+00:00\",\"mainEntityOfPage\":{\"@id\":\"https:\\\/\\\/webdelmaestrocmf.com\\\/portal\\\/libro-para-docentes-el-arte-de-dar-clase\\\/\"},\"wordCount\":481,\"commentCount\":4,\"publisher\":{\"@id\":\"https:\\\/\\\/webdelmaestrocmf.com\\\/portal\\\/#organization\"},\"image\":{\"@id\":\"https:\\\/\\\/webdelmaestrocmf.com\\\/portal\\\/libro-para-docentes-el-arte-de-dar-clase\\\/#primaryimage\"},\"thumbnailUrl\":\"https:\\\/\\\/webdelmaestrocmf.com\\\/portal\\\/wp-content\\\/uploads\\\/2024\\\/01\\\/Banner-1-portada-imagen-10.jpg\",\"keywords\":[\"ARTE\",\"CLASE\",\"dar\",\"DOCENTES\",\"El\",\"LIBRO\"],\"articleSection\":[\"Libros\",\"Recursos\"],\"inLanguage\":\"es\",\"potentialAction\":[{\"@type\":\"CommentAction\",\"name\":\"Comment\",\"target\":[\"https:\\\/\\\/webdelmaestrocmf.com\\\/portal\\\/libro-para-docentes-el-arte-de-dar-clase\\\/#respond\"]}]},{\"@type\":\"WebPage\",\"@id\":\"https:\\\/\\\/webdelmaestrocmf.com\\\/portal\\\/libro-para-docentes-el-arte-de-dar-clase\\\/\",\"url\":\"https:\\\/\\\/webdelmaestrocmf.com\\\/portal\\\/libro-para-docentes-el-arte-de-dar-clase\\\/\",\"name\":\"Libro para docentes: El arte de dar clase - 2026\",\"isPartOf\":{\"@id\":\"https:\\\/\\\/webdelmaestrocmf.com\\\/portal\\\/#website\"},\"primaryImageOfPage\":{\"@id\":\"https:\\\/\\\/webdelmaestrocmf.com\\\/portal\\\/libro-para-docentes-el-arte-de-dar-clase\\\/#primaryimage\"},\"image\":{\"@id\":\"https:\\\/\\\/webdelmaestrocmf.com\\\/portal\\\/libro-para-docentes-el-arte-de-dar-clase\\\/#primaryimage\"},\"thumbnailUrl\":\"https:\\\/\\\/webdelmaestrocmf.com\\\/portal\\\/wp-content\\\/uploads\\\/2024\\\/01\\\/Banner-1-portada-imagen-10.jpg\",\"datePublished\":\"2024-01-14T17:06:55+00:00\",\"dateModified\":\"2024-02-26T13:23:04+00:00\",\"description\":\"\u00bfQuieres mejorar tus t\u00e9cnicas de ense\u00f1anza? El Libro 'El Arte de Dar Clase' de Daniel Cassany cuenta con consejos pr\u00e1cticos y efectivos.\",\"breadcrumb\":{\"@id\":\"https:\\\/\\\/webdelmaestrocmf.com\\\/portal\\\/libro-para-docentes-el-arte-de-dar-clase\\\/#breadcrumb\"},\"inLanguage\":\"es\",\"potentialAction\":[{\"@type\":\"ReadAction\",\"target\":[\"https:\\\/\\\/webdelmaestrocmf.com\\\/portal\\\/libro-para-docentes-el-arte-de-dar-clase\\\/\"]}]},{\"@type\":\"ImageObject\",\"inLanguage\":\"es\",\"@id\":\"https:\\\/\\\/webdelmaestrocmf.com\\\/portal\\\/libro-para-docentes-el-arte-de-dar-clase\\\/#primaryimage\",\"url\":\"https:\\\/\\\/webdelmaestrocmf.com\\\/portal\\\/wp-content\\\/uploads\\\/2024\\\/01\\\/Banner-1-portada-imagen-10.jpg\",\"contentUrl\":\"https:\\\/\\\/webdelmaestrocmf.com\\\/portal\\\/wp-content\\\/uploads\\\/2024\\\/01\\\/Banner-1-portada-imagen-10.jpg\",\"width\":1024,\"height\":1024},{\"@type\":\"BreadcrumbList\",\"@id\":\"https:\\\/\\\/webdelmaestrocmf.com\\\/portal\\\/libro-para-docentes-el-arte-de-dar-clase\\\/#breadcrumb\",\"itemListElement\":[{\"@type\":\"ListItem\",\"position\":1,\"name\":\"Portada\",\"item\":\"https:\\\/\\\/webdelmaestrocmf.com\\\/portal\\\/\"},{\"@type\":\"ListItem\",\"position\":2,\"name\":\"Recursos\",\"item\":\"https:\\\/\\\/webdelmaestrocmf.com\\\/portal\\\/category\\\/pedagogia\\\/\"},{\"@type\":\"ListItem\",\"position\":3,\"name\":\"Libro para docentes: El arte de dar clase\"}]},{\"@type\":\"WebSite\",\"@id\":\"https:\\\/\\\/webdelmaestrocmf.com\\\/portal\\\/#website\",\"url\":\"https:\\\/\\\/webdelmaestrocmf.com\\\/portal\\\/\",\"name\":\"Web del Maestro CMF\",\"description\":\"Maestros al servicio de la educaci\u00f3n\",\"publisher\":{\"@id\":\"https:\\\/\\\/webdelmaestrocmf.com\\\/portal\\\/#organization\"},\"alternateName\":\"WMCMF\",\"potentialAction\":[{\"@type\":\"SearchAction\",\"target\":{\"@type\":\"EntryPoint\",\"urlTemplate\":\"https:\\\/\\\/webdelmaestrocmf.com\\\/portal\\\/?s={search_term_string}\"},\"query-input\":{\"@type\":\"PropertyValueSpecification\",\"valueRequired\":true,\"valueName\":\"search_term_string\"}}],\"inLanguage\":\"es\"},{\"@type\":\"Organization\",\"@id\":\"https:\\\/\\\/webdelmaestrocmf.com\\\/portal\\\/#organization\",\"name\":\"Web del Maestro CMF\",\"alternateName\":\"WMCMF\",\"url\":\"https:\\\/\\\/webdelmaestrocmf.com\\\/portal\\\/\",\"logo\":{\"@type\":\"ImageObject\",\"inLanguage\":\"es\",\"@id\":\"https:\\\/\\\/webdelmaestrocmf.com\\\/portal\\\/#\\\/schema\\\/logo\\\/image\\\/\",\"url\":\"https:\\\/\\\/webdelmaestrocmf.com\\\/portal\\\/wp-content\\\/uploads\\\/2023\\\/01\\\/logo-wmcmf-2.png\",\"contentUrl\":\"https:\\\/\\\/webdelmaestrocmf.com\\\/portal\\\/wp-content\\\/uploads\\\/2023\\\/01\\\/logo-wmcmf-2.png\",\"width\":200,\"height\":60,\"caption\":\"Web del Maestro CMF\"},\"image\":{\"@id\":\"https:\\\/\\\/webdelmaestrocmf.com\\\/portal\\\/#\\\/schema\\\/logo\\\/image\\\/\"},\"sameAs\":[\"https:\\\/\\\/www.facebook.com\\\/WebdelMaestroCMF\\\/\",\"https:\\\/\\\/x.com\\\/cmf_w\",\"https:\\\/\\\/www.pinterest.com\\\/WMCMF\\\/\",\"https:\\\/\\\/www.linkedin.com\\\/company\\\/web-del-maestro-cmf\\\/\",\"https:\\\/\\\/www.instagram.com\\\/wmcmf\\\/\",\"https:\\\/\\\/www.youtube.com\\\/channel\\\/UCDPSvjbdodE5sHnC3OxutHw\",\"https:\\\/\\\/mastodon.social\\\/@wmcmf\",\"https:\\\/\\\/www.tiktok.com\\\/@webdelmaestrocmf\"]},{\"@type\":\"Person\",\"@id\":\"https:\\\/\\\/webdelmaestrocmf.com\\\/portal\\\/#\\\/schema\\\/person\\\/1072a2ed7bd960df8ef99a551fa35dc5\",\"name\":\"Web del Maestro CMF\",\"image\":{\"@type\":\"ImageObject\",\"inLanguage\":\"es\",\"@id\":\"https:\\\/\\\/secure.gravatar.com\\\/avatar\\\/23291dd5b5ae1077dcff3dbb04c3e02bd28403fa75af6d8787d5e97c5bbbe30b?s=96&d=mm&r=g\",\"url\":\"https:\\\/\\\/secure.gravatar.com\\\/avatar\\\/23291dd5b5ae1077dcff3dbb04c3e02bd28403fa75af6d8787d5e97c5bbbe30b?s=96&d=mm&r=g\",\"contentUrl\":\"https:\\\/\\\/secure.gravatar.com\\\/avatar\\\/23291dd5b5ae1077dcff3dbb04c3e02bd28403fa75af6d8787d5e97c5bbbe30b?s=96&d=mm&r=g\",\"caption\":\"Web del Maestro CMF\"},\"description\":\"Esta Web se cre\u00f3 sin fines de lucro, con fines educativos, cient\u00edficos y acad\u00e9micos, para personas que tengan dificultades y\\\/o inconvenientes en visualizar el material original. El objetivo es entregar recursos, compartir experiencias y materiales que ayuden a los padres de familia, maestros y estudiantes en su actualizaci\u00f3n y formaci\u00f3n permanente, en bien de la Educaci\u00f3n.\",\"sameAs\":[\"http:\\\/\\\/webdelmaestrocmf.com\\\/portal\",\"https:\\\/\\\/www.facebook.com\\\/WebdelMaestroCMF\\\/\",\"https:\\\/\\\/www.instagram.com\\\/wmcmf\\\/\",\"https:\\\/\\\/cl.linkedin.com\\\/company\\\/web-del-maestro-cmf\",\"https:\\\/\\\/www.pinterest.com\\\/WMCMF\\\/publicaciones\\\/\",\"https:\\\/\\\/x.com\\\/cmf_w\",\"https:\\\/\\\/www.youtube.com\\\/@WMCMF\"]}]}<\/script>\n<!-- \/ Yoast SEO plugin. -->","yoast_head_json":{"title":"Libro para docentes: El arte de dar clase - 2026","description":"\u00bfQuieres mejorar tus t\u00e9cnicas de ense\u00f1anza? El Libro 'El Arte de Dar Clase' de Daniel Cassany cuenta con consejos pr\u00e1cticos y efectivos.","robots":{"index":"index","follow":"follow","max-snippet":"max-snippet:-1","max-image-preview":"max-image-preview:large","max-video-preview":"max-video-preview:-1"},"canonical":"https:\/\/webdelmaestrocmf.com\/portal\/libro-para-docentes-el-arte-de-dar-clase\/","og_locale":"es_ES","og_type":"article","og_title":"Libro para docentes: El arte de dar clase - 2026","og_description":"\u00bfQuieres mejorar tus t\u00e9cnicas de ense\u00f1anza? El Libro 'El Arte de Dar Clase' de Daniel Cassany cuenta con consejos pr\u00e1cticos y efectivos.","og_url":"https:\/\/webdelmaestrocmf.com\/portal\/libro-para-docentes-el-arte-de-dar-clase\/","og_site_name":"Web del Maestro CMF","article_publisher":"https:\/\/www.facebook.com\/WebdelMaestroCMF\/","article_author":"https:\/\/www.facebook.com\/WebdelMaestroCMF\/","article_published_time":"2024-01-14T17:06:55+00:00","article_modified_time":"2024-02-26T13:23:04+00:00","og_image":[{"width":1024,"height":1024,"url":"https:\/\/webdelmaestrocmf.com\/portal\/wp-content\/uploads\/2024\/01\/Banner-1-portada-imagen-10.jpg","type":"image\/jpeg"}],"author":"Web del Maestro CMF","twitter_card":"summary_large_image","twitter_creator":"@cmf_w","twitter_site":"@cmf_w","schema":{"@context":"https:\/\/schema.org","@graph":[{"@type":"ScholarlyArticle","@id":"https:\/\/webdelmaestrocmf.com\/portal\/libro-para-docentes-el-arte-de-dar-clase\/#article","isPartOf":{"@id":"https:\/\/webdelmaestrocmf.com\/portal\/libro-para-docentes-el-arte-de-dar-clase\/"},"author":{"name":"Web del Maestro CMF","@id":"https:\/\/webdelmaestrocmf.com\/portal\/#\/schema\/person\/1072a2ed7bd960df8ef99a551fa35dc5"},"headline":"Libro para docentes: El arte de dar clase","datePublished":"2024-01-14T17:06:55+00:00","dateModified":"2024-02-26T13:23:04+00:00","mainEntityOfPage":{"@id":"https:\/\/webdelmaestrocmf.com\/portal\/libro-para-docentes-el-arte-de-dar-clase\/"},"wordCount":481,"commentCount":4,"publisher":{"@id":"https:\/\/webdelmaestrocmf.com\/portal\/#organization"},"image":{"@id":"https:\/\/webdelmaestrocmf.com\/portal\/libro-para-docentes-el-arte-de-dar-clase\/#primaryimage"},"thumbnailUrl":"https:\/\/webdelmaestrocmf.com\/portal\/wp-content\/uploads\/2024\/01\/Banner-1-portada-imagen-10.jpg","keywords":["ARTE","CLASE","dar","DOCENTES","El","LIBRO"],"articleSection":["Libros","Recursos"],"inLanguage":"es","potentialAction":[{"@type":"CommentAction","name":"Comment","target":["https:\/\/webdelmaestrocmf.com\/portal\/libro-para-docentes-el-arte-de-dar-clase\/#respond"]}]},{"@type":"WebPage","@id":"https:\/\/webdelmaestrocmf.com\/portal\/libro-para-docentes-el-arte-de-dar-clase\/","url":"https:\/\/webdelmaestrocmf.com\/portal\/libro-para-docentes-el-arte-de-dar-clase\/","name":"Libro para docentes: El arte de dar clase - 2026","isPartOf":{"@id":"https:\/\/webdelmaestrocmf.com\/portal\/#website"},"primaryImageOfPage":{"@id":"https:\/\/webdelmaestrocmf.com\/portal\/libro-para-docentes-el-arte-de-dar-clase\/#primaryimage"},"image":{"@id":"https:\/\/webdelmaestrocmf.com\/portal\/libro-para-docentes-el-arte-de-dar-clase\/#primaryimage"},"thumbnailUrl":"https:\/\/webdelmaestrocmf.com\/portal\/wp-content\/uploads\/2024\/01\/Banner-1-portada-imagen-10.jpg","datePublished":"2024-01-14T17:06:55+00:00","dateModified":"2024-02-26T13:23:04+00:00","description":"\u00bfQuieres mejorar tus t\u00e9cnicas de ense\u00f1anza? El Libro 'El Arte de Dar Clase' de Daniel Cassany cuenta con consejos pr\u00e1cticos y efectivos.","breadcrumb":{"@id":"https:\/\/webdelmaestrocmf.com\/portal\/libro-para-docentes-el-arte-de-dar-clase\/#breadcrumb"},"inLanguage":"es","potentialAction":[{"@type":"ReadAction","target":["https:\/\/webdelmaestrocmf.com\/portal\/libro-para-docentes-el-arte-de-dar-clase\/"]}]},{"@type":"ImageObject","inLanguage":"es","@id":"https:\/\/webdelmaestrocmf.com\/portal\/libro-para-docentes-el-arte-de-dar-clase\/#primaryimage","url":"https:\/\/webdelmaestrocmf.com\/portal\/wp-content\/uploads\/2024\/01\/Banner-1-portada-imagen-10.jpg","contentUrl":"https:\/\/webdelmaestrocmf.com\/portal\/wp-content\/uploads\/2024\/01\/Banner-1-portada-imagen-10.jpg","width":1024,"height":1024},{"@type":"BreadcrumbList","@id":"https:\/\/webdelmaestrocmf.com\/portal\/libro-para-docentes-el-arte-de-dar-clase\/#breadcrumb","itemListElement":[{"@type":"ListItem","position":1,"name":"Portada","item":"https:\/\/webdelmaestrocmf.com\/portal\/"},{"@type":"ListItem","position":2,"name":"Recursos","item":"https:\/\/webdelmaestrocmf.com\/portal\/category\/pedagogia\/"},{"@type":"ListItem","position":3,"name":"Libro para docentes: El arte de dar clase"}]},{"@type":"WebSite","@id":"https:\/\/webdelmaestrocmf.com\/portal\/#website","url":"https:\/\/webdelmaestrocmf.com\/portal\/","name":"Web del Maestro CMF","description":"Maestros al servicio de la educaci\u00f3n","publisher":{"@id":"https:\/\/webdelmaestrocmf.com\/portal\/#organization"},"alternateName":"WMCMF","potentialAction":[{"@type":"SearchAction","target":{"@type":"EntryPoint","urlTemplate":"https:\/\/webdelmaestrocmf.com\/portal\/?s={search_term_string}"},"query-input":{"@type":"PropertyValueSpecification","valueRequired":true,"valueName":"search_term_string"}}],"inLanguage":"es"},{"@type":"Organization","@id":"https:\/\/webdelmaestrocmf.com\/portal\/#organization","name":"Web del Maestro CMF","alternateName":"WMCMF","url":"https:\/\/webdelmaestrocmf.com\/portal\/","logo":{"@type":"ImageObject","inLanguage":"es","@id":"https:\/\/webdelmaestrocmf.com\/portal\/#\/schema\/logo\/image\/","url":"https:\/\/webdelmaestrocmf.com\/portal\/wp-content\/uploads\/2023\/01\/logo-wmcmf-2.png","contentUrl":"https:\/\/webdelmaestrocmf.com\/portal\/wp-content\/uploads\/2023\/01\/logo-wmcmf-2.png","width":200,"height":60,"caption":"Web del Maestro CMF"},"image":{"@id":"https:\/\/webdelmaestrocmf.com\/portal\/#\/schema\/logo\/image\/"},"sameAs":["https:\/\/www.facebook.com\/WebdelMaestroCMF\/","https:\/\/x.com\/cmf_w","https:\/\/www.pinterest.com\/WMCMF\/","https:\/\/www.linkedin.com\/company\/web-del-maestro-cmf\/","https:\/\/www.instagram.com\/wmcmf\/","https:\/\/www.youtube.com\/channel\/UCDPSvjbdodE5sHnC3OxutHw","https:\/\/mastodon.social\/@wmcmf","https:\/\/www.tiktok.com\/@webdelmaestrocmf"]},{"@type":"Person","@id":"https:\/\/webdelmaestrocmf.com\/portal\/#\/schema\/person\/1072a2ed7bd960df8ef99a551fa35dc5","name":"Web del Maestro CMF","image":{"@type":"ImageObject","inLanguage":"es","@id":"https:\/\/secure.gravatar.com\/avatar\/23291dd5b5ae1077dcff3dbb04c3e02bd28403fa75af6d8787d5e97c5bbbe30b?s=96&d=mm&r=g","url":"https:\/\/secure.gravatar.com\/avatar\/23291dd5b5ae1077dcff3dbb04c3e02bd28403fa75af6d8787d5e97c5bbbe30b?s=96&d=mm&r=g","contentUrl":"https:\/\/secure.gravatar.com\/avatar\/23291dd5b5ae1077dcff3dbb04c3e02bd28403fa75af6d8787d5e97c5bbbe30b?s=96&d=mm&r=g","caption":"Web del Maestro CMF"},"description":"Esta Web se cre\u00f3 sin fines de lucro, con fines educativos, cient\u00edficos y acad\u00e9micos, para personas que tengan dificultades y\/o inconvenientes en visualizar el material original. El objetivo es entregar recursos, compartir experiencias y materiales que ayuden a los padres de familia, maestros y estudiantes en su actualizaci\u00f3n y formaci\u00f3n permanente, en bien de la Educaci\u00f3n.","sameAs":["http:\/\/webdelmaestrocmf.com\/portal","https:\/\/www.facebook.com\/WebdelMaestroCMF\/","https:\/\/www.instagram.com\/wmcmf\/","https:\/\/cl.linkedin.com\/company\/web-del-maestro-cmf","https:\/\/www.pinterest.com\/WMCMF\/publicaciones\/","https:\/\/x.com\/cmf_w","https:\/\/www.youtube.com\/@WMCMF"]}]}},"jetpack_featured_media_url":"https:\/\/webdelmaestrocmf.com\/portal\/wp-content\/uploads\/2024\/01\/Banner-1-portada-imagen-10.jpg","jetpack_sharing_enabled":true,"jetpack-related-posts":[{"id":60419,"url":"https:\/\/webdelmaestrocmf.com\/portal\/daniel-cassany-todos-los-docentes-estamos-agotados-del-numero-de-horas-que-pasamos-pegados-a-la-pantalla\/","url_meta":{"origin":102569,"position":0},"title":"Daniel Cassany: Todos los docentes estamos agotados del n\u00famero de horas que pasamos pegados a la pantalla","author":"Web del Maestro CMF","date":"11 marzo, 2021","format":false,"excerpt":"El profesor e investigador en Ciencias de la Educaci\u00f3n Daniel Cassany (1961), opina que \u201cel mejor docente no es el que habla m\u00e1s o mejor, sino el que sabe organizar la clase para que hablen los alumnos con inter\u00e9s del contenido del programa. (\u2026) Dar clase hoy no significa dar\u2026","rel":"","context":"En \u00abEntrevistas\u00bb","block_context":{"text":"Entrevistas","link":"https:\/\/webdelmaestrocmf.com\/portal\/category\/noticias\/entrevistas\/"},"img":{"alt_text":"Daniel Cassany","src":"https:\/\/i0.wp.com\/webdelmaestrocmf.com\/portal\/wp-content\/uploads\/2021\/03\/A12B3C4D-20.jpg?resize=350%2C200&ssl=1","width":350,"height":200,"srcset":"https:\/\/i0.wp.com\/webdelmaestrocmf.com\/portal\/wp-content\/uploads\/2021\/03\/A12B3C4D-20.jpg?resize=350%2C200&ssl=1 1x, https:\/\/i0.wp.com\/webdelmaestrocmf.com\/portal\/wp-content\/uploads\/2021\/03\/A12B3C4D-20.jpg?resize=525%2C300&ssl=1 1.5x, https:\/\/i0.wp.com\/webdelmaestrocmf.com\/portal\/wp-content\/uploads\/2021\/03\/A12B3C4D-20.jpg?resize=700%2C400&ssl=1 2x"},"classes":[]},{"id":45002,"url":"https:\/\/webdelmaestrocmf.com\/portal\/daniel-cassany-muchos-profesores-apenas-egresan-de-su-formacion-inicial-ya-se-sienten-desactualizados\/","url_meta":{"origin":102569,"position":1},"title":"Daniel Cassany: Muchos profesores apenas egresan de su formaci\u00f3n inicial ya se sienten desactualizados","author":"Web del Maestro CMF","date":"3 marzo, 2020","format":false,"excerpt":"El fil\u00f3logo, investigador y profesor espa\u00f1ol Daniel Cassany (1961), interesado en la cultura digital y sus efectos en la escritura y en la escuela, considera que \u201cla escuela tiene que trabajar con las herramientas de la sociedad, con los instrumentos y con las nuevas formas de representaci\u00f3n y transmisi\u00f3n de\u2026","rel":"","context":"En \u00abEntrevistas\u00bb","block_context":{"text":"Entrevistas","link":"https:\/\/webdelmaestrocmf.com\/portal\/category\/noticias\/entrevistas\/"},"img":{"alt_text":"","src":"https:\/\/i0.wp.com\/webdelmaestrocmf.com\/portal\/wp-content\/uploads\/2020\/03\/Banner-1-portada-imagen-10-1-16.jpg?resize=350%2C200&ssl=1","width":350,"height":200,"srcset":"https:\/\/i0.wp.com\/webdelmaestrocmf.com\/portal\/wp-content\/uploads\/2020\/03\/Banner-1-portada-imagen-10-1-16.jpg?resize=350%2C200&ssl=1 1x, https:\/\/i0.wp.com\/webdelmaestrocmf.com\/portal\/wp-content\/uploads\/2020\/03\/Banner-1-portada-imagen-10-1-16.jpg?resize=525%2C300&ssl=1 1.5x, https:\/\/i0.wp.com\/webdelmaestrocmf.com\/portal\/wp-content\/uploads\/2020\/03\/Banner-1-portada-imagen-10-1-16.jpg?resize=700%2C400&ssl=1 2x"},"classes":[]},{"id":18336,"url":"https:\/\/webdelmaestrocmf.com\/portal\/hoy-estamos-mucho-mas-rodeados-basura-textual\/","url_meta":{"origin":102569,"position":2},"title":"Hoy estamos mucho m\u00e1s rodeados de basura textual","author":"Web del Maestro CMF","date":"15 mayo, 2017","format":false,"excerpt":"El mundo de la educaci\u00f3n est\u00e1 en constante evoluci\u00f3n, impulsado por avances tecnol\u00f3gicos que han transformado la forma en que los estudiantes aprenden y los docentes ense\u00f1an. En este viaje hacia el aprendizaje digital, el profesor espa\u00f1ol Daniel Cassany, licenciado en filolog\u00eda y doctor en filosof\u00eda y letras, nos gu\u00eda\u2026","rel":"","context":"En \u00abVideo I\u00bb","block_context":{"text":"Video I","link":"https:\/\/webdelmaestrocmf.com\/portal\/category\/video\/"},"img":{"alt_text":"basura textual","src":"https:\/\/i0.wp.com\/webdelmaestrocmf.com\/portal\/wp-content\/uploads\/2017\/05\/A12B3C4D.jpg?resize=350%2C200&ssl=1","width":350,"height":200,"srcset":"https:\/\/i0.wp.com\/webdelmaestrocmf.com\/portal\/wp-content\/uploads\/2017\/05\/A12B3C4D.jpg?resize=350%2C200&ssl=1 1x, https:\/\/i0.wp.com\/webdelmaestrocmf.com\/portal\/wp-content\/uploads\/2017\/05\/A12B3C4D.jpg?resize=525%2C300&ssl=1 1.5x, https:\/\/i0.wp.com\/webdelmaestrocmf.com\/portal\/wp-content\/uploads\/2017\/05\/A12B3C4D.jpg?resize=700%2C400&ssl=1 2x"},"classes":[]},{"id":108416,"url":"https:\/\/webdelmaestrocmf.com\/portal\/descubre-200-prompts-para-docentes-una-guia-para-profes-innovadores\/","url_meta":{"origin":102569,"position":3},"title":"Descarga la gu\u00eda de 200 Prompts para docentes: una gu\u00eda para \u00abProfes\u00bb innovadores","author":"Web del Maestro CMF","date":"25 marzo, 2026","format":false,"excerpt":"Gu\u00eda con 200 prompts para docentes que facilita planificar clases, evaluar, motivar estudiantes e innovar en el aula, optimizando el uso de inteligencia artificial con criterios claros y aplicables.","rel":"","context":"En \u00abIA\u00bb","block_context":{"text":"IA","link":"https:\/\/webdelmaestrocmf.com\/portal\/category\/tecnologia\/ia\/"},"img":{"alt_text":"","src":"https:\/\/i0.wp.com\/webdelmaestrocmf.com\/portal\/wp-content\/uploads\/2025\/12\/1AA-Banner-1-portada-imagen-10-1-copia-1.webp?resize=350%2C200&ssl=1","width":350,"height":200,"srcset":"https:\/\/i0.wp.com\/webdelmaestrocmf.com\/portal\/wp-content\/uploads\/2025\/12\/1AA-Banner-1-portada-imagen-10-1-copia-1.webp?resize=350%2C200&ssl=1 1x, https:\/\/i0.wp.com\/webdelmaestrocmf.com\/portal\/wp-content\/uploads\/2025\/12\/1AA-Banner-1-portada-imagen-10-1-copia-1.webp?resize=525%2C300&ssl=1 1.5x, https:\/\/i0.wp.com\/webdelmaestrocmf.com\/portal\/wp-content\/uploads\/2025\/12\/1AA-Banner-1-portada-imagen-10-1-copia-1.webp?resize=700%2C400&ssl=1 2x, https:\/\/i0.wp.com\/webdelmaestrocmf.com\/portal\/wp-content\/uploads\/2025\/12\/1AA-Banner-1-portada-imagen-10-1-copia-1.webp?resize=1050%2C600&ssl=1 3x"},"classes":[]},{"id":9099,"url":"https:\/\/webdelmaestrocmf.com\/portal\/20-libros-de-paulo-freire-para-descargar\/","url_meta":{"origin":102569,"position":4},"title":"8 libros de Paulo Freire recomendado para docentes","author":"Web del Maestro CMF","date":"9 agosto, 2018","format":false,"excerpt":"Laberintos del Tiempo, ofrece 8 Libros de Paulo Freire para descargar. Sabemos la importancia que tiene para los profesores, estudiantes de educaci\u00f3n y padres de familia, conocer que la PEDAG\u00d3GICA CR\u00cdTICA como un excelente camino de la ense\u00f1anza \u2013 aprendizaje, invita \u201ca las dos partes involucradas a construir sociedad desde\u2026","rel":"","context":"En \u00abEducaci\u00f3n y Familia\u00bb","block_context":{"text":"Educaci\u00f3n y Familia","link":"https:\/\/webdelmaestrocmf.com\/portal\/category\/pedagogia\/educacion-y-familia\/"},"img":{"alt_text":"","src":"https:\/\/i0.wp.com\/webdelmaestrocmf.com\/portal\/wp-content\/uploads\/2018\/08\/Banner-1-portada-imagen-10-1-4.jpg?resize=350%2C200&ssl=1","width":350,"height":200,"srcset":"https:\/\/i0.wp.com\/webdelmaestrocmf.com\/portal\/wp-content\/uploads\/2018\/08\/Banner-1-portada-imagen-10-1-4.jpg?resize=350%2C200&ssl=1 1x, https:\/\/i0.wp.com\/webdelmaestrocmf.com\/portal\/wp-content\/uploads\/2018\/08\/Banner-1-portada-imagen-10-1-4.jpg?resize=525%2C300&ssl=1 1.5x, https:\/\/i0.wp.com\/webdelmaestrocmf.com\/portal\/wp-content\/uploads\/2018\/08\/Banner-1-portada-imagen-10-1-4.jpg?resize=700%2C400&ssl=1 2x"},"classes":[]},{"id":112521,"url":"https:\/\/webdelmaestrocmf.com\/portal\/manual-del-prompt-una-herramienta-imprescindible-para-docentes-que-usan-inteligencia-artificial\/","url_meta":{"origin":102569,"position":5},"title":"Manual del Prompt: una herramienta imprescindible para docentes que usan inteligencia artificial","author":"Web del Maestro CMF","date":"19 marzo, 2026","format":false,"excerpt":"Gu\u00eda pr\u00e1ctica creada por Alfredo Vela Zancada que ense\u00f1a a redactar prompts efectivos para aprovechar la inteligencia artificial en la educaci\u00f3n.","rel":"","context":"En \u00abIA\u00bb","block_context":{"text":"IA","link":"https:\/\/webdelmaestrocmf.com\/portal\/category\/tecnologia\/ia\/"},"img":{"alt_text":"","src":"https:\/\/i0.wp.com\/webdelmaestrocmf.com\/portal\/wp-content\/uploads\/2025\/10\/1AA-Banner-1-portada-imagen-10-1-copia.webp?resize=350%2C200&ssl=1","width":350,"height":200,"srcset":"https:\/\/i0.wp.com\/webdelmaestrocmf.com\/portal\/wp-content\/uploads\/2025\/10\/1AA-Banner-1-portada-imagen-10-1-copia.webp?resize=350%2C200&ssl=1 1x, https:\/\/i0.wp.com\/webdelmaestrocmf.com\/portal\/wp-content\/uploads\/2025\/10\/1AA-Banner-1-portada-imagen-10-1-copia.webp?resize=525%2C300&ssl=1 1.5x, https:\/\/i0.wp.com\/webdelmaestrocmf.com\/portal\/wp-content\/uploads\/2025\/10\/1AA-Banner-1-portada-imagen-10-1-copia.webp?resize=700%2C400&ssl=1 2x, https:\/\/i0.wp.com\/webdelmaestrocmf.com\/portal\/wp-content\/uploads\/2025\/10\/1AA-Banner-1-portada-imagen-10-1-copia.webp?resize=1050%2C600&ssl=1 3x"},"classes":[]}],"_links":{"self":[{"href":"https:\/\/webdelmaestrocmf.com\/portal\/wp-json\/wp\/v2\/posts\/102569","targetHints":{"allow":["GET"]}}],"collection":[{"href":"https:\/\/webdelmaestrocmf.com\/portal\/wp-json\/wp\/v2\/posts"}],"about":[{"href":"https:\/\/webdelmaestrocmf.com\/portal\/wp-json\/wp\/v2\/types\/post"}],"author":[{"embeddable":true,"href":"https:\/\/webdelmaestrocmf.com\/portal\/wp-json\/wp\/v2\/users\/1"}],"replies":[{"embeddable":true,"href":"https:\/\/webdelmaestrocmf.com\/portal\/wp-json\/wp\/v2\/comments?post=102569"}],"version-history":[{"count":0,"href":"https:\/\/webdelmaestrocmf.com\/portal\/wp-json\/wp\/v2\/posts\/102569\/revisions"}],"wp:featuredmedia":[{"embeddable":true,"href":"https:\/\/webdelmaestrocmf.com\/portal\/wp-json\/wp\/v2\/media\/102570"}],"wp:attachment":[{"href":"https:\/\/webdelmaestrocmf.com\/portal\/wp-json\/wp\/v2\/media?parent=102569"}],"wp:term":[{"taxonomy":"category","embeddable":true,"href":"https:\/\/webdelmaestrocmf.com\/portal\/wp-json\/wp\/v2\/categories?post=102569"},{"taxonomy":"post_tag","embeddable":true,"href":"https:\/\/webdelmaestrocmf.com\/portal\/wp-json\/wp\/v2\/tags?post=102569"}],"curies":[{"name":"wp","href":"https:\/\/api.w.org\/{rel}","templated":true}]}}