{"id":102288,"date":"2024-03-14T21:09:38","date_gmt":"2024-03-15T00:09:38","guid":{"rendered":"https:\/\/webdelmaestrocmf.com\/portal\/?p=102288"},"modified":"2025-06-14T19:14:35","modified_gmt":"2025-06-14T23:14:35","slug":"proyectos-practicos-de-ia-para-la-educacion-primaria","status":"publish","type":"post","link":"https:\/\/webdelmaestrocmf.com\/portal\/proyectos-practicos-de-ia-para-la-educacion-primaria\/","title":{"rendered":"Proyectos pr\u00e1cticos de IA para la Educaci\u00f3n Primaria"},"content":{"rendered":"<p style=\"text-align: justify;\">La integraci\u00f3n de la tecnolog\u00eda es esencial para preparar a los estudiantes para los desaf\u00edos y las oportunidades del futuro. En este sentido, la Inteligencia Artificial (IA) se erige como una de las tecnolog\u00edas m\u00e1s influyentes y transformadoras de nuestra sociedad. Es por eso que quiero compartir con ustedes un recurso valioso que puede enriquecer nuestra labor docente en la etapa de Primaria: \u00abProyectos pr\u00e1cticos de IA para el aula: una gu\u00eda para maestros de Primaria\u00bb, editado por ISTE.<!--more--><\/p>\n<p style=\"text-align: justify;\">La IA, con sus complejidades y aplicaciones, a menudo puede resultar intimidante para los educadores. Sin embargo, este libro ofrece una puerta de entrada accesible al fascinante mundo de la IA. Proporciona una base te\u00f3rica s\u00f3lida al explicar qu\u00e9 es la IA, c\u00f3mo funciona y cu\u00e1les son sus implicaciones en el \u00e1mbito educativo.<\/p>\n<p>Art\u00edculo relacionado:\u00a0\u00a0<a href=\"https:\/\/webdelmaestrocmf.com\/portal\/cursos-de-inteligencia-artificial-para-docentes\/\" target=\"_top\" rel=\"noopener\">Cursos de Inteligencia Artificial para docentes<\/a><\/p>\n<p style=\"text-align: justify;\">No obstante, lo que realmente distingue a este libro es su enfoque pr\u00e1ctico y creativo. A trav\u00e9s de proyectos espec\u00edficos, nos gu\u00eda en la aplicaci\u00f3n efectiva de la IA en nuestras aulas. Estos proyectos no solo facilitan la comprensi\u00f3n de los conceptos clave de la IA, sino que tambi\u00e9n ofrecen oportunidades emocionantes para la participaci\u00f3n activa de los estudiantes en el aprendizaje.<\/p>\n<p style=\"text-align: justify;\">Para aquellos maestros que est\u00e1n dando sus primeros pasos en el aprendizaje de la IA, este libro resulta particularmente valioso. Aborda la brecha entre la teor\u00eda y la aplicaci\u00f3n, proporcionando una serie de gu\u00edas paso a paso que permiten a los educadores incorporar la IA de manera efectiva en sus planes de estudio.<\/p>\n<p style=\"text-align: justify;\">Lo m\u00e1s destacado de este recurso es que est\u00e1 disponible de forma gratuita. Puedes descargarlo f\u00e1cilmente desde la p\u00e1gina web de ISTE, donde tambi\u00e9n encontrar\u00e1s otras cuatro gu\u00edas sobre IA dise\u00f1adas para diferentes niveles y \u00e1reas. Estas gu\u00edas se convertir\u00e1n en aliadas durante las pr\u00f3ximas semanas, ampliando a\u00fan m\u00e1s nuestro conocimiento y habilidades en el fascinante mundo de la IA.<\/p>\n<p style=\"text-align: justify;\">Queremos expresar nuestro agradecimiento a ISTE por desarrollar y compartir este material de manera gratuita, reconociendo la importancia de proporcionar recursos accesibles para los educadores comprometidos con la mejora continua de la educaci\u00f3n. Este gesto altruista demuestra el compromiso de ISTE con el avance de la educaci\u00f3n y el empoderamiento de los maestros en la era de la IA.<\/p>\n<p><iframe loading=\"lazy\" src=\"https:\/\/drive.google.com\/file\/d\/1kB0YBQhpATWFhZxoqObRxtQqSNOAvOq9\/preview\" width=\"100%\" height=\"480\"><\/iframe><br \/>\n<iframe loading=\"lazy\" src=\"https:\/\/drive.google.com\/file\/d\/1coNrS5egh6TOV7PTUWN9u6LnylEp_4Fo\/preview\" width=\"100%\" height=\"480\"><span data-mce-type=\"bookmark\" style=\"display: inline-block; width: 0px; overflow: hidden; line-height: 0;\" class=\"mce_SELRES_start\">\ufeff<\/span><\/iframe><\/p>\n<p style=\"text-align: center;\"><strong>ENLACE DE LECTURA:\u00a0<\/strong><a href=\"https:\/\/drive.google.com\/drive\/folders\/1Y_bZ0LTqnzE27BPPInEV-z4cgmgWzztB?usp=sharing\" target=\"_blank\" rel=\"noopener\">PROYECTOS PR\u00c1CTICOS DE IA PARA LA EDUCACI\u00d3N PRIMARIA<\/a><\/p>\n\t\t<div class=\"pk-inline-posts\">\n\t\t\t\n\t\t\t<div class=\"pk-inline-posts-container pk-inline-posts-template-list\"\n\t\t\t\tdata-columns=\"1\">\n\t\t\t\t\t\t<article id=\"post-109460\" class=\"post-109460 post type-post status-publish format-standard has-post-thumbnail category-ia category-inteligencia-artificial category-pedagogia category-tecnologia tag-ia-en-la-escuela-sube-notas tag-pero-afecta-el-aprendizaje tag-que-hacer cs-entry cs-video-wrap\">\n\t\t\t<div class=\"pk-post-outer\">\n\n\t\t\t\t\t\t\t\t<div class=\"pk-post-inner\">\n\t\t\t\t\t<div class=\"entry-thumbnail\">\n\t\t\t\t\t\t<div class=\"pk-overlay pk-overlay-ratio pk-ratio-landscape\">\n\t\t\t\t\t\t\t<div class=\"pk-overlay-background\">\n\t\t\t\t\t\t\t\t<a href=\"https:\/\/webdelmaestrocmf.com\/portal\/la-ia-en-la-escuela-sube-notas-pero-mejora-el-aprendizaje-que-hacer\/\" class=\"pk-overlay-link\">\n\t\t\t\t\t\t\t\t\t<img loading=\"lazy\" decoding=\"async\" width=\"300\" height=\"225\" src=\"https:\/\/webdelmaestrocmf.com\/portal\/wp-content\/uploads\/2025\/06\/1AA-Banner-1-portada-imagen-10-1-copia-5-1-300x225.webp\" class=\"attachment-pk-thumbnail size-pk-thumbnail wp-post-image\" alt=\"\" \/>\t\t\t\t\t\t\t\t<\/a>\n\t\t\t\t\t\t\t<\/div>\n\t\t\t\t\t\t<\/div>\n\t\t\t\t\t<\/div>\n\t\t\t\t<\/div>\n\t\t\t\t\n\t\t\t\t<div class=\"pk-post-inner\">\n\t\t\t\t\t<header>\n\t\t\t\t\t\t<h3 class=\"pk-title\"><a href=\"https:\/\/webdelmaestrocmf.com\/portal\/la-ia-en-la-escuela-sube-notas-pero-mejora-el-aprendizaje-que-hacer\/\" rel=\"bookmark\">La IA en la escuela sube notas, pero afecta el aprendizaje; \u00bfqu\u00e9 hacer?<\/a><\/h3>\t\t\t\t\t<\/header><!-- .entry-header -->\n\t\t\t\t<\/div><!-- .post-inner -->\n\n\t\t\t<\/div><!-- .post-outer -->\n\t\t<\/article>\n\t\t\t<article id=\"post-107726\" class=\"post-107726 post type-post status-publish format-standard has-post-thumbnail category-descarga category-ia category-tecnologia tag-artificial tag-descarga tag-docencia tag-docentes tag-inteligencia cs-entry cs-video-wrap\">\n\t\t\t<div class=\"pk-post-outer\">\n\n\t\t\t\t\t\t\t\t<div class=\"pk-post-inner\">\n\t\t\t\t\t<div class=\"entry-thumbnail\">\n\t\t\t\t\t\t<div class=\"pk-overlay pk-overlay-ratio pk-ratio-landscape\">\n\t\t\t\t\t\t\t<div class=\"pk-overlay-background\">\n\t\t\t\t\t\t\t\t<a href=\"https:\/\/webdelmaestrocmf.com\/portal\/docencia-en-la-era-de-la-inteligencia-artificial-descarga-el-manual-para-docentes\/\" class=\"pk-overlay-link\">\n\t\t\t\t\t\t\t\t\t<img loading=\"lazy\" decoding=\"async\" width=\"300\" height=\"225\" src=\"https:\/\/webdelmaestrocmf.com\/portal\/wp-content\/uploads\/2026\/03\/1AA-Banner-1-portada-imagen-10-1-copia-22-2-300x225.webp\" class=\"attachment-pk-thumbnail size-pk-thumbnail wp-post-image\" alt=\"\" \/>\t\t\t\t\t\t\t\t<\/a>\n\t\t\t\t\t\t\t<\/div>\n\t\t\t\t\t\t<\/div>\n\t\t\t\t\t<\/div>\n\t\t\t\t<\/div>\n\t\t\t\t\n\t\t\t\t<div class=\"pk-post-inner\">\n\t\t\t\t\t<header>\n\t\t\t\t\t\t<h3 class=\"pk-title\"><a href=\"https:\/\/webdelmaestrocmf.com\/portal\/docencia-en-la-era-de-la-inteligencia-artificial-descarga-el-manual-para-docentes\/\" rel=\"bookmark\">Docencia en la era de la inteligencia artificial: descarga los tres manuales de inteligencia artificial para docentes con herramientas educativas<\/a><\/h3>\t\t\t\t\t<\/header><!-- .entry-header -->\n\t\t\t\t<\/div><!-- .post-inner -->\n\n\t\t\t<\/div><!-- .post-outer -->\n\t\t<\/article>\n\t\t\t<article id=\"post-103521\" class=\"post-103521 post type-post status-publish format-standard has-post-thumbnail category-ia category-tecnologia tag-bard tag-bing-copilot tag-chargpt4 tag-ia tag-importantes tag-leonardo tag-manuales tag-pdf cs-entry cs-video-wrap\">\n\t\t\t<div class=\"pk-post-outer\">\n\n\t\t\t\t\t\t\t\t<div class=\"pk-post-inner\">\n\t\t\t\t\t<div class=\"entry-thumbnail\">\n\t\t\t\t\t\t<div class=\"pk-overlay pk-overlay-ratio pk-ratio-landscape\">\n\t\t\t\t\t\t\t<div class=\"pk-overlay-background\">\n\t\t\t\t\t\t\t\t<a href=\"https:\/\/webdelmaestrocmf.com\/portal\/manuales-pdf-de-las-ia-mas-importantes-bard-bing-copilot-chargpt4-y-leonardo\/\" class=\"pk-overlay-link\">\n\t\t\t\t\t\t\t\t\t<img loading=\"lazy\" decoding=\"async\" width=\"300\" height=\"225\" src=\"https:\/\/webdelmaestrocmf.com\/portal\/wp-content\/uploads\/2024\/02\/Banner-1-portada-imagen-10-1-2-1-300x225.jpg\" class=\"attachment-pk-thumbnail size-pk-thumbnail wp-post-image\" alt=\"\" \/>\t\t\t\t\t\t\t\t<\/a>\n\t\t\t\t\t\t\t<\/div>\n\t\t\t\t\t\t<\/div>\n\t\t\t\t\t<\/div>\n\t\t\t\t<\/div>\n\t\t\t\t\n\t\t\t\t<div class=\"pk-post-inner\">\n\t\t\t\t\t<header>\n\t\t\t\t\t\t<h3 class=\"pk-title\"><a href=\"https:\/\/webdelmaestrocmf.com\/portal\/manuales-pdf-de-las-ia-mas-importantes-bard-bing-copilot-chargpt4-y-leonardo\/\" rel=\"bookmark\">Manuales PDF de las IA m\u00e1s importantes: NotebookLM, Gemini, Copilot, ChatGPT4, Deepseek y Leonardo<\/a><\/h3>\t\t\t\t\t<\/header><!-- .entry-header -->\n\t\t\t\t<\/div><!-- .post-inner -->\n\n\t\t\t<\/div><!-- .post-outer -->\n\t\t<\/article>\n\t\t\t\t<\/div>\n\t\t<\/div>\n\t\t\n","protected":false},"excerpt":{"rendered":"La integraci\u00f3n de la tecnolog\u00eda es esencial para preparar a los estudiantes para los desaf\u00edos y las oportunidades&hellip;","protected":false},"author":1,"featured_media":104913,"comment_status":"open","ping_status":"closed","sticky":false,"template":"","format":"standard","meta":{"csco_display_header_overlay":false,"csco_singular_sidebar":"","csco_page_header_type":"","csco_page_load_nextpost":"","csco_post_video_location":[],"csco_post_video_location_hash":"","csco_post_video_url":"","csco_post_video_bg_start_time":0,"csco_post_video_bg_end_time":0,"csco_post_video_bg_volume":false,"_jetpack_memberships_contains_paid_content":false,"footnotes":""},"categories":[16324,737],"tags":[4120,55,16035,387,15468,2587,1660],"class_list":{"0":"post-102288","1":"post","2":"type-post","3":"status-publish","4":"format-standard","5":"has-post-thumbnail","7":"category-ia","8":"category-tecnologia","9":"tag-artificial","10":"tag-educacion","11":"tag-ia","12":"tag-inteligencia","13":"tag-practicos","14":"tag-primaria","15":"tag-proyectos","16":"cs-entry","17":"cs-video-wrap"},"yoast_head":"<!-- This site is optimized with the Yoast SEO plugin v27.5 - https:\/\/yoast.com\/product\/yoast-seo-wordpress\/ -->\n<title>Proyectos pr\u00e1cticos de IA para la Educaci\u00f3n Primaria - 2026<\/title>\n<meta name=\"description\" content=\"Descubre c\u00f3mo la Inteligencia Artificial transforma el aula de primaria con los proyectos descritos en el libro de ISTE.\" \/>\n<meta name=\"robots\" content=\"index, follow, max-snippet:-1, max-image-preview:large, max-video-preview:-1\" \/>\n<link rel=\"canonical\" href=\"https:\/\/webdelmaestrocmf.com\/portal\/proyectos-practicos-de-ia-para-la-educacion-primaria\/\" \/>\n<meta property=\"og:locale\" content=\"es_ES\" \/>\n<meta property=\"og:type\" content=\"article\" \/>\n<meta property=\"og:title\" content=\"Proyectos pr\u00e1cticos de IA para la Educaci\u00f3n Primaria - 2026\" \/>\n<meta property=\"og:description\" content=\"Descubre c\u00f3mo la Inteligencia Artificial transforma el aula de primaria con los proyectos descritos en el libro de ISTE.\" \/>\n<meta property=\"og:url\" content=\"https:\/\/webdelmaestrocmf.com\/portal\/proyectos-practicos-de-ia-para-la-educacion-primaria\/\" \/>\n<meta property=\"og:site_name\" content=\"Web del Maestro CMF\" \/>\n<meta property=\"article:publisher\" content=\"https:\/\/www.facebook.com\/WebdelMaestroCMF\/\" \/>\n<meta property=\"article:author\" content=\"https:\/\/www.facebook.com\/WebdelMaestroCMF\/\" \/>\n<meta property=\"article:published_time\" content=\"2024-03-15T00:09:38+00:00\" \/>\n<meta property=\"article:modified_time\" content=\"2025-06-14T23:14:35+00:00\" \/>\n<meta property=\"og:image\" content=\"https:\/\/webdelmaestrocmf.com\/portal\/wp-content\/uploads\/2024\/01\/Banner-1-portada-imagen-10-1-11.jpg\" \/>\n\t<meta property=\"og:image:width\" content=\"1024\" \/>\n\t<meta property=\"og:image:height\" content=\"1024\" \/>\n\t<meta property=\"og:image:type\" content=\"image\/jpeg\" \/>\n<meta name=\"author\" content=\"Web del Maestro CMF\" \/>\n<meta name=\"twitter:card\" content=\"summary_large_image\" \/>\n<meta name=\"twitter:creator\" content=\"@cmf_w\" \/>\n<meta name=\"twitter:site\" content=\"@cmf_w\" \/>\n<script type=\"application\/ld+json\" class=\"yoast-schema-graph\">{\"@context\":\"https:\\\/\\\/schema.org\",\"@graph\":[{\"@type\":\"ScholarlyArticle\",\"@id\":\"https:\\\/\\\/webdelmaestrocmf.com\\\/portal\\\/proyectos-practicos-de-ia-para-la-educacion-primaria\\\/#article\",\"isPartOf\":{\"@id\":\"https:\\\/\\\/webdelmaestrocmf.com\\\/portal\\\/proyectos-practicos-de-ia-para-la-educacion-primaria\\\/\"},\"author\":{\"name\":\"Web del Maestro CMF\",\"@id\":\"https:\\\/\\\/webdelmaestrocmf.com\\\/portal\\\/#\\\/schema\\\/person\\\/1072a2ed7bd960df8ef99a551fa35dc5\"},\"headline\":\"Proyectos pr\u00e1cticos de IA para la Educaci\u00f3n Primaria\",\"datePublished\":\"2024-03-15T00:09:38+00:00\",\"dateModified\":\"2025-06-14T23:14:35+00:00\",\"mainEntityOfPage\":{\"@id\":\"https:\\\/\\\/webdelmaestrocmf.com\\\/portal\\\/proyectos-practicos-de-ia-para-la-educacion-primaria\\\/\"},\"wordCount\":438,\"commentCount\":1,\"publisher\":{\"@id\":\"https:\\\/\\\/webdelmaestrocmf.com\\\/portal\\\/#organization\"},\"image\":{\"@id\":\"https:\\\/\\\/webdelmaestrocmf.com\\\/portal\\\/proyectos-practicos-de-ia-para-la-educacion-primaria\\\/#primaryimage\"},\"thumbnailUrl\":\"https:\\\/\\\/webdelmaestrocmf.com\\\/portal\\\/wp-content\\\/uploads\\\/2024\\\/01\\\/Banner-1-portada-imagen-10-1-11.jpg\",\"keywords\":[\"ARTIFICIAL\",\"EDUCACI\u00d3N\",\"IA\",\"INTELIGENCIA\",\"pr\u00e1cticos\",\"PRIMARIA\",\"proyectos\"],\"articleSection\":[\"IA\",\"Tecnolog\u00eda\"],\"inLanguage\":\"es\",\"potentialAction\":[{\"@type\":\"CommentAction\",\"name\":\"Comment\",\"target\":[\"https:\\\/\\\/webdelmaestrocmf.com\\\/portal\\\/proyectos-practicos-de-ia-para-la-educacion-primaria\\\/#respond\"]}]},{\"@type\":\"WebPage\",\"@id\":\"https:\\\/\\\/webdelmaestrocmf.com\\\/portal\\\/proyectos-practicos-de-ia-para-la-educacion-primaria\\\/\",\"url\":\"https:\\\/\\\/webdelmaestrocmf.com\\\/portal\\\/proyectos-practicos-de-ia-para-la-educacion-primaria\\\/\",\"name\":\"Proyectos pr\u00e1cticos de IA para la Educaci\u00f3n Primaria - 2026\",\"isPartOf\":{\"@id\":\"https:\\\/\\\/webdelmaestrocmf.com\\\/portal\\\/#website\"},\"primaryImageOfPage\":{\"@id\":\"https:\\\/\\\/webdelmaestrocmf.com\\\/portal\\\/proyectos-practicos-de-ia-para-la-educacion-primaria\\\/#primaryimage\"},\"image\":{\"@id\":\"https:\\\/\\\/webdelmaestrocmf.com\\\/portal\\\/proyectos-practicos-de-ia-para-la-educacion-primaria\\\/#primaryimage\"},\"thumbnailUrl\":\"https:\\\/\\\/webdelmaestrocmf.com\\\/portal\\\/wp-content\\\/uploads\\\/2024\\\/01\\\/Banner-1-portada-imagen-10-1-11.jpg\",\"datePublished\":\"2024-03-15T00:09:38+00:00\",\"dateModified\":\"2025-06-14T23:14:35+00:00\",\"description\":\"Descubre c\u00f3mo la Inteligencia Artificial transforma el aula de primaria con los proyectos descritos en el libro de ISTE.\",\"breadcrumb\":{\"@id\":\"https:\\\/\\\/webdelmaestrocmf.com\\\/portal\\\/proyectos-practicos-de-ia-para-la-educacion-primaria\\\/#breadcrumb\"},\"inLanguage\":\"es\",\"potentialAction\":[{\"@type\":\"ReadAction\",\"target\":[\"https:\\\/\\\/webdelmaestrocmf.com\\\/portal\\\/proyectos-practicos-de-ia-para-la-educacion-primaria\\\/\"]}]},{\"@type\":\"ImageObject\",\"inLanguage\":\"es\",\"@id\":\"https:\\\/\\\/webdelmaestrocmf.com\\\/portal\\\/proyectos-practicos-de-ia-para-la-educacion-primaria\\\/#primaryimage\",\"url\":\"https:\\\/\\\/webdelmaestrocmf.com\\\/portal\\\/wp-content\\\/uploads\\\/2024\\\/01\\\/Banner-1-portada-imagen-10-1-11.jpg\",\"contentUrl\":\"https:\\\/\\\/webdelmaestrocmf.com\\\/portal\\\/wp-content\\\/uploads\\\/2024\\\/01\\\/Banner-1-portada-imagen-10-1-11.jpg\",\"width\":1024,\"height\":1024},{\"@type\":\"BreadcrumbList\",\"@id\":\"https:\\\/\\\/webdelmaestrocmf.com\\\/portal\\\/proyectos-practicos-de-ia-para-la-educacion-primaria\\\/#breadcrumb\",\"itemListElement\":[{\"@type\":\"ListItem\",\"position\":1,\"name\":\"Portada\",\"item\":\"https:\\\/\\\/webdelmaestrocmf.com\\\/portal\\\/\"},{\"@type\":\"ListItem\",\"position\":2,\"name\":\"Tecnolog\u00eda\",\"item\":\"https:\\\/\\\/webdelmaestrocmf.com\\\/portal\\\/category\\\/tecnologia\\\/\"},{\"@type\":\"ListItem\",\"position\":3,\"name\":\"Proyectos pr\u00e1cticos de IA para la Educaci\u00f3n Primaria\"}]},{\"@type\":\"WebSite\",\"@id\":\"https:\\\/\\\/webdelmaestrocmf.com\\\/portal\\\/#website\",\"url\":\"https:\\\/\\\/webdelmaestrocmf.com\\\/portal\\\/\",\"name\":\"Web del Maestro CMF\",\"description\":\"Maestros al servicio de la educaci\u00f3n\",\"publisher\":{\"@id\":\"https:\\\/\\\/webdelmaestrocmf.com\\\/portal\\\/#organization\"},\"alternateName\":\"WMCMF\",\"potentialAction\":[{\"@type\":\"SearchAction\",\"target\":{\"@type\":\"EntryPoint\",\"urlTemplate\":\"https:\\\/\\\/webdelmaestrocmf.com\\\/portal\\\/?s={search_term_string}\"},\"query-input\":{\"@type\":\"PropertyValueSpecification\",\"valueRequired\":true,\"valueName\":\"search_term_string\"}}],\"inLanguage\":\"es\"},{\"@type\":\"Organization\",\"@id\":\"https:\\\/\\\/webdelmaestrocmf.com\\\/portal\\\/#organization\",\"name\":\"Web del Maestro CMF\",\"alternateName\":\"WMCMF\",\"url\":\"https:\\\/\\\/webdelmaestrocmf.com\\\/portal\\\/\",\"logo\":{\"@type\":\"ImageObject\",\"inLanguage\":\"es\",\"@id\":\"https:\\\/\\\/webdelmaestrocmf.com\\\/portal\\\/#\\\/schema\\\/logo\\\/image\\\/\",\"url\":\"https:\\\/\\\/webdelmaestrocmf.com\\\/portal\\\/wp-content\\\/uploads\\\/2023\\\/01\\\/logo-wmcmf-2.png\",\"contentUrl\":\"https:\\\/\\\/webdelmaestrocmf.com\\\/portal\\\/wp-content\\\/uploads\\\/2023\\\/01\\\/logo-wmcmf-2.png\",\"width\":200,\"height\":60,\"caption\":\"Web del Maestro CMF\"},\"image\":{\"@id\":\"https:\\\/\\\/webdelmaestrocmf.com\\\/portal\\\/#\\\/schema\\\/logo\\\/image\\\/\"},\"sameAs\":[\"https:\\\/\\\/www.facebook.com\\\/WebdelMaestroCMF\\\/\",\"https:\\\/\\\/x.com\\\/cmf_w\",\"https:\\\/\\\/www.pinterest.com\\\/WMCMF\\\/\",\"https:\\\/\\\/www.linkedin.com\\\/company\\\/web-del-maestro-cmf\\\/\",\"https:\\\/\\\/www.instagram.com\\\/wmcmf\\\/\",\"https:\\\/\\\/www.youtube.com\\\/channel\\\/UCDPSvjbdodE5sHnC3OxutHw\",\"https:\\\/\\\/mastodon.social\\\/@wmcmf\",\"https:\\\/\\\/www.tiktok.com\\\/@webdelmaestrocmf\"]},{\"@type\":\"Person\",\"@id\":\"https:\\\/\\\/webdelmaestrocmf.com\\\/portal\\\/#\\\/schema\\\/person\\\/1072a2ed7bd960df8ef99a551fa35dc5\",\"name\":\"Web del Maestro CMF\",\"image\":{\"@type\":\"ImageObject\",\"inLanguage\":\"es\",\"@id\":\"https:\\\/\\\/secure.gravatar.com\\\/avatar\\\/23291dd5b5ae1077dcff3dbb04c3e02bd28403fa75af6d8787d5e97c5bbbe30b?s=96&d=mm&r=g\",\"url\":\"https:\\\/\\\/secure.gravatar.com\\\/avatar\\\/23291dd5b5ae1077dcff3dbb04c3e02bd28403fa75af6d8787d5e97c5bbbe30b?s=96&d=mm&r=g\",\"contentUrl\":\"https:\\\/\\\/secure.gravatar.com\\\/avatar\\\/23291dd5b5ae1077dcff3dbb04c3e02bd28403fa75af6d8787d5e97c5bbbe30b?s=96&d=mm&r=g\",\"caption\":\"Web del Maestro CMF\"},\"description\":\"Esta Web se cre\u00f3 sin fines de lucro, con fines educativos, cient\u00edficos y acad\u00e9micos, para personas que tengan dificultades y\\\/o inconvenientes en visualizar el material original. El objetivo es entregar recursos, compartir experiencias y materiales que ayuden a los padres de familia, maestros y estudiantes en su actualizaci\u00f3n y formaci\u00f3n permanente, en bien de la Educaci\u00f3n.\",\"sameAs\":[\"http:\\\/\\\/webdelmaestrocmf.com\\\/portal\",\"https:\\\/\\\/www.facebook.com\\\/WebdelMaestroCMF\\\/\",\"https:\\\/\\\/www.instagram.com\\\/wmcmf\\\/\",\"https:\\\/\\\/cl.linkedin.com\\\/company\\\/web-del-maestro-cmf\",\"https:\\\/\\\/www.pinterest.com\\\/WMCMF\\\/publicaciones\\\/\",\"https:\\\/\\\/x.com\\\/cmf_w\",\"https:\\\/\\\/www.youtube.com\\\/@WMCMF\"]}]}<\/script>\n<!-- \/ Yoast SEO plugin. -->","yoast_head_json":{"title":"Proyectos pr\u00e1cticos de IA para la Educaci\u00f3n Primaria - 2026","description":"Descubre c\u00f3mo la Inteligencia Artificial transforma el aula de primaria con los proyectos descritos en el libro de ISTE.","robots":{"index":"index","follow":"follow","max-snippet":"max-snippet:-1","max-image-preview":"max-image-preview:large","max-video-preview":"max-video-preview:-1"},"canonical":"https:\/\/webdelmaestrocmf.com\/portal\/proyectos-practicos-de-ia-para-la-educacion-primaria\/","og_locale":"es_ES","og_type":"article","og_title":"Proyectos pr\u00e1cticos de IA para la Educaci\u00f3n Primaria - 2026","og_description":"Descubre c\u00f3mo la Inteligencia Artificial transforma el aula de primaria con los proyectos descritos en el libro de ISTE.","og_url":"https:\/\/webdelmaestrocmf.com\/portal\/proyectos-practicos-de-ia-para-la-educacion-primaria\/","og_site_name":"Web del Maestro CMF","article_publisher":"https:\/\/www.facebook.com\/WebdelMaestroCMF\/","article_author":"https:\/\/www.facebook.com\/WebdelMaestroCMF\/","article_published_time":"2024-03-15T00:09:38+00:00","article_modified_time":"2025-06-14T23:14:35+00:00","og_image":[{"width":1024,"height":1024,"url":"https:\/\/webdelmaestrocmf.com\/portal\/wp-content\/uploads\/2024\/01\/Banner-1-portada-imagen-10-1-11.jpg","type":"image\/jpeg"}],"author":"Web del Maestro CMF","twitter_card":"summary_large_image","twitter_creator":"@cmf_w","twitter_site":"@cmf_w","schema":{"@context":"https:\/\/schema.org","@graph":[{"@type":"ScholarlyArticle","@id":"https:\/\/webdelmaestrocmf.com\/portal\/proyectos-practicos-de-ia-para-la-educacion-primaria\/#article","isPartOf":{"@id":"https:\/\/webdelmaestrocmf.com\/portal\/proyectos-practicos-de-ia-para-la-educacion-primaria\/"},"author":{"name":"Web del Maestro CMF","@id":"https:\/\/webdelmaestrocmf.com\/portal\/#\/schema\/person\/1072a2ed7bd960df8ef99a551fa35dc5"},"headline":"Proyectos pr\u00e1cticos de IA para la Educaci\u00f3n Primaria","datePublished":"2024-03-15T00:09:38+00:00","dateModified":"2025-06-14T23:14:35+00:00","mainEntityOfPage":{"@id":"https:\/\/webdelmaestrocmf.com\/portal\/proyectos-practicos-de-ia-para-la-educacion-primaria\/"},"wordCount":438,"commentCount":1,"publisher":{"@id":"https:\/\/webdelmaestrocmf.com\/portal\/#organization"},"image":{"@id":"https:\/\/webdelmaestrocmf.com\/portal\/proyectos-practicos-de-ia-para-la-educacion-primaria\/#primaryimage"},"thumbnailUrl":"https:\/\/webdelmaestrocmf.com\/portal\/wp-content\/uploads\/2024\/01\/Banner-1-portada-imagen-10-1-11.jpg","keywords":["ARTIFICIAL","EDUCACI\u00d3N","IA","INTELIGENCIA","pr\u00e1cticos","PRIMARIA","proyectos"],"articleSection":["IA","Tecnolog\u00eda"],"inLanguage":"es","potentialAction":[{"@type":"CommentAction","name":"Comment","target":["https:\/\/webdelmaestrocmf.com\/portal\/proyectos-practicos-de-ia-para-la-educacion-primaria\/#respond"]}]},{"@type":"WebPage","@id":"https:\/\/webdelmaestrocmf.com\/portal\/proyectos-practicos-de-ia-para-la-educacion-primaria\/","url":"https:\/\/webdelmaestrocmf.com\/portal\/proyectos-practicos-de-ia-para-la-educacion-primaria\/","name":"Proyectos pr\u00e1cticos de IA para la Educaci\u00f3n Primaria - 2026","isPartOf":{"@id":"https:\/\/webdelmaestrocmf.com\/portal\/#website"},"primaryImageOfPage":{"@id":"https:\/\/webdelmaestrocmf.com\/portal\/proyectos-practicos-de-ia-para-la-educacion-primaria\/#primaryimage"},"image":{"@id":"https:\/\/webdelmaestrocmf.com\/portal\/proyectos-practicos-de-ia-para-la-educacion-primaria\/#primaryimage"},"thumbnailUrl":"https:\/\/webdelmaestrocmf.com\/portal\/wp-content\/uploads\/2024\/01\/Banner-1-portada-imagen-10-1-11.jpg","datePublished":"2024-03-15T00:09:38+00:00","dateModified":"2025-06-14T23:14:35+00:00","description":"Descubre c\u00f3mo la Inteligencia Artificial transforma el aula de primaria con los proyectos descritos en el libro de ISTE.","breadcrumb":{"@id":"https:\/\/webdelmaestrocmf.com\/portal\/proyectos-practicos-de-ia-para-la-educacion-primaria\/#breadcrumb"},"inLanguage":"es","potentialAction":[{"@type":"ReadAction","target":["https:\/\/webdelmaestrocmf.com\/portal\/proyectos-practicos-de-ia-para-la-educacion-primaria\/"]}]},{"@type":"ImageObject","inLanguage":"es","@id":"https:\/\/webdelmaestrocmf.com\/portal\/proyectos-practicos-de-ia-para-la-educacion-primaria\/#primaryimage","url":"https:\/\/webdelmaestrocmf.com\/portal\/wp-content\/uploads\/2024\/01\/Banner-1-portada-imagen-10-1-11.jpg","contentUrl":"https:\/\/webdelmaestrocmf.com\/portal\/wp-content\/uploads\/2024\/01\/Banner-1-portada-imagen-10-1-11.jpg","width":1024,"height":1024},{"@type":"BreadcrumbList","@id":"https:\/\/webdelmaestrocmf.com\/portal\/proyectos-practicos-de-ia-para-la-educacion-primaria\/#breadcrumb","itemListElement":[{"@type":"ListItem","position":1,"name":"Portada","item":"https:\/\/webdelmaestrocmf.com\/portal\/"},{"@type":"ListItem","position":2,"name":"Tecnolog\u00eda","item":"https:\/\/webdelmaestrocmf.com\/portal\/category\/tecnologia\/"},{"@type":"ListItem","position":3,"name":"Proyectos pr\u00e1cticos de IA para la Educaci\u00f3n Primaria"}]},{"@type":"WebSite","@id":"https:\/\/webdelmaestrocmf.com\/portal\/#website","url":"https:\/\/webdelmaestrocmf.com\/portal\/","name":"Web del Maestro CMF","description":"Maestros al servicio de la educaci\u00f3n","publisher":{"@id":"https:\/\/webdelmaestrocmf.com\/portal\/#organization"},"alternateName":"WMCMF","potentialAction":[{"@type":"SearchAction","target":{"@type":"EntryPoint","urlTemplate":"https:\/\/webdelmaestrocmf.com\/portal\/?s={search_term_string}"},"query-input":{"@type":"PropertyValueSpecification","valueRequired":true,"valueName":"search_term_string"}}],"inLanguage":"es"},{"@type":"Organization","@id":"https:\/\/webdelmaestrocmf.com\/portal\/#organization","name":"Web del Maestro CMF","alternateName":"WMCMF","url":"https:\/\/webdelmaestrocmf.com\/portal\/","logo":{"@type":"ImageObject","inLanguage":"es","@id":"https:\/\/webdelmaestrocmf.com\/portal\/#\/schema\/logo\/image\/","url":"https:\/\/webdelmaestrocmf.com\/portal\/wp-content\/uploads\/2023\/01\/logo-wmcmf-2.png","contentUrl":"https:\/\/webdelmaestrocmf.com\/portal\/wp-content\/uploads\/2023\/01\/logo-wmcmf-2.png","width":200,"height":60,"caption":"Web del Maestro CMF"},"image":{"@id":"https:\/\/webdelmaestrocmf.com\/portal\/#\/schema\/logo\/image\/"},"sameAs":["https:\/\/www.facebook.com\/WebdelMaestroCMF\/","https:\/\/x.com\/cmf_w","https:\/\/www.pinterest.com\/WMCMF\/","https:\/\/www.linkedin.com\/company\/web-del-maestro-cmf\/","https:\/\/www.instagram.com\/wmcmf\/","https:\/\/www.youtube.com\/channel\/UCDPSvjbdodE5sHnC3OxutHw","https:\/\/mastodon.social\/@wmcmf","https:\/\/www.tiktok.com\/@webdelmaestrocmf"]},{"@type":"Person","@id":"https:\/\/webdelmaestrocmf.com\/portal\/#\/schema\/person\/1072a2ed7bd960df8ef99a551fa35dc5","name":"Web del Maestro CMF","image":{"@type":"ImageObject","inLanguage":"es","@id":"https:\/\/secure.gravatar.com\/avatar\/23291dd5b5ae1077dcff3dbb04c3e02bd28403fa75af6d8787d5e97c5bbbe30b?s=96&d=mm&r=g","url":"https:\/\/secure.gravatar.com\/avatar\/23291dd5b5ae1077dcff3dbb04c3e02bd28403fa75af6d8787d5e97c5bbbe30b?s=96&d=mm&r=g","contentUrl":"https:\/\/secure.gravatar.com\/avatar\/23291dd5b5ae1077dcff3dbb04c3e02bd28403fa75af6d8787d5e97c5bbbe30b?s=96&d=mm&r=g","caption":"Web del Maestro CMF"},"description":"Esta Web se cre\u00f3 sin fines de lucro, con fines educativos, cient\u00edficos y acad\u00e9micos, para personas que tengan dificultades y\/o inconvenientes en visualizar el material original. El objetivo es entregar recursos, compartir experiencias y materiales que ayuden a los padres de familia, maestros y estudiantes en su actualizaci\u00f3n y formaci\u00f3n permanente, en bien de la Educaci\u00f3n.","sameAs":["http:\/\/webdelmaestrocmf.com\/portal","https:\/\/www.facebook.com\/WebdelMaestroCMF\/","https:\/\/www.instagram.com\/wmcmf\/","https:\/\/cl.linkedin.com\/company\/web-del-maestro-cmf","https:\/\/www.pinterest.com\/WMCMF\/publicaciones\/","https:\/\/x.com\/cmf_w","https:\/\/www.youtube.com\/@WMCMF"]}]}},"jetpack_featured_media_url":"https:\/\/webdelmaestrocmf.com\/portal\/wp-content\/uploads\/2024\/01\/Banner-1-portada-imagen-10-1-11.jpg","jetpack_sharing_enabled":true,"jetpack-related-posts":[{"id":99177,"url":"https:\/\/webdelmaestrocmf.com\/portal\/cursos-de-inteligencia-artificial-para-docentes\/","url_meta":{"origin":102288,"position":0},"title":"Cursos de Inteligencia Artificial para docentes","author":"Web del Maestro CMF","date":"7 febrero, 2024","format":false,"excerpt":"Los Cursos de Inteligencia Artificial para docentes representan una valiosa oportunidad de aprendizaje y crecimiento en la era digital. Estos cursos de Inteligencia Artificial ofrecen a los educadores una s\u00f3lida base en la comprensi\u00f3n de la IA, permiti\u00e9ndoles explorar su aplicaci\u00f3n en el aula y adaptarse a un entorno educativo\u2026","rel":"","context":"En \u00abInteligencia artificial\u00bb","block_context":{"text":"Inteligencia artificial","link":"https:\/\/webdelmaestrocmf.com\/portal\/category\/pedagogia\/inteligencia-artificial\/"},"img":{"alt_text":"Cursos de Inteligencia Artificial","src":"https:\/\/i0.wp.com\/webdelmaestrocmf.com\/portal\/wp-content\/uploads\/2023\/11\/Banner-1-portada-imagen-10-1-6.jpg?resize=350%2C200&ssl=1","width":350,"height":200,"srcset":"https:\/\/i0.wp.com\/webdelmaestrocmf.com\/portal\/wp-content\/uploads\/2023\/11\/Banner-1-portada-imagen-10-1-6.jpg?resize=350%2C200&ssl=1 1x, https:\/\/i0.wp.com\/webdelmaestrocmf.com\/portal\/wp-content\/uploads\/2023\/11\/Banner-1-portada-imagen-10-1-6.jpg?resize=525%2C300&ssl=1 1.5x, https:\/\/i0.wp.com\/webdelmaestrocmf.com\/portal\/wp-content\/uploads\/2023\/11\/Banner-1-portada-imagen-10-1-6.jpg?resize=700%2C400&ssl=1 2x"},"classes":[]},{"id":97111,"url":"https:\/\/webdelmaestrocmf.com\/portal\/como-hacer-una-planeacion-didactica-docente-en-tiempos-de-la-inteligencia-artifical\/","url_meta":{"origin":102288,"position":1},"title":"C\u00f3mo hacer una planeaci\u00f3n did\u00e1ctica docente en tiempos de la Inteligencia Artifical","author":"Web del Maestro CMF","date":"10 octubre, 2023","format":false,"excerpt":"En la actualidad, la ense\u00f1anza se encuentra en constante evoluci\u00f3n, impulsada en gran medida por los avances en la tecnolog\u00eda, y la Inteligencia Artificial (IA) no es la excepci\u00f3n. Como docentes, es fundamental adaptar nuestras estrategias de planificaci\u00f3n did\u00e1ctica para aprovechar al m\u00e1ximo las oportunidades que la IA nos ofrece,\u2026","rel":"","context":"En \u00abChatGPT\u00bb","block_context":{"text":"ChatGPT","link":"https:\/\/webdelmaestrocmf.com\/portal\/category\/tecnologia\/chatgpt\/"},"img":{"alt_text":"Inteligencia Artifical","src":"https:\/\/i0.wp.com\/webdelmaestrocmf.com\/portal\/wp-content\/uploads\/2023\/10\/A12B3C4D-33.jpg?resize=350%2C200&ssl=1","width":350,"height":200,"srcset":"https:\/\/i0.wp.com\/webdelmaestrocmf.com\/portal\/wp-content\/uploads\/2023\/10\/A12B3C4D-33.jpg?resize=350%2C200&ssl=1 1x, https:\/\/i0.wp.com\/webdelmaestrocmf.com\/portal\/wp-content\/uploads\/2023\/10\/A12B3C4D-33.jpg?resize=525%2C300&ssl=1 1.5x, https:\/\/i0.wp.com\/webdelmaestrocmf.com\/portal\/wp-content\/uploads\/2023\/10\/A12B3C4D-33.jpg?resize=700%2C400&ssl=1 2x"},"classes":[]},{"id":95607,"url":"https:\/\/webdelmaestrocmf.com\/portal\/rueda-de-la-pedagogia-para-la-inteligencia-artificial-adaptacion-de-la-rueda-de-carrington\/","url_meta":{"origin":102288,"position":2},"title":"Rueda de la Pedagog\u00eda para la Inteligencia Artificial","author":"Web del Maestro CMF","date":"30 enero, 2024","format":false,"excerpt":"En un mundo impulsado por la tecnolog\u00eda, la educaci\u00f3n no puede quedarse atr\u00e1s. La Inteligencia Artificial (IA) se ha convertido en una herramienta poderosa que puede transformar la forma en que los estudiantes aprenden y los docentes ense\u00f1an. Sin embargo, para aprovechar al m\u00e1ximo los beneficios de la IA en\u2026","rel":"","context":"En \u00abDescargas Manuales PDF\u00bb","block_context":{"text":"Descargas Manuales PDF","link":"https:\/\/webdelmaestrocmf.com\/portal\/category\/pedagogia\/descargas-manuales-pdf\/"},"img":{"alt_text":"Inteligencia Artificial","src":"https:\/\/i0.wp.com\/webdelmaestrocmf.com\/portal\/wp-content\/uploads\/2023\/09\/Banner-1-portada-imagen-10-34.jpg?resize=350%2C200&ssl=1","width":350,"height":200,"srcset":"https:\/\/i0.wp.com\/webdelmaestrocmf.com\/portal\/wp-content\/uploads\/2023\/09\/Banner-1-portada-imagen-10-34.jpg?resize=350%2C200&ssl=1 1x, https:\/\/i0.wp.com\/webdelmaestrocmf.com\/portal\/wp-content\/uploads\/2023\/09\/Banner-1-portada-imagen-10-34.jpg?resize=525%2C300&ssl=1 1.5x, https:\/\/i0.wp.com\/webdelmaestrocmf.com\/portal\/wp-content\/uploads\/2023\/09\/Banner-1-portada-imagen-10-34.jpg?resize=700%2C400&ssl=1 2x"},"classes":[]},{"id":108130,"url":"https:\/\/webdelmaestrocmf.com\/portal\/aplicacion-de-la-inteligencia-artificial-en-cada-nivel-educativo\/","url_meta":{"origin":102288,"position":3},"title":"Aplicaci\u00f3n de la Inteligencia Artificial en cada nivel educativo: Descarga la gu\u00eda esencial de herramientas para secundaria","author":"Web del Maestro CMF","date":"20 diciembre, 2025","format":false,"excerpt":"La inteligencia artificial transforma la educaci\u00f3n al adaptarse a cada nivel: estimula en Infantil, personaliza en Primaria, fomenta pensamiento cr\u00edtico en Secundaria y potencia autonom\u00eda y empleabilidad en niveles superiores.","rel":"","context":"En \u00abIA\u00bb","block_context":{"text":"IA","link":"https:\/\/webdelmaestrocmf.com\/portal\/category\/tecnologia\/ia\/"},"img":{"alt_text":"","src":"https:\/\/i0.wp.com\/webdelmaestrocmf.com\/portal\/wp-content\/uploads\/2025\/02\/1A-Banner-1-portada-imagen-10-1-97.jpg?resize=350%2C200&ssl=1","width":350,"height":200,"srcset":"https:\/\/i0.wp.com\/webdelmaestrocmf.com\/portal\/wp-content\/uploads\/2025\/02\/1A-Banner-1-portada-imagen-10-1-97.jpg?resize=350%2C200&ssl=1 1x, https:\/\/i0.wp.com\/webdelmaestrocmf.com\/portal\/wp-content\/uploads\/2025\/02\/1A-Banner-1-portada-imagen-10-1-97.jpg?resize=525%2C300&ssl=1 1.5x, https:\/\/i0.wp.com\/webdelmaestrocmf.com\/portal\/wp-content\/uploads\/2025\/02\/1A-Banner-1-portada-imagen-10-1-97.jpg?resize=700%2C400&ssl=1 2x"},"classes":[]},{"id":110262,"url":"https:\/\/webdelmaestrocmf.com\/portal\/descarga-la-guia-sobre-inteligencia-artificial-y-aprendizaje-activo-investigacion-y-diseno-de-estrategias-de-ensenanza\/","url_meta":{"origin":102288,"position":4},"title":"Descarga las gu\u00edas sobre \u201cInteligencia artificial y aprendizaje activo: Investigaci\u00f3n y dise\u00f1o de estrategias de ense\u00f1anza\u201d","author":"Web del Maestro CMF","date":"17 octubre, 2025","format":false,"excerpt":"Una investigaci\u00f3n aplicada en aulas reales de primaria y secundaria","rel":"","context":"En \u00abDescarga\u00bb","block_context":{"text":"Descarga","link":"https:\/\/webdelmaestrocmf.com\/portal\/category\/descarga\/"},"img":{"alt_text":"","src":"https:\/\/i0.wp.com\/webdelmaestrocmf.com\/portal\/wp-content\/uploads\/2025\/06\/1A-Banner-1-portada-imagen-10-1-copia-18.jpg?resize=350%2C200&ssl=1","width":350,"height":200,"srcset":"https:\/\/i0.wp.com\/webdelmaestrocmf.com\/portal\/wp-content\/uploads\/2025\/06\/1A-Banner-1-portada-imagen-10-1-copia-18.jpg?resize=350%2C200&ssl=1 1x, https:\/\/i0.wp.com\/webdelmaestrocmf.com\/portal\/wp-content\/uploads\/2025\/06\/1A-Banner-1-portada-imagen-10-1-copia-18.jpg?resize=525%2C300&ssl=1 1.5x, https:\/\/i0.wp.com\/webdelmaestrocmf.com\/portal\/wp-content\/uploads\/2025\/06\/1A-Banner-1-portada-imagen-10-1-copia-18.jpg?resize=700%2C400&ssl=1 2x"},"classes":[]},{"id":88649,"url":"https:\/\/webdelmaestrocmf.com\/portal\/recomendaciones-sobre-la-etica-de-la-inteligencia-artificial-propuesta-por-la-unesco\/","url_meta":{"origin":102288,"position":5},"title":"Recomendaciones sobre la \u00c9tica de la Inteligencia Artificial propuesta por la UNESCO","author":"Web del Maestro CMF","date":"7 mayo, 2023","format":false,"excerpt":"La educaci\u00f3n entendida como un proceso que facilita el perfeccionamiento de habilidades o capacidades propias del individuo, \u201cmediante el aprendizaje o la construcci\u00f3n de conocimientos, as\u00ed como tambi\u00e9n de las virtudes, creencias, h\u00e1bitos, u otras caracter\u00edsticas del ser\u201d, siempre ha estado atenta a las tecnolog\u00edas en desarrollo como la rob\u00f3tica,\u2026","rel":"","context":"En \u00abYo opino - WMCMF\u00bb","block_context":{"text":"Yo opino - WMCMF","link":"https:\/\/webdelmaestrocmf.com\/portal\/category\/jamb\/"},"img":{"alt_text":"","src":"https:\/\/i0.wp.com\/webdelmaestrocmf.com\/portal\/wp-content\/uploads\/2023\/05\/A12B3C4D-64.jpg?resize=350%2C200&ssl=1","width":350,"height":200,"srcset":"https:\/\/i0.wp.com\/webdelmaestrocmf.com\/portal\/wp-content\/uploads\/2023\/05\/A12B3C4D-64.jpg?resize=350%2C200&ssl=1 1x, https:\/\/i0.wp.com\/webdelmaestrocmf.com\/portal\/wp-content\/uploads\/2023\/05\/A12B3C4D-64.jpg?resize=525%2C300&ssl=1 1.5x, https:\/\/i0.wp.com\/webdelmaestrocmf.com\/portal\/wp-content\/uploads\/2023\/05\/A12B3C4D-64.jpg?resize=700%2C400&ssl=1 2x"},"classes":[]}],"_links":{"self":[{"href":"https:\/\/webdelmaestrocmf.com\/portal\/wp-json\/wp\/v2\/posts\/102288","targetHints":{"allow":["GET"]}}],"collection":[{"href":"https:\/\/webdelmaestrocmf.com\/portal\/wp-json\/wp\/v2\/posts"}],"about":[{"href":"https:\/\/webdelmaestrocmf.com\/portal\/wp-json\/wp\/v2\/types\/post"}],"author":[{"embeddable":true,"href":"https:\/\/webdelmaestrocmf.com\/portal\/wp-json\/wp\/v2\/users\/1"}],"replies":[{"embeddable":true,"href":"https:\/\/webdelmaestrocmf.com\/portal\/wp-json\/wp\/v2\/comments?post=102288"}],"version-history":[{"count":3,"href":"https:\/\/webdelmaestrocmf.com\/portal\/wp-json\/wp\/v2\/posts\/102288\/revisions"}],"predecessor-version":[{"id":109440,"href":"https:\/\/webdelmaestrocmf.com\/portal\/wp-json\/wp\/v2\/posts\/102288\/revisions\/109440"}],"wp:featuredmedia":[{"embeddable":true,"href":"https:\/\/webdelmaestrocmf.com\/portal\/wp-json\/wp\/v2\/media\/104913"}],"wp:attachment":[{"href":"https:\/\/webdelmaestrocmf.com\/portal\/wp-json\/wp\/v2\/media?parent=102288"}],"wp:term":[{"taxonomy":"category","embeddable":true,"href":"https:\/\/webdelmaestrocmf.com\/portal\/wp-json\/wp\/v2\/categories?post=102288"},{"taxonomy":"post_tag","embeddable":true,"href":"https:\/\/webdelmaestrocmf.com\/portal\/wp-json\/wp\/v2\/tags?post=102288"}],"curies":[{"name":"wp","href":"https:\/\/api.w.org\/{rel}","templated":true}]}}