{"id":102273,"date":"2024-01-09T19:37:41","date_gmt":"2024-01-09T22:37:41","guid":{"rendered":"https:\/\/webdelmaestrocmf.com\/portal\/?p=102273"},"modified":"2024-01-09T21:26:38","modified_gmt":"2024-01-10T00:26:38","slug":"5-cosas-que-no-sabias-de-tus-maestros-que-te-haran-pensar","status":"publish","type":"post","link":"https:\/\/webdelmaestrocmf.com\/portal\/5-cosas-que-no-sabias-de-tus-maestros-que-te-haran-pensar\/","title":{"rendered":"5 cosas que no sab\u00edas de tus maestros que te har\u00e1n pensar"},"content":{"rendered":"<p style=\"text-align: justify;\"><strong>La labor de los maestros va m\u00e1s all\u00e1 de lo que com\u00fanmente percibimos. A menudo, pasamos por alto el esfuerzo y la dedicaci\u00f3n que estos profesionales invierten en su trabajo diario. Cuando cruzamos el umbral de la clase, vemos a nuestros maestros como gu\u00edas educativas. Sin embargo, hay un trasfondo que rara vez consideramos. Detr\u00e1s de cada lecci\u00f3n, cada correcci\u00f3n y cada gesto de paciencia se esconde un mundo de dedicaci\u00f3n y esfuerzo. Veamos de cerca estos aspectos reveladores sobre la vida de los maestros que quiz\u00e1s no sab\u00edas.<\/strong><!--more--><\/p>\n<p style=\"text-align: justify;\">Aqu\u00ed te presentamos cinco aspectos que quiz\u00e1s desconoc\u00edas sobre tus maestros:<\/p>\n<p>Art\u00edculo relacionado:\u00a0<a href=\"https:\/\/webdelmaestrocmf.com\/portal\/siete-lecciones-que-no-te-ensenan-en-la-escuela\/\" target=\"_top\" rel=\"noopener\">Siete lecciones que no te ense\u00f1an en la escuela<\/a><\/p>\n<p style=\"text-align: justify;\"><strong>Preparaci\u00f3n intensa, clase tras clase:<\/strong><\/p>\n<p style=\"text-align: justify;\">Por cada hora que tus maestros pasan frente a ti en clase, invierten hasta tres horas adicionales en preparaci\u00f3n. Este arduo trabajo no solo implica organizar el contenido de la lecci\u00f3n, sino tambi\u00e9n idear actividades, estrategias, materiales y evaluaciones. Adem\u00e1s, se mantienen al tanto de las \u00faltimas novedades en su \u00e1rea de conocimiento. Este esfuerzo extra garantiza que cada clase sea educativa y enriquecedora.<\/p>\n<p><img loading=\"lazy\" decoding=\"async\" class=\"alignnone wp-image-102277 size-full\" src=\"https:\/\/webdelmaestrocmf.com\/portal\/wp-content\/uploads\/2024\/01\/B-dibujos-1-3-4.webp\" alt=\"cosas que no sab\u00edas de tus maestros \" width=\"1024\" height=\"1024\" srcset=\"https:\/\/webdelmaestrocmf.com\/portal\/wp-content\/uploads\/2024\/01\/B-dibujos-1-3-4.webp 1024w, https:\/\/webdelmaestrocmf.com\/portal\/wp-content\/uploads\/2024\/01\/B-dibujos-1-3-4-300x300.webp 300w, https:\/\/webdelmaestrocmf.com\/portal\/wp-content\/uploads\/2024\/01\/B-dibujos-1-3-4-150x150.webp 150w, https:\/\/webdelmaestrocmf.com\/portal\/wp-content\/uploads\/2024\/01\/B-dibujos-1-3-4-768x768.webp 768w, https:\/\/webdelmaestrocmf.com\/portal\/wp-content\/uploads\/2024\/01\/B-dibujos-1-3-4-80x80.webp 80w, https:\/\/webdelmaestrocmf.com\/portal\/wp-content\/uploads\/2024\/01\/B-dibujos-1-3-4-110x110.webp 110w, https:\/\/webdelmaestrocmf.com\/portal\/wp-content\/uploads\/2024\/01\/B-dibujos-1-3-4-380x380.webp 380w, https:\/\/webdelmaestrocmf.com\/portal\/wp-content\/uploads\/2024\/01\/B-dibujos-1-3-4-550x550.webp 550w, https:\/\/webdelmaestrocmf.com\/portal\/wp-content\/uploads\/2024\/01\/B-dibujos-1-3-4-800x800.webp 800w\" sizes=\"auto, (max-width: 1024px) 100vw, 1024px\" \/><\/p>\n<p style=\"text-align: justify;\"><strong>Inversiones personales en el aula:<\/strong><\/p>\n<p style=\"text-align: justify;\">Es posible que no te hayas dado cuenta, pero en muchas ocasiones, tus maestros utilizan parte de su propio salario para adquirir materiales esenciales para el aula y para sus alumnos. Los presupuestos escolares suelen ser insuficientes para cubrir las necesidades b\u00e1sicas, y es com\u00fan que los docentes compren libros, papel, l\u00e1pices y otros suministros con sus propios recursos.<\/p>\n<p><img loading=\"lazy\" decoding=\"async\" class=\"alignnone size-full wp-image-102276\" src=\"https:\/\/webdelmaestrocmf.com\/portal\/wp-content\/uploads\/2024\/01\/B-dibujos-1-2-5.webp\" alt=\"\" width=\"1024\" height=\"1024\" srcset=\"https:\/\/webdelmaestrocmf.com\/portal\/wp-content\/uploads\/2024\/01\/B-dibujos-1-2-5.webp 1024w, https:\/\/webdelmaestrocmf.com\/portal\/wp-content\/uploads\/2024\/01\/B-dibujos-1-2-5-300x300.webp 300w, https:\/\/webdelmaestrocmf.com\/portal\/wp-content\/uploads\/2024\/01\/B-dibujos-1-2-5-150x150.webp 150w, https:\/\/webdelmaestrocmf.com\/portal\/wp-content\/uploads\/2024\/01\/B-dibujos-1-2-5-768x768.webp 768w, https:\/\/webdelmaestrocmf.com\/portal\/wp-content\/uploads\/2024\/01\/B-dibujos-1-2-5-80x80.webp 80w, https:\/\/webdelmaestrocmf.com\/portal\/wp-content\/uploads\/2024\/01\/B-dibujos-1-2-5-110x110.webp 110w, https:\/\/webdelmaestrocmf.com\/portal\/wp-content\/uploads\/2024\/01\/B-dibujos-1-2-5-380x380.webp 380w, https:\/\/webdelmaestrocmf.com\/portal\/wp-content\/uploads\/2024\/01\/B-dibujos-1-2-5-550x550.webp 550w, https:\/\/webdelmaestrocmf.com\/portal\/wp-content\/uploads\/2024\/01\/B-dibujos-1-2-5-800x800.webp 800w\" sizes=\"auto, (max-width: 1024px) 100vw, 1024px\" \/><\/p>\n<p style=\"text-align: justify;\"><strong>Jornadas siempre ocupadas:<\/strong><\/p>\n<p style=\"text-align: justify;\">La vida de un maestro va m\u00e1s all\u00e1 de las horas de clase. Su tiempo se divide entre la preparaci\u00f3n de lecciones, la evaluaci\u00f3n de tareas, la participaci\u00f3n en proyectos, cursos, talleres y la tediosa tarea de llenar papeles administrativos. El compromiso con su profesi\u00f3n implica una dedicaci\u00f3n constante, abarcando diversas facetas para brindar una educaci\u00f3n de calidad.<\/p>\n<p><img loading=\"lazy\" decoding=\"async\" class=\"alignnone size-full wp-image-102275\" src=\"https:\/\/webdelmaestrocmf.com\/portal\/wp-content\/uploads\/2024\/01\/B-dibujos-1-1-5.webp\" alt=\"\" width=\"1024\" height=\"1024\" srcset=\"https:\/\/webdelmaestrocmf.com\/portal\/wp-content\/uploads\/2024\/01\/B-dibujos-1-1-5.webp 1024w, https:\/\/webdelmaestrocmf.com\/portal\/wp-content\/uploads\/2024\/01\/B-dibujos-1-1-5-300x300.webp 300w, https:\/\/webdelmaestrocmf.com\/portal\/wp-content\/uploads\/2024\/01\/B-dibujos-1-1-5-150x150.webp 150w, https:\/\/webdelmaestrocmf.com\/portal\/wp-content\/uploads\/2024\/01\/B-dibujos-1-1-5-768x768.webp 768w, https:\/\/webdelmaestrocmf.com\/portal\/wp-content\/uploads\/2024\/01\/B-dibujos-1-1-5-80x80.webp 80w, https:\/\/webdelmaestrocmf.com\/portal\/wp-content\/uploads\/2024\/01\/B-dibujos-1-1-5-110x110.webp 110w, https:\/\/webdelmaestrocmf.com\/portal\/wp-content\/uploads\/2024\/01\/B-dibujos-1-1-5-380x380.webp 380w, https:\/\/webdelmaestrocmf.com\/portal\/wp-content\/uploads\/2024\/01\/B-dibujos-1-1-5-550x550.webp 550w, https:\/\/webdelmaestrocmf.com\/portal\/wp-content\/uploads\/2024\/01\/B-dibujos-1-1-5-800x800.webp 800w\" sizes=\"auto, (max-width: 1024px) 100vw, 1024px\" \/><\/p>\n<p style=\"text-align: justify;\"><strong>No valorar su trabajo y la irresponsabilidad:<\/strong><\/p>\n<p style=\"text-align: justify;\">Aunque los maestros aman lo que hacen, la falta de reconocimiento puede afectar profundamente su moral. Experimentan frustraci\u00f3n cuando su esfuerzo no es valorado como deber\u00eda. Adem\u00e1s, se sienten indignados cuando los alumnos no asumen la responsabilidad de su aprendizaje. El reconocimiento y la responsabilidad son factores clave para el bienestar emocional de los docentes.<\/p>\n<p><img loading=\"lazy\" decoding=\"async\" class=\"alignnone size-full wp-image-102278\" src=\"https:\/\/webdelmaestrocmf.com\/portal\/wp-content\/uploads\/2024\/01\/B-dibujos-1-4-4.webp\" alt=\"\" width=\"1024\" height=\"1024\" srcset=\"https:\/\/webdelmaestrocmf.com\/portal\/wp-content\/uploads\/2024\/01\/B-dibujos-1-4-4.webp 1024w, https:\/\/webdelmaestrocmf.com\/portal\/wp-content\/uploads\/2024\/01\/B-dibujos-1-4-4-300x300.webp 300w, https:\/\/webdelmaestrocmf.com\/portal\/wp-content\/uploads\/2024\/01\/B-dibujos-1-4-4-150x150.webp 150w, https:\/\/webdelmaestrocmf.com\/portal\/wp-content\/uploads\/2024\/01\/B-dibujos-1-4-4-768x768.webp 768w, https:\/\/webdelmaestrocmf.com\/portal\/wp-content\/uploads\/2024\/01\/B-dibujos-1-4-4-80x80.webp 80w, https:\/\/webdelmaestrocmf.com\/portal\/wp-content\/uploads\/2024\/01\/B-dibujos-1-4-4-110x110.webp 110w, https:\/\/webdelmaestrocmf.com\/portal\/wp-content\/uploads\/2024\/01\/B-dibujos-1-4-4-380x380.webp 380w, https:\/\/webdelmaestrocmf.com\/portal\/wp-content\/uploads\/2024\/01\/B-dibujos-1-4-4-550x550.webp 550w, https:\/\/webdelmaestrocmf.com\/portal\/wp-content\/uploads\/2024\/01\/B-dibujos-1-4-4-800x800.webp 800w\" sizes=\"auto, (max-width: 1024px) 100vw, 1024px\" \/><\/p>\n<p style=\"text-align: justify;\"><strong>Profesi\u00f3n dif\u00edcil, pero gratificante:<\/strong><\/p>\n<p style=\"text-align: justify;\">A pesar de los desaf\u00edos, muchos maestros experimentan momentos en los que se plantean darse por vencidos. Sin embargo, la mayor\u00eda, si no todos, elegir\u00edan una y otra vez la profesi\u00f3n docente. A pesar de las dificultades, encuentran gratificaci\u00f3n en el impacto positivo que pueden tener en la vida de sus alumnos. La docencia es m\u00e1s que un trabajo; es una vocaci\u00f3n que persiste a pesar de los obst\u00e1culos.<\/p>\n<p><img loading=\"lazy\" decoding=\"async\" class=\"alignnone size-full wp-image-102279\" src=\"https:\/\/webdelmaestrocmf.com\/portal\/wp-content\/uploads\/2024\/01\/B-dibujos-1-5-5.webp\" alt=\"\" width=\"1024\" height=\"1024\" srcset=\"https:\/\/webdelmaestrocmf.com\/portal\/wp-content\/uploads\/2024\/01\/B-dibujos-1-5-5.webp 1024w, https:\/\/webdelmaestrocmf.com\/portal\/wp-content\/uploads\/2024\/01\/B-dibujos-1-5-5-300x300.webp 300w, https:\/\/webdelmaestrocmf.com\/portal\/wp-content\/uploads\/2024\/01\/B-dibujos-1-5-5-150x150.webp 150w, https:\/\/webdelmaestrocmf.com\/portal\/wp-content\/uploads\/2024\/01\/B-dibujos-1-5-5-768x768.webp 768w, https:\/\/webdelmaestrocmf.com\/portal\/wp-content\/uploads\/2024\/01\/B-dibujos-1-5-5-80x80.webp 80w, https:\/\/webdelmaestrocmf.com\/portal\/wp-content\/uploads\/2024\/01\/B-dibujos-1-5-5-110x110.webp 110w, https:\/\/webdelmaestrocmf.com\/portal\/wp-content\/uploads\/2024\/01\/B-dibujos-1-5-5-380x380.webp 380w, https:\/\/webdelmaestrocmf.com\/portal\/wp-content\/uploads\/2024\/01\/B-dibujos-1-5-5-550x550.webp 550w, https:\/\/webdelmaestrocmf.com\/portal\/wp-content\/uploads\/2024\/01\/B-dibujos-1-5-5-800x800.webp 800w\" sizes=\"auto, (max-width: 1024px) 100vw, 1024px\" \/><\/p>\n<p style=\"text-align: justify;\">Al comprender estos aspectos, podemos cultivar un mayor aprecio por la dedicaci\u00f3n y el sacrificio que nuestros maestros realizan diariamente para moldear nuestro futuro. La pr\u00f3xima vez que entres a clase, recuerda que detr\u00e1s de cada lecci\u00f3n hay horas de preparaci\u00f3n y un amor inquebrantable por la ense\u00f1anza.<\/p>\n\t\t<div class=\"pk-inline-posts\">\n\t\t\t\n\t\t\t<div class=\"pk-inline-posts-container pk-inline-posts-template-list\"\n\t\t\t\tdata-columns=\"1\">\n\t\t\t\t\t\t<article id=\"post-28153\" class=\"post-28153 post type-post status-publish format-standard has-post-thumbnail category-consejos category-docentes category-pedagogia tag-adaptacion-a-diversidad tag-adaptacion-curricular tag-aprendizaje-activo tag-clases tag-diseno-curricular tag-diseno-de-actividades tag-diseno-de-lecciones tag-diseno-de-unidades-didacticas tag-eficiente tag-enfoque-centrado-en-el-estudiante tag-estrategias-de-ensenanza tag-estrategias-de-ensenanza-efectiva tag-estrategias-de-instruccion tag-estrategias-de-participacion tag-evaluacion-autentica tag-evaluacion-del-aprendizaje tag-evaluacion-formativa tag-evaluacion-sumativa tag-instruccion-diferenciada tag-manera tag-medicion-del-progreso tag-metodologia-educativa tag-motivacion-del-estudiante tag-objetivos-de-aprendizaje tag-planificacion-a-corto-plazo tag-planificacion-a-largo-plazo tag-planificacion-de-clases tag-planificar tag-recursos-didacticos tag-retroalimentacion-formativa tag-secuencia-didactica tag-taxonomia-de-bloom tag-tecnicas-de-organizacion tag-uso-de-tecnologia-educativa cs-entry cs-video-wrap\">\n\t\t\t<div class=\"pk-post-outer\">\n\n\t\t\t\t\t\t\t\t<div class=\"pk-post-inner\">\n\t\t\t\t\t<div class=\"entry-thumbnail\">\n\t\t\t\t\t\t<div class=\"pk-overlay pk-overlay-ratio pk-ratio-landscape\">\n\t\t\t\t\t\t\t<div class=\"pk-overlay-background\">\n\t\t\t\t\t\t\t\t<a href=\"https:\/\/webdelmaestrocmf.com\/portal\/como-planificar-las-clases-de-manera-eficiente\/\" class=\"pk-overlay-link\">\n\t\t\t\t\t\t\t\t\t<img loading=\"lazy\" decoding=\"async\" width=\"300\" height=\"225\" src=\"https:\/\/webdelmaestrocmf.com\/portal\/wp-content\/uploads\/2026\/02\/1AA-Banner-1-portada-imagen-10-1-copia-16-300x225.webp\" class=\"attachment-pk-thumbnail size-pk-thumbnail wp-post-image\" alt=\"\" \/>\t\t\t\t\t\t\t\t<\/a>\n\t\t\t\t\t\t\t<\/div>\n\t\t\t\t\t\t<\/div>\n\t\t\t\t\t<\/div>\n\t\t\t\t<\/div>\n\t\t\t\t\n\t\t\t\t<div class=\"pk-post-inner\">\n\t\t\t\t\t<header>\n\t\t\t\t\t\t<h3 class=\"pk-title\"><a href=\"https:\/\/webdelmaestrocmf.com\/portal\/como-planificar-las-clases-de-manera-eficiente\/\" rel=\"bookmark\">C\u00f3mo planificar las clases de manera eficiente: descarga las mejores plantillas de planificaci\u00f3n de clases<\/a><\/h3>\t\t\t\t\t<\/header><!-- .entry-header -->\n\t\t\t\t<\/div><!-- .post-inner -->\n\n\t\t\t<\/div><!-- .post-outer -->\n\t\t<\/article>\n\t\t\t<article id=\"post-117746\" class=\"post-117746 post type-post status-publish format-standard has-post-thumbnail category-docentes category-pedagogia tag-bienestar-docente tag-clima-escolar tag-docentes tag-educacion-3 tag-gestion-educativa-3 tag-salud-mental-docente tag-sistema-educativo tag-sobrecarga-laboral tag-trabajo-docente tag-vocacion-docente-2 cs-entry cs-video-wrap\">\n\t\t\t<div class=\"pk-post-outer\">\n\n\t\t\t\t\t\t\t\t<div class=\"pk-post-inner\">\n\t\t\t\t\t<div class=\"entry-thumbnail\">\n\t\t\t\t\t\t<div class=\"pk-overlay pk-overlay-ratio pk-ratio-landscape\">\n\t\t\t\t\t\t\t<div class=\"pk-overlay-background\">\n\t\t\t\t\t\t\t\t<a href=\"https:\/\/webdelmaestrocmf.com\/portal\/la-mochila-invisible-del-docente-una-carga-que-el-sistema-aun-no-logra-ver\/\" class=\"pk-overlay-link\">\n\t\t\t\t\t\t\t\t\t<img loading=\"lazy\" decoding=\"async\" width=\"300\" height=\"225\" src=\"https:\/\/webdelmaestrocmf.com\/portal\/wp-content\/uploads\/2026\/04\/1AA-Banner-1-portada-imagen-10-1-copia-14-1-300x225.webp\" class=\"attachment-pk-thumbnail size-pk-thumbnail wp-post-image\" alt=\"\" \/>\t\t\t\t\t\t\t\t<\/a>\n\t\t\t\t\t\t\t<\/div>\n\t\t\t\t\t\t<\/div>\n\t\t\t\t\t<\/div>\n\t\t\t\t<\/div>\n\t\t\t\t\n\t\t\t\t<div class=\"pk-post-inner\">\n\t\t\t\t\t<header>\n\t\t\t\t\t\t<h3 class=\"pk-title\"><a href=\"https:\/\/webdelmaestrocmf.com\/portal\/la-mochila-invisible-del-docente-una-carga-que-el-sistema-aun-no-logra-ver\/\" rel=\"bookmark\">La mochila invisible del docente: una carga que el sistema a\u00fan no logra ver<\/a><\/h3>\t\t\t\t\t<\/header><!-- .entry-header -->\n\t\t\t\t<\/div><!-- .post-inner -->\n\n\t\t\t<\/div><!-- .post-outer -->\n\t\t<\/article>\n\t\t\t<article id=\"post-117526\" class=\"post-117526 post type-post status-publish format-standard has-post-thumbnail category-docentes category-pedagogia tag-aula tag-convivencia-escolar tag-docentes tag-educacion-2 tag-educacion-socioemocional tag-espacio-personal tag-limites tag-pedagogia-2 tag-vinculo-educativo cs-entry cs-video-wrap\">\n\t\t\t<div class=\"pk-post-outer\">\n\n\t\t\t\t\t\t\t\t<div class=\"pk-post-inner\">\n\t\t\t\t\t<div class=\"entry-thumbnail\">\n\t\t\t\t\t\t<div class=\"pk-overlay pk-overlay-ratio pk-ratio-landscape\">\n\t\t\t\t\t\t\t<div class=\"pk-overlay-background\">\n\t\t\t\t\t\t\t\t<a href=\"https:\/\/webdelmaestrocmf.com\/portal\/el-dilema-del-contacto-fisico-en-la-escuela-entre-el-vinculo-humano-y-la-responsabilidad-profesional-que-debe-hacer-el-docente\/\" class=\"pk-overlay-link\">\n\t\t\t\t\t\t\t\t\t<img loading=\"lazy\" decoding=\"async\" width=\"300\" height=\"225\" src=\"https:\/\/webdelmaestrocmf.com\/portal\/wp-content\/uploads\/2026\/04\/1AA-Banner-1-portada-imagen-10-1-copia-6-1-300x225.webp\" class=\"attachment-pk-thumbnail size-pk-thumbnail wp-post-image\" alt=\"\" \/>\t\t\t\t\t\t\t\t<\/a>\n\t\t\t\t\t\t\t<\/div>\n\t\t\t\t\t\t<\/div>\n\t\t\t\t\t<\/div>\n\t\t\t\t<\/div>\n\t\t\t\t\n\t\t\t\t<div class=\"pk-post-inner\">\n\t\t\t\t\t<header>\n\t\t\t\t\t\t<h3 class=\"pk-title\"><a href=\"https:\/\/webdelmaestrocmf.com\/portal\/el-dilema-del-contacto-fisico-en-la-escuela-entre-el-vinculo-humano-y-la-responsabilidad-profesional-que-debe-hacer-el-docente\/\" rel=\"bookmark\">El dilema del contacto f\u00edsico en la escuela: entre el v\u00ednculo humano y la responsabilidad profesional \u00bfQu\u00e9 debe hacer el docente?<\/a><\/h3>\t\t\t\t\t<\/header><!-- .entry-header -->\n\t\t\t\t<\/div><!-- .post-inner -->\n\n\t\t\t<\/div><!-- .post-outer -->\n\t\t<\/article>\n\t\t\t\t<\/div>\n\t\t<\/div>\n\t\t\n","protected":false},"excerpt":{"rendered":"La labor de los maestros va m\u00e1s all\u00e1 de lo que com\u00fanmente percibimos. A menudo, pasamos por alto&hellip;","protected":false},"author":1,"featured_media":102278,"comment_status":"open","ping_status":"closed","sticky":false,"template":"","format":"standard","meta":{"csco_display_header_overlay":false,"csco_singular_sidebar":"","csco_page_header_type":"","csco_page_load_nextpost":"","csco_post_video_location":[],"csco_post_video_location_hash":"","csco_post_video_url":"","csco_post_video_bg_start_time":0,"csco_post_video_bg_end_time":0,"csco_post_video_bg_volume":false,"_jetpack_memberships_contains_paid_content":false,"footnotes":""},"categories":[570,735],"tags":[1584,23320,190,23319,1196],"class_list":{"0":"post-102273","1":"post","2":"type-post","3":"status-publish","4":"format-standard","5":"has-post-thumbnail","7":"category-docentes","8":"category-pedagogia","9":"tag-cosas","10":"tag-haran","11":"tag-maestros","12":"tag-no-sabias","13":"tag-pensar","14":"cs-entry","15":"cs-video-wrap"},"yoast_head":"<!-- This site is optimized with the Yoast SEO plugin v27.5 - https:\/\/yoast.com\/product\/yoast-seo-wordpress\/ -->\n<title>5 cosas que no sab\u00edas de tus maestros que te har\u00e1n pensar - 2026<\/title>\n<meta name=\"description\" content=\"Podemos vernos a los maestros como gu\u00edas educativas, \u00bfpero qu\u00e9 hay detr\u00e1s de una lecci\u00f3n? 5 aspectos que quiz\u00e1s no sab\u00edas!.\" \/>\n<meta name=\"robots\" content=\"index, follow, max-snippet:-1, max-image-preview:large, max-video-preview:-1\" \/>\n<link rel=\"canonical\" href=\"https:\/\/webdelmaestrocmf.com\/portal\/5-cosas-que-no-sabias-de-tus-maestros-que-te-haran-pensar\/\" \/>\n<meta property=\"og:locale\" content=\"es_ES\" \/>\n<meta property=\"og:type\" content=\"article\" \/>\n<meta property=\"og:title\" content=\"5 cosas que no sab\u00edas de tus maestros que te har\u00e1n pensar - 2026\" \/>\n<meta property=\"og:description\" content=\"Podemos vernos a los maestros como gu\u00edas educativas, \u00bfpero qu\u00e9 hay detr\u00e1s de una lecci\u00f3n? 5 aspectos que quiz\u00e1s no sab\u00edas!.\" \/>\n<meta property=\"og:url\" content=\"https:\/\/webdelmaestrocmf.com\/portal\/5-cosas-que-no-sabias-de-tus-maestros-que-te-haran-pensar\/\" \/>\n<meta property=\"og:site_name\" content=\"Web del Maestro CMF\" \/>\n<meta property=\"article:publisher\" content=\"https:\/\/www.facebook.com\/WebdelMaestroCMF\/\" \/>\n<meta property=\"article:author\" content=\"https:\/\/www.facebook.com\/WebdelMaestroCMF\/\" \/>\n<meta property=\"article:published_time\" content=\"2024-01-09T22:37:41+00:00\" \/>\n<meta property=\"article:modified_time\" content=\"2024-01-10T00:26:38+00:00\" \/>\n<meta property=\"og:image\" content=\"https:\/\/webdelmaestrocmf.com\/portal\/wp-content\/uploads\/2024\/01\/B-dibujos-1-4-4.webp\" \/>\n\t<meta property=\"og:image:width\" content=\"1024\" \/>\n\t<meta property=\"og:image:height\" content=\"1024\" \/>\n\t<meta property=\"og:image:type\" content=\"image\/webp\" \/>\n<meta name=\"author\" content=\"Web del Maestro CMF\" \/>\n<meta name=\"twitter:card\" content=\"summary_large_image\" \/>\n<meta name=\"twitter:creator\" content=\"@cmf_w\" \/>\n<meta name=\"twitter:site\" content=\"@cmf_w\" \/>\n<script type=\"application\/ld+json\" class=\"yoast-schema-graph\">{\"@context\":\"https:\\\/\\\/schema.org\",\"@graph\":[{\"@type\":\"ScholarlyArticle\",\"@id\":\"https:\\\/\\\/webdelmaestrocmf.com\\\/portal\\\/5-cosas-que-no-sabias-de-tus-maestros-que-te-haran-pensar\\\/#article\",\"isPartOf\":{\"@id\":\"https:\\\/\\\/webdelmaestrocmf.com\\\/portal\\\/5-cosas-que-no-sabias-de-tus-maestros-que-te-haran-pensar\\\/\"},\"author\":{\"name\":\"Web del Maestro CMF\",\"@id\":\"https:\\\/\\\/webdelmaestrocmf.com\\\/portal\\\/#\\\/schema\\\/person\\\/1072a2ed7bd960df8ef99a551fa35dc5\"},\"headline\":\"5 cosas que no sab\u00edas de tus maestros que te har\u00e1n pensar\",\"datePublished\":\"2024-01-09T22:37:41+00:00\",\"dateModified\":\"2024-01-10T00:26:38+00:00\",\"mainEntityOfPage\":{\"@id\":\"https:\\\/\\\/webdelmaestrocmf.com\\\/portal\\\/5-cosas-que-no-sabias-de-tus-maestros-que-te-haran-pensar\\\/\"},\"wordCount\":552,\"commentCount\":1,\"publisher\":{\"@id\":\"https:\\\/\\\/webdelmaestrocmf.com\\\/portal\\\/#organization\"},\"image\":{\"@id\":\"https:\\\/\\\/webdelmaestrocmf.com\\\/portal\\\/5-cosas-que-no-sabias-de-tus-maestros-que-te-haran-pensar\\\/#primaryimage\"},\"thumbnailUrl\":\"https:\\\/\\\/webdelmaestrocmf.com\\\/portal\\\/wp-content\\\/uploads\\\/2024\\\/01\\\/B-dibujos-1-4-4.webp\",\"keywords\":[\"COSAS\",\"har\u00e1n\",\"Maestros\",\"no sab\u00edas\",\"pensar\"],\"articleSection\":[\"Docentes\",\"Recursos\"],\"inLanguage\":\"es\",\"potentialAction\":[{\"@type\":\"CommentAction\",\"name\":\"Comment\",\"target\":[\"https:\\\/\\\/webdelmaestrocmf.com\\\/portal\\\/5-cosas-que-no-sabias-de-tus-maestros-que-te-haran-pensar\\\/#respond\"]}]},{\"@type\":\"WebPage\",\"@id\":\"https:\\\/\\\/webdelmaestrocmf.com\\\/portal\\\/5-cosas-que-no-sabias-de-tus-maestros-que-te-haran-pensar\\\/\",\"url\":\"https:\\\/\\\/webdelmaestrocmf.com\\\/portal\\\/5-cosas-que-no-sabias-de-tus-maestros-que-te-haran-pensar\\\/\",\"name\":\"5 cosas que no sab\u00edas de tus maestros que te har\u00e1n pensar - 2026\",\"isPartOf\":{\"@id\":\"https:\\\/\\\/webdelmaestrocmf.com\\\/portal\\\/#website\"},\"primaryImageOfPage\":{\"@id\":\"https:\\\/\\\/webdelmaestrocmf.com\\\/portal\\\/5-cosas-que-no-sabias-de-tus-maestros-que-te-haran-pensar\\\/#primaryimage\"},\"image\":{\"@id\":\"https:\\\/\\\/webdelmaestrocmf.com\\\/portal\\\/5-cosas-que-no-sabias-de-tus-maestros-que-te-haran-pensar\\\/#primaryimage\"},\"thumbnailUrl\":\"https:\\\/\\\/webdelmaestrocmf.com\\\/portal\\\/wp-content\\\/uploads\\\/2024\\\/01\\\/B-dibujos-1-4-4.webp\",\"datePublished\":\"2024-01-09T22:37:41+00:00\",\"dateModified\":\"2024-01-10T00:26:38+00:00\",\"description\":\"Podemos vernos a los maestros como gu\u00edas educativas, \u00bfpero qu\u00e9 hay detr\u00e1s de una lecci\u00f3n? 5 aspectos que quiz\u00e1s no sab\u00edas!.\",\"breadcrumb\":{\"@id\":\"https:\\\/\\\/webdelmaestrocmf.com\\\/portal\\\/5-cosas-que-no-sabias-de-tus-maestros-que-te-haran-pensar\\\/#breadcrumb\"},\"inLanguage\":\"es\",\"potentialAction\":[{\"@type\":\"ReadAction\",\"target\":[\"https:\\\/\\\/webdelmaestrocmf.com\\\/portal\\\/5-cosas-que-no-sabias-de-tus-maestros-que-te-haran-pensar\\\/\"]}]},{\"@type\":\"ImageObject\",\"inLanguage\":\"es\",\"@id\":\"https:\\\/\\\/webdelmaestrocmf.com\\\/portal\\\/5-cosas-que-no-sabias-de-tus-maestros-que-te-haran-pensar\\\/#primaryimage\",\"url\":\"https:\\\/\\\/webdelmaestrocmf.com\\\/portal\\\/wp-content\\\/uploads\\\/2024\\\/01\\\/B-dibujos-1-4-4.webp\",\"contentUrl\":\"https:\\\/\\\/webdelmaestrocmf.com\\\/portal\\\/wp-content\\\/uploads\\\/2024\\\/01\\\/B-dibujos-1-4-4.webp\",\"width\":1024,\"height\":1024},{\"@type\":\"BreadcrumbList\",\"@id\":\"https:\\\/\\\/webdelmaestrocmf.com\\\/portal\\\/5-cosas-que-no-sabias-de-tus-maestros-que-te-haran-pensar\\\/#breadcrumb\",\"itemListElement\":[{\"@type\":\"ListItem\",\"position\":1,\"name\":\"Portada\",\"item\":\"https:\\\/\\\/webdelmaestrocmf.com\\\/portal\\\/\"},{\"@type\":\"ListItem\",\"position\":2,\"name\":\"Recursos\",\"item\":\"https:\\\/\\\/webdelmaestrocmf.com\\\/portal\\\/category\\\/pedagogia\\\/\"},{\"@type\":\"ListItem\",\"position\":3,\"name\":\"5 cosas que no sab\u00edas de tus maestros que te har\u00e1n pensar\"}]},{\"@type\":\"WebSite\",\"@id\":\"https:\\\/\\\/webdelmaestrocmf.com\\\/portal\\\/#website\",\"url\":\"https:\\\/\\\/webdelmaestrocmf.com\\\/portal\\\/\",\"name\":\"Web del Maestro CMF\",\"description\":\"Maestros al servicio de la educaci\u00f3n\",\"publisher\":{\"@id\":\"https:\\\/\\\/webdelmaestrocmf.com\\\/portal\\\/#organization\"},\"alternateName\":\"WMCMF\",\"potentialAction\":[{\"@type\":\"SearchAction\",\"target\":{\"@type\":\"EntryPoint\",\"urlTemplate\":\"https:\\\/\\\/webdelmaestrocmf.com\\\/portal\\\/?s={search_term_string}\"},\"query-input\":{\"@type\":\"PropertyValueSpecification\",\"valueRequired\":true,\"valueName\":\"search_term_string\"}}],\"inLanguage\":\"es\"},{\"@type\":\"Organization\",\"@id\":\"https:\\\/\\\/webdelmaestrocmf.com\\\/portal\\\/#organization\",\"name\":\"Web del Maestro CMF\",\"alternateName\":\"WMCMF\",\"url\":\"https:\\\/\\\/webdelmaestrocmf.com\\\/portal\\\/\",\"logo\":{\"@type\":\"ImageObject\",\"inLanguage\":\"es\",\"@id\":\"https:\\\/\\\/webdelmaestrocmf.com\\\/portal\\\/#\\\/schema\\\/logo\\\/image\\\/\",\"url\":\"https:\\\/\\\/webdelmaestrocmf.com\\\/portal\\\/wp-content\\\/uploads\\\/2023\\\/01\\\/logo-wmcmf-2.png\",\"contentUrl\":\"https:\\\/\\\/webdelmaestrocmf.com\\\/portal\\\/wp-content\\\/uploads\\\/2023\\\/01\\\/logo-wmcmf-2.png\",\"width\":200,\"height\":60,\"caption\":\"Web del Maestro CMF\"},\"image\":{\"@id\":\"https:\\\/\\\/webdelmaestrocmf.com\\\/portal\\\/#\\\/schema\\\/logo\\\/image\\\/\"},\"sameAs\":[\"https:\\\/\\\/www.facebook.com\\\/WebdelMaestroCMF\\\/\",\"https:\\\/\\\/x.com\\\/cmf_w\",\"https:\\\/\\\/www.pinterest.com\\\/WMCMF\\\/\",\"https:\\\/\\\/www.linkedin.com\\\/company\\\/web-del-maestro-cmf\\\/\",\"https:\\\/\\\/www.instagram.com\\\/wmcmf\\\/\",\"https:\\\/\\\/www.youtube.com\\\/channel\\\/UCDPSvjbdodE5sHnC3OxutHw\",\"https:\\\/\\\/mastodon.social\\\/@wmcmf\",\"https:\\\/\\\/www.tiktok.com\\\/@webdelmaestrocmf\"]},{\"@type\":\"Person\",\"@id\":\"https:\\\/\\\/webdelmaestrocmf.com\\\/portal\\\/#\\\/schema\\\/person\\\/1072a2ed7bd960df8ef99a551fa35dc5\",\"name\":\"Web del Maestro CMF\",\"image\":{\"@type\":\"ImageObject\",\"inLanguage\":\"es\",\"@id\":\"https:\\\/\\\/secure.gravatar.com\\\/avatar\\\/23291dd5b5ae1077dcff3dbb04c3e02bd28403fa75af6d8787d5e97c5bbbe30b?s=96&d=mm&r=g\",\"url\":\"https:\\\/\\\/secure.gravatar.com\\\/avatar\\\/23291dd5b5ae1077dcff3dbb04c3e02bd28403fa75af6d8787d5e97c5bbbe30b?s=96&d=mm&r=g\",\"contentUrl\":\"https:\\\/\\\/secure.gravatar.com\\\/avatar\\\/23291dd5b5ae1077dcff3dbb04c3e02bd28403fa75af6d8787d5e97c5bbbe30b?s=96&d=mm&r=g\",\"caption\":\"Web del Maestro CMF\"},\"description\":\"Esta Web se cre\u00f3 sin fines de lucro, con fines educativos, cient\u00edficos y acad\u00e9micos, para personas que tengan dificultades y\\\/o inconvenientes en visualizar el material original. El objetivo es entregar recursos, compartir experiencias y materiales que ayuden a los padres de familia, maestros y estudiantes en su actualizaci\u00f3n y formaci\u00f3n permanente, en bien de la Educaci\u00f3n.\",\"sameAs\":[\"http:\\\/\\\/webdelmaestrocmf.com\\\/portal\",\"https:\\\/\\\/www.facebook.com\\\/WebdelMaestroCMF\\\/\",\"https:\\\/\\\/www.instagram.com\\\/wmcmf\\\/\",\"https:\\\/\\\/cl.linkedin.com\\\/company\\\/web-del-maestro-cmf\",\"https:\\\/\\\/www.pinterest.com\\\/WMCMF\\\/publicaciones\\\/\",\"https:\\\/\\\/x.com\\\/cmf_w\",\"https:\\\/\\\/www.youtube.com\\\/@WMCMF\"]}]}<\/script>\n<!-- \/ Yoast SEO plugin. -->","yoast_head_json":{"title":"5 cosas que no sab\u00edas de tus maestros que te har\u00e1n pensar - 2026","description":"Podemos vernos a los maestros como gu\u00edas educativas, \u00bfpero qu\u00e9 hay detr\u00e1s de una lecci\u00f3n? 5 aspectos que quiz\u00e1s no sab\u00edas!.","robots":{"index":"index","follow":"follow","max-snippet":"max-snippet:-1","max-image-preview":"max-image-preview:large","max-video-preview":"max-video-preview:-1"},"canonical":"https:\/\/webdelmaestrocmf.com\/portal\/5-cosas-que-no-sabias-de-tus-maestros-que-te-haran-pensar\/","og_locale":"es_ES","og_type":"article","og_title":"5 cosas que no sab\u00edas de tus maestros que te har\u00e1n pensar - 2026","og_description":"Podemos vernos a los maestros como gu\u00edas educativas, \u00bfpero qu\u00e9 hay detr\u00e1s de una lecci\u00f3n? 5 aspectos que quiz\u00e1s no sab\u00edas!.","og_url":"https:\/\/webdelmaestrocmf.com\/portal\/5-cosas-que-no-sabias-de-tus-maestros-que-te-haran-pensar\/","og_site_name":"Web del Maestro CMF","article_publisher":"https:\/\/www.facebook.com\/WebdelMaestroCMF\/","article_author":"https:\/\/www.facebook.com\/WebdelMaestroCMF\/","article_published_time":"2024-01-09T22:37:41+00:00","article_modified_time":"2024-01-10T00:26:38+00:00","og_image":[{"width":1024,"height":1024,"url":"https:\/\/webdelmaestrocmf.com\/portal\/wp-content\/uploads\/2024\/01\/B-dibujos-1-4-4.webp","type":"image\/webp"}],"author":"Web del Maestro CMF","twitter_card":"summary_large_image","twitter_creator":"@cmf_w","twitter_site":"@cmf_w","schema":{"@context":"https:\/\/schema.org","@graph":[{"@type":"ScholarlyArticle","@id":"https:\/\/webdelmaestrocmf.com\/portal\/5-cosas-que-no-sabias-de-tus-maestros-que-te-haran-pensar\/#article","isPartOf":{"@id":"https:\/\/webdelmaestrocmf.com\/portal\/5-cosas-que-no-sabias-de-tus-maestros-que-te-haran-pensar\/"},"author":{"name":"Web del Maestro CMF","@id":"https:\/\/webdelmaestrocmf.com\/portal\/#\/schema\/person\/1072a2ed7bd960df8ef99a551fa35dc5"},"headline":"5 cosas que no sab\u00edas de tus maestros que te har\u00e1n pensar","datePublished":"2024-01-09T22:37:41+00:00","dateModified":"2024-01-10T00:26:38+00:00","mainEntityOfPage":{"@id":"https:\/\/webdelmaestrocmf.com\/portal\/5-cosas-que-no-sabias-de-tus-maestros-que-te-haran-pensar\/"},"wordCount":552,"commentCount":1,"publisher":{"@id":"https:\/\/webdelmaestrocmf.com\/portal\/#organization"},"image":{"@id":"https:\/\/webdelmaestrocmf.com\/portal\/5-cosas-que-no-sabias-de-tus-maestros-que-te-haran-pensar\/#primaryimage"},"thumbnailUrl":"https:\/\/webdelmaestrocmf.com\/portal\/wp-content\/uploads\/2024\/01\/B-dibujos-1-4-4.webp","keywords":["COSAS","har\u00e1n","Maestros","no sab\u00edas","pensar"],"articleSection":["Docentes","Recursos"],"inLanguage":"es","potentialAction":[{"@type":"CommentAction","name":"Comment","target":["https:\/\/webdelmaestrocmf.com\/portal\/5-cosas-que-no-sabias-de-tus-maestros-que-te-haran-pensar\/#respond"]}]},{"@type":"WebPage","@id":"https:\/\/webdelmaestrocmf.com\/portal\/5-cosas-que-no-sabias-de-tus-maestros-que-te-haran-pensar\/","url":"https:\/\/webdelmaestrocmf.com\/portal\/5-cosas-que-no-sabias-de-tus-maestros-que-te-haran-pensar\/","name":"5 cosas que no sab\u00edas de tus maestros que te har\u00e1n pensar - 2026","isPartOf":{"@id":"https:\/\/webdelmaestrocmf.com\/portal\/#website"},"primaryImageOfPage":{"@id":"https:\/\/webdelmaestrocmf.com\/portal\/5-cosas-que-no-sabias-de-tus-maestros-que-te-haran-pensar\/#primaryimage"},"image":{"@id":"https:\/\/webdelmaestrocmf.com\/portal\/5-cosas-que-no-sabias-de-tus-maestros-que-te-haran-pensar\/#primaryimage"},"thumbnailUrl":"https:\/\/webdelmaestrocmf.com\/portal\/wp-content\/uploads\/2024\/01\/B-dibujos-1-4-4.webp","datePublished":"2024-01-09T22:37:41+00:00","dateModified":"2024-01-10T00:26:38+00:00","description":"Podemos vernos a los maestros como gu\u00edas educativas, \u00bfpero qu\u00e9 hay detr\u00e1s de una lecci\u00f3n? 5 aspectos que quiz\u00e1s no sab\u00edas!.","breadcrumb":{"@id":"https:\/\/webdelmaestrocmf.com\/portal\/5-cosas-que-no-sabias-de-tus-maestros-que-te-haran-pensar\/#breadcrumb"},"inLanguage":"es","potentialAction":[{"@type":"ReadAction","target":["https:\/\/webdelmaestrocmf.com\/portal\/5-cosas-que-no-sabias-de-tus-maestros-que-te-haran-pensar\/"]}]},{"@type":"ImageObject","inLanguage":"es","@id":"https:\/\/webdelmaestrocmf.com\/portal\/5-cosas-que-no-sabias-de-tus-maestros-que-te-haran-pensar\/#primaryimage","url":"https:\/\/webdelmaestrocmf.com\/portal\/wp-content\/uploads\/2024\/01\/B-dibujos-1-4-4.webp","contentUrl":"https:\/\/webdelmaestrocmf.com\/portal\/wp-content\/uploads\/2024\/01\/B-dibujos-1-4-4.webp","width":1024,"height":1024},{"@type":"BreadcrumbList","@id":"https:\/\/webdelmaestrocmf.com\/portal\/5-cosas-que-no-sabias-de-tus-maestros-que-te-haran-pensar\/#breadcrumb","itemListElement":[{"@type":"ListItem","position":1,"name":"Portada","item":"https:\/\/webdelmaestrocmf.com\/portal\/"},{"@type":"ListItem","position":2,"name":"Recursos","item":"https:\/\/webdelmaestrocmf.com\/portal\/category\/pedagogia\/"},{"@type":"ListItem","position":3,"name":"5 cosas que no sab\u00edas de tus maestros que te har\u00e1n pensar"}]},{"@type":"WebSite","@id":"https:\/\/webdelmaestrocmf.com\/portal\/#website","url":"https:\/\/webdelmaestrocmf.com\/portal\/","name":"Web del Maestro CMF","description":"Maestros al servicio de la educaci\u00f3n","publisher":{"@id":"https:\/\/webdelmaestrocmf.com\/portal\/#organization"},"alternateName":"WMCMF","potentialAction":[{"@type":"SearchAction","target":{"@type":"EntryPoint","urlTemplate":"https:\/\/webdelmaestrocmf.com\/portal\/?s={search_term_string}"},"query-input":{"@type":"PropertyValueSpecification","valueRequired":true,"valueName":"search_term_string"}}],"inLanguage":"es"},{"@type":"Organization","@id":"https:\/\/webdelmaestrocmf.com\/portal\/#organization","name":"Web del Maestro CMF","alternateName":"WMCMF","url":"https:\/\/webdelmaestrocmf.com\/portal\/","logo":{"@type":"ImageObject","inLanguage":"es","@id":"https:\/\/webdelmaestrocmf.com\/portal\/#\/schema\/logo\/image\/","url":"https:\/\/webdelmaestrocmf.com\/portal\/wp-content\/uploads\/2023\/01\/logo-wmcmf-2.png","contentUrl":"https:\/\/webdelmaestrocmf.com\/portal\/wp-content\/uploads\/2023\/01\/logo-wmcmf-2.png","width":200,"height":60,"caption":"Web del Maestro CMF"},"image":{"@id":"https:\/\/webdelmaestrocmf.com\/portal\/#\/schema\/logo\/image\/"},"sameAs":["https:\/\/www.facebook.com\/WebdelMaestroCMF\/","https:\/\/x.com\/cmf_w","https:\/\/www.pinterest.com\/WMCMF\/","https:\/\/www.linkedin.com\/company\/web-del-maestro-cmf\/","https:\/\/www.instagram.com\/wmcmf\/","https:\/\/www.youtube.com\/channel\/UCDPSvjbdodE5sHnC3OxutHw","https:\/\/mastodon.social\/@wmcmf","https:\/\/www.tiktok.com\/@webdelmaestrocmf"]},{"@type":"Person","@id":"https:\/\/webdelmaestrocmf.com\/portal\/#\/schema\/person\/1072a2ed7bd960df8ef99a551fa35dc5","name":"Web del Maestro CMF","image":{"@type":"ImageObject","inLanguage":"es","@id":"https:\/\/secure.gravatar.com\/avatar\/23291dd5b5ae1077dcff3dbb04c3e02bd28403fa75af6d8787d5e97c5bbbe30b?s=96&d=mm&r=g","url":"https:\/\/secure.gravatar.com\/avatar\/23291dd5b5ae1077dcff3dbb04c3e02bd28403fa75af6d8787d5e97c5bbbe30b?s=96&d=mm&r=g","contentUrl":"https:\/\/secure.gravatar.com\/avatar\/23291dd5b5ae1077dcff3dbb04c3e02bd28403fa75af6d8787d5e97c5bbbe30b?s=96&d=mm&r=g","caption":"Web del Maestro CMF"},"description":"Esta Web se cre\u00f3 sin fines de lucro, con fines educativos, cient\u00edficos y acad\u00e9micos, para personas que tengan dificultades y\/o inconvenientes en visualizar el material original. El objetivo es entregar recursos, compartir experiencias y materiales que ayuden a los padres de familia, maestros y estudiantes en su actualizaci\u00f3n y formaci\u00f3n permanente, en bien de la Educaci\u00f3n.","sameAs":["http:\/\/webdelmaestrocmf.com\/portal","https:\/\/www.facebook.com\/WebdelMaestroCMF\/","https:\/\/www.instagram.com\/wmcmf\/","https:\/\/cl.linkedin.com\/company\/web-del-maestro-cmf","https:\/\/www.pinterest.com\/WMCMF\/publicaciones\/","https:\/\/x.com\/cmf_w","https:\/\/www.youtube.com\/@WMCMF"]}]}},"jetpack_featured_media_url":"https:\/\/webdelmaestrocmf.com\/portal\/wp-content\/uploads\/2024\/01\/B-dibujos-1-4-4.webp","jetpack_sharing_enabled":true,"jetpack-related-posts":[{"id":68919,"url":"https:\/\/webdelmaestrocmf.com\/portal\/cosas-que-no-sabias-del-maestro-o-profesor-de-tu-hijo\/","url_meta":{"origin":102273,"position":0},"title":"Cosas que no sab\u00edas del maestro o profesor de tu hijo","author":"Web del Maestro CMF","date":"28 junio, 2025","format":false,"excerpt":"Los docentes son personas comunes que sostienen una labor extraordinaria: ense\u00f1an, acompa\u00f1an, se forman constantemente y asumen responsabilidades invisibles, muchas veces sin reconocimiento, guiados por vocaci\u00f3n y compromiso con sus estudiantes.","rel":"","context":"En \u00abDocentes\u00bb","block_context":{"text":"Docentes","link":"https:\/\/webdelmaestrocmf.com\/portal\/category\/pedagogia\/docentes\/"},"img":{"alt_text":"","src":"https:\/\/i0.wp.com\/webdelmaestrocmf.com\/portal\/wp-content\/uploads\/2022\/05\/Banner-1-portada-imagen-10-13.jpg?resize=350%2C200&ssl=1","width":350,"height":200,"srcset":"https:\/\/i0.wp.com\/webdelmaestrocmf.com\/portal\/wp-content\/uploads\/2022\/05\/Banner-1-portada-imagen-10-13.jpg?resize=350%2C200&ssl=1 1x, https:\/\/i0.wp.com\/webdelmaestrocmf.com\/portal\/wp-content\/uploads\/2022\/05\/Banner-1-portada-imagen-10-13.jpg?resize=525%2C300&ssl=1 1.5x, https:\/\/i0.wp.com\/webdelmaestrocmf.com\/portal\/wp-content\/uploads\/2022\/05\/Banner-1-portada-imagen-10-13.jpg?resize=700%2C400&ssl=1 2x"},"classes":[]},{"id":113189,"url":"https:\/\/webdelmaestrocmf.com\/portal\/fallece-maestra-de-historia-mientras-impartia-clases-en-una-secundaria-una-tragedia-que-conmueve-al-magisterio\/","url_meta":{"origin":102273,"position":1},"title":"Fallece maestra de historia mientras impart\u00eda clases en una secundaria: una tragedia que conmueve al magisterio","author":"Web del Maestro CMF","date":"5 noviembre, 2025","format":false,"excerpt":"La maestra Yadira Hern\u00e1ndez falleci\u00f3 dando clases en secundaria. Su entrega y vocaci\u00f3n dejaron una huella imborrable en su comunidad educativa.","rel":"","context":"En \u00abNoticias Internacionales\u00bb","block_context":{"text":"Noticias Internacionales","link":"https:\/\/webdelmaestrocmf.com\/portal\/category\/noticias-internacionales\/"},"img":{"alt_text":"","src":"https:\/\/i0.wp.com\/webdelmaestrocmf.com\/portal\/wp-content\/uploads\/2025\/11\/Portada-articulos-1-1.jpg?resize=350%2C200&ssl=1","width":350,"height":200,"srcset":"https:\/\/i0.wp.com\/webdelmaestrocmf.com\/portal\/wp-content\/uploads\/2025\/11\/Portada-articulos-1-1.jpg?resize=350%2C200&ssl=1 1x, https:\/\/i0.wp.com\/webdelmaestrocmf.com\/portal\/wp-content\/uploads\/2025\/11\/Portada-articulos-1-1.jpg?resize=525%2C300&ssl=1 1.5x, https:\/\/i0.wp.com\/webdelmaestrocmf.com\/portal\/wp-content\/uploads\/2025\/11\/Portada-articulos-1-1.jpg?resize=700%2C400&ssl=1 2x"},"classes":[]},{"id":114240,"url":"https:\/\/webdelmaestrocmf.com\/portal\/una-ultima-leccion-que-trascendio-el-aula-el-legado-de-tammy-waddell\/","url_meta":{"origin":102273,"position":2},"title":"Una \u00faltima lecci\u00f3n que trascendi\u00f3 el aula: el legado de Tammy Waddell","author":"Web del Maestro CMF","date":"22 diciembre, 2025","format":false,"excerpt":"Dos semanas antes de fallecer por c\u00e1ncer, Tammy Waddell hizo una petici\u00f3n inesperada para su funeral","rel":"","context":"En \u00abNoticias Internacionales\u00bb","block_context":{"text":"Noticias Internacionales","link":"https:\/\/webdelmaestrocmf.com\/portal\/category\/noticias-internacionales\/"},"img":{"alt_text":"","src":"https:\/\/i0.wp.com\/webdelmaestrocmf.com\/portal\/wp-content\/uploads\/2025\/12\/1A-Banner-1-portada-imagen-10-1-copia-1-14.webp?resize=350%2C200&ssl=1","width":350,"height":200,"srcset":"https:\/\/i0.wp.com\/webdelmaestrocmf.com\/portal\/wp-content\/uploads\/2025\/12\/1A-Banner-1-portada-imagen-10-1-copia-1-14.webp?resize=350%2C200&ssl=1 1x, https:\/\/i0.wp.com\/webdelmaestrocmf.com\/portal\/wp-content\/uploads\/2025\/12\/1A-Banner-1-portada-imagen-10-1-copia-1-14.webp?resize=525%2C300&ssl=1 1.5x, https:\/\/i0.wp.com\/webdelmaestrocmf.com\/portal\/wp-content\/uploads\/2025\/12\/1A-Banner-1-portada-imagen-10-1-copia-1-14.webp?resize=700%2C400&ssl=1 2x"},"classes":[]},{"id":48872,"url":"https:\/\/webdelmaestrocmf.com\/portal\/diferencias-entre-el-maestro-de-corazon-y-el-maestro-asalariado\/","url_meta":{"origin":102273,"position":3},"title":"Diferencias entre el Maestro de coraz\u00f3n y el Maestro asalariado","author":"Web del Maestro CMF","date":"8 julio, 2020","format":false,"excerpt":"Ser maestro no significa \u00fanicamente graduarte, tener un sal\u00f3n y un grupo de ni\u00f1os, implica muchos m\u00e1s que eso. Ser educador implica tener un gran don y un grupo de cualidades necesarias para lograr educar, sin embargo, no todos suelen tenerlas. Los maestros tienen impactos en la vida de los\u2026","rel":"","context":"En \u00abDocentes\u00bb","block_context":{"text":"Docentes","link":"https:\/\/webdelmaestrocmf.com\/portal\/category\/pedagogia\/docentes\/"},"img":{"alt_text":"","src":"https:\/\/i0.wp.com\/webdelmaestrocmf.com\/portal\/wp-content\/uploads\/2020\/07\/2-18.jpg?resize=350%2C200&ssl=1","width":350,"height":200,"srcset":"https:\/\/i0.wp.com\/webdelmaestrocmf.com\/portal\/wp-content\/uploads\/2020\/07\/2-18.jpg?resize=350%2C200&ssl=1 1x, https:\/\/i0.wp.com\/webdelmaestrocmf.com\/portal\/wp-content\/uploads\/2020\/07\/2-18.jpg?resize=525%2C300&ssl=1 1.5x, https:\/\/i0.wp.com\/webdelmaestrocmf.com\/portal\/wp-content\/uploads\/2020\/07\/2-18.jpg?resize=700%2C400&ssl=1 2x, https:\/\/i0.wp.com\/webdelmaestrocmf.com\/portal\/wp-content\/uploads\/2020\/07\/2-18.jpg?resize=1050%2C600&ssl=1 3x"},"classes":[]},{"id":26769,"url":"https:\/\/webdelmaestrocmf.com\/portal\/7-consejos-de-calificacion-para-nuevos-y-antiguos-maestros\/","url_meta":{"origin":102273,"position":4},"title":"Siete consejos para docentes y educadores sobre evaluaci\u00f3n y calificaci\u00f3n","author":"Web del Maestro CMF","date":"5 marzo, 2020","format":false,"excerpt":"La evaluaci\u00f3n es una de las herramientas educativas m\u00e1s poderosas para promover el aprendizaje efectivo, pero debe usarse de manera adecuada. No hay evidencia de que aumentar la cantidad de pruebas lo reforzar\u00e1; en lugar de ello, el foco debe estar en ayudar a que los profesores usen la evaluaci\u00f3n\u2026","rel":"","context":"En \u00abConsejos\u00bb","block_context":{"text":"Consejos","link":"https:\/\/webdelmaestrocmf.com\/portal\/category\/pedagogia\/consejos\/"},"img":{"alt_text":"evaluaci\u00f3n","src":"https:\/\/i0.wp.com\/webdelmaestrocmf.com\/portal\/wp-content\/uploads\/2018\/03\/1-copia.jpg?resize=350%2C200&ssl=1","width":350,"height":200,"srcset":"https:\/\/i0.wp.com\/webdelmaestrocmf.com\/portal\/wp-content\/uploads\/2018\/03\/1-copia.jpg?resize=350%2C200&ssl=1 1x, https:\/\/i0.wp.com\/webdelmaestrocmf.com\/portal\/wp-content\/uploads\/2018\/03\/1-copia.jpg?resize=525%2C300&ssl=1 1.5x, https:\/\/i0.wp.com\/webdelmaestrocmf.com\/portal\/wp-content\/uploads\/2018\/03\/1-copia.jpg?resize=700%2C400&ssl=1 2x, https:\/\/i0.wp.com\/webdelmaestrocmf.com\/portal\/wp-content\/uploads\/2018\/03\/1-copia.jpg?resize=1050%2C600&ssl=1 3x"},"classes":[]},{"id":22004,"url":"https:\/\/webdelmaestrocmf.com\/portal\/10-cualidades-esenciales-y-7-caracteristicas-que-diferencian-a-un-buen-maestro\/","url_meta":{"origin":102273,"position":5},"title":"Cualidades esenciales y caracter\u00edsticas que diferencian a un buen maestro","author":"Web del Maestro CMF","date":"29 febrero, 2020","format":false,"excerpt":"Ser maestro no significa \u00fanicamente graduarte, tener un sal\u00f3n y un grupo de ni\u00f1os, implica muchos m\u00e1s que eso. Ser educador implica tener un gran don y un grupo de cualidades necesarias para lograr educar, sin embargo, no todos suelen tenerlas. Un buen maestro es un faro de luz en\u2026","rel":"","context":"En \u00abConsejos\u00bb","block_context":{"text":"Consejos","link":"https:\/\/webdelmaestrocmf.com\/portal\/category\/pedagogia\/consejos\/"},"img":{"alt_text":"Cualidades","src":"https:\/\/i0.wp.com\/webdelmaestrocmf.com\/portal\/wp-content\/uploads\/2020\/02\/Banner-1-portada-imagen-10-1-2024-05-16T115102.300.jpg?resize=350%2C200&ssl=1","width":350,"height":200,"srcset":"https:\/\/i0.wp.com\/webdelmaestrocmf.com\/portal\/wp-content\/uploads\/2020\/02\/Banner-1-portada-imagen-10-1-2024-05-16T115102.300.jpg?resize=350%2C200&ssl=1 1x, https:\/\/i0.wp.com\/webdelmaestrocmf.com\/portal\/wp-content\/uploads\/2020\/02\/Banner-1-portada-imagen-10-1-2024-05-16T115102.300.jpg?resize=525%2C300&ssl=1 1.5x, https:\/\/i0.wp.com\/webdelmaestrocmf.com\/portal\/wp-content\/uploads\/2020\/02\/Banner-1-portada-imagen-10-1-2024-05-16T115102.300.jpg?resize=700%2C400&ssl=1 2x"},"classes":[]}],"_links":{"self":[{"href":"https:\/\/webdelmaestrocmf.com\/portal\/wp-json\/wp\/v2\/posts\/102273","targetHints":{"allow":["GET"]}}],"collection":[{"href":"https:\/\/webdelmaestrocmf.com\/portal\/wp-json\/wp\/v2\/posts"}],"about":[{"href":"https:\/\/webdelmaestrocmf.com\/portal\/wp-json\/wp\/v2\/types\/post"}],"author":[{"embeddable":true,"href":"https:\/\/webdelmaestrocmf.com\/portal\/wp-json\/wp\/v2\/users\/1"}],"replies":[{"embeddable":true,"href":"https:\/\/webdelmaestrocmf.com\/portal\/wp-json\/wp\/v2\/comments?post=102273"}],"version-history":[{"count":0,"href":"https:\/\/webdelmaestrocmf.com\/portal\/wp-json\/wp\/v2\/posts\/102273\/revisions"}],"wp:featuredmedia":[{"embeddable":true,"href":"https:\/\/webdelmaestrocmf.com\/portal\/wp-json\/wp\/v2\/media\/102278"}],"wp:attachment":[{"href":"https:\/\/webdelmaestrocmf.com\/portal\/wp-json\/wp\/v2\/media?parent=102273"}],"wp:term":[{"taxonomy":"category","embeddable":true,"href":"https:\/\/webdelmaestrocmf.com\/portal\/wp-json\/wp\/v2\/categories?post=102273"},{"taxonomy":"post_tag","embeddable":true,"href":"https:\/\/webdelmaestrocmf.com\/portal\/wp-json\/wp\/v2\/tags?post=102273"}],"curies":[{"name":"wp","href":"https:\/\/api.w.org\/{rel}","templated":true}]}}