{"id":10206,"date":"2019-03-13T14:57:15","date_gmt":"2019-03-13T17:57:15","guid":{"rendered":"http:\/\/webdelmaestrocmf.com\/inicio\/?p=10206"},"modified":"2022-06-09T19:56:21","modified_gmt":"2022-06-09T23:56:21","slug":"10-consejos-para-educar-con-inteligenica-emocional","status":"publish","type":"post","link":"https:\/\/webdelmaestrocmf.com\/portal\/10-consejos-para-educar-con-inteligenica-emocional\/","title":{"rendered":"10 consejos para educar con inteligencia emocional"},"content":{"rendered":"<h5 style=\"text-align: justify;\" align=\"center\">Si educamos\u00a0para el bienestar, no solo debemos educar las cabezas, sino tambi\u00e9n los corazones.<\/h5>\n<p><!--more--><\/p>\n<h5 style=\"text-align: justify;\" align=\"center\">En el mundo actual en el que vivimos resulta fundamental educar las emociones de los peque\u00f1os. El aprendizaje emocional es esencial para el desarrollo y el bienestar de las personas, tener la capacidad de reconocer las emociones y manejarlas va a determinar el \u00e9xito el bienestar personal y social en definitiva la felicidad.<\/h5>\n<p style=\"text-align: justify;\">Educar con inteligencia emocional es educar a las personas para que su desarrollo emocional sea adecuado y sano. La inteligencia emocional es la capacidad de reconocer las emociones propias y ajenas y tener la capacidad de manejarlas y regularlas de forma positiva y productiva.<\/p>\n<p style=\"text-align: justify;\">Educar con inteligencia emocional implica prestar atenci\u00f3n al coraz\u00f3n y los sentimientos de los peque\u00f1os, proveerles de las herramientas y habilidades necesarias para ser emocionalmente inteligentes, de forma que no se dejen controlar por sus emociones, sino que controlen ellos las emociones. Y de este modo hacerles personas seguras, con confianza, capaces de afrontar los fracasos y las frustraciones, de solucionar los problemas, de\u00a0 relacionarse adecuadamente y ser felices.<\/p>\n<h5><b>Beneficios<\/b><\/h5>\n<p style=\"text-align: justify;\">La Educaci\u00f3n Emocional aporta importantes beneficios en los peque\u00f1os, no debemos olvidar educar el coraz\u00f3n de nuestros peque\u00f1os.<\/p>\n<ul>\n<li style=\"text-align: justify;\"><b>Mejora la Conducta <\/b>de los ni\u00f1os.<\/li>\n<li style=\"text-align: justify;\">Ayuda a crear una <b>Autoestima <\/b>sana<\/li>\n<li style=\"text-align: justify;\">Fomenta el desarrollo de las <b>Habilidades Sociales, <\/b>para el bienestar social.<\/li>\n<li style=\"text-align: justify;\">Contribuye a\u00a0 la <b>Felicidad<\/b>, ayuda al bienestar personal.<\/li>\n<li style=\"text-align: justify;\">Mejora sus resultados acad\u00e9micos.<\/li>\n<li style=\"text-align: justify;\">Potencia la <b>Responsabilidad. <\/b>Hace a los ni\u00f1os m\u00e1s aut\u00f3nomos, <strong>responsables y seguros.<\/strong><\/li>\n<\/ul>\n<h5>10 consejos para educar con inteligencia emocional<\/h5>\n<ol>\n<li style=\"text-align: justify;\">Practica la <b>Escucha activa<\/b>. No solo se trata de o\u00edr, sino de escuchar lo que nos dicen.<\/li>\n<li style=\"text-align: justify;\">Crea un ambiente donde los peque\u00f1os se sientan <b>c\u00f3modos para expresarse<\/b><b>emocionalmente<\/b>. Expresa tus emociones abiertamente sin miedo y sin verg\u00fcenza y no juzgues al peque\u00f1o cuando exprese las suyas propias.<\/li>\n<li style=\"text-align: justify;\"><b>Fomenta las Emociones positivas<\/b>. Muestra abiertamente tus emociones positivas, tu afecto, tu alegr\u00eda,\u2026<\/li>\n<li style=\"text-align: justify;\"><b>Utiliza la Relajaci\u00f3n <\/b>contra las emociones negativas, las tuyas y las de los ni\u00f1os (miedo, enfado, tristeza, etc.).<\/li>\n<li style=\"text-align: justify;\"><b>Emplea cuentos y expl\u00edcales lo que sienten los personajes<\/b> y como afrontan esos sentimientos.<\/li>\n<li style=\"text-align: justify;\"><b>Expresa tu cari\u00f1o y aceptaci\u00f3n al peque\u00f1o.<\/b><\/li>\n<li style=\"text-align: justify;\">Ten siempre presente la <b>Diversi\u00f3n y el sentido del humor<\/b><\/li>\n<li style=\"text-align: justify;\">Proporciona al ni\u00f1o un <b>Clima de seguridad <\/b>donde pueda ser el mismo.<\/li>\n<li style=\"text-align: justify;\">Ens\u00e9\u00f1ale a <b>defender sus propios derechos<\/b> y a <b>respetar los derechos<\/b> de los dem\u00e1s.<\/li>\n<li style=\"text-align: justify;\">Aseg\u00farate de emplear siempre <b>Expectativas positivas y Lenguaje positivo. <\/b>Hazle ver qu\u00e9 crees que puede y lo har\u00e1, ser\u00e1 capaz.<\/li>\n<\/ol>\n<p><b><strong>Este contenido ha sido publicado originalmente por Educa y Aprende en la siguiente direcci\u00f3n: <a href=\"http:\/\/educayaprende.com\/\" target=\"_blank\" rel=\"noopener noreferrer\">educayaprende.com<\/a>\u00a0<\/strong><\/b><b>| Autor: Celia Rodr\u00edguez Ruiz<\/b><\/p>\n<h5><strong>La importancia de educar las emociones<\/strong><\/h5>\n<p style=\"text-align: justify;\">Podemos garantizar con certeza que todos nosotros conocemos a alguien que podemos calificar de irreflexivo o caprichoso. Muy probablemente podremos coincidir en que no es algo que deseamos para nuestros ni\u00f1os y j\u00f3venes.<\/p>\n<p style=\"text-align: justify;\">La prudencia, la inteligencia y madurez no se logran de un d\u00eda para otro. Es necesario trabajar con nuestros hijos y alumnos desde edades tempranas la inteligencia emocional.<\/p>\n<p style=\"text-align: justify;\">La inteligencia emocional es la facultad que los seres humanos tenemos para comprender nuestras emociones, identificar los sentimientos que traen consigo y actuar en consecuencia. M\u00e1s all\u00e1 del coeficiente intelectual, lo que determina el sano desarrollo y bienestar de una persona es esta habilidad de relacionarse de manera saludable con los dem\u00e1s y tomar decisiones con sensatez.<\/p>\n<p style=\"text-align: justify;\">Para educar en las emociones es necesario considerar:<\/p>\n<ol>\n<li style=\"text-align: justify;\">El reconocimiento del sentimiento o emoci\u00f3n: saberle poner nombre a lo que estamos experimentando.<\/li>\n<li style=\"text-align: justify;\">Validaci\u00f3n: saber que no es malo sentir. Ninguna emoci\u00f3n en s\u00ed misma puede categorizarse como esencialmente mala.<\/li>\n<li style=\"text-align: justify;\">Actuar en consecuencia: una vez aceptado el sentimiento, podremos decidir la conducta a seguir que resulte positiva o conveniente ante la situaci\u00f3n determinada.<\/li>\n<\/ol>\n<p><b><strong>Este contenido ha sido publicado originalmente por Canva en la siguiente direcci\u00f3n: <a href=\"http:\/\/canva.com\" target=\"_blank\" rel=\"noopener noreferrer\">canva.com<\/a><\/strong><\/b><\/p>\n\t\t<div class=\"pk-inline-posts\">\n\t\t\t\n\t\t\t<div class=\"pk-inline-posts-container pk-inline-posts-template-list\"\n\t\t\t\tdata-columns=\"1\">\n\t\t\t\t\t\t<article id=\"post-16013\" class=\"post-16013 post type-post status-publish format-standard has-post-thumbnail category-visitadas category-picologia category-pedagogia category-violencia tag-clase tag-conductas tag-desafiantes tag-estudiante tag-normas cs-entry cs-video-wrap\">\n\t\t\t<div class=\"pk-post-outer\">\n\n\t\t\t\t\t\t\t\t<div class=\"pk-post-inner\">\n\t\t\t\t\t<div class=\"entry-thumbnail\">\n\t\t\t\t\t\t<div class=\"pk-overlay pk-overlay-ratio pk-ratio-landscape\">\n\t\t\t\t\t\t\t<div class=\"pk-overlay-background\">\n\t\t\t\t\t\t\t\t<a href=\"https:\/\/webdelmaestrocmf.com\/portal\/sistemas-ayudan-ante-conductas-desafiantes-aula\/\" class=\"pk-overlay-link\">\n\t\t\t\t\t\t\t\t\t<img loading=\"lazy\" decoding=\"async\" width=\"300\" height=\"225\" src=\"https:\/\/webdelmaestrocmf.com\/portal\/wp-content\/uploads\/2022\/07\/Banner-1-portada-imagen-10-1-21-300x225.jpg\" class=\"attachment-pk-thumbnail size-pk-thumbnail wp-post-image\" alt=\"\" \/>\t\t\t\t\t\t\t\t<\/a>\n\t\t\t\t\t\t\t<\/div>\n\t\t\t\t\t\t<\/div>\n\t\t\t\t\t<\/div>\n\t\t\t\t<\/div>\n\t\t\t\t\n\t\t\t\t<div class=\"pk-post-inner\">\n\t\t\t\t\t<header>\n\t\t\t\t\t\t<h3 class=\"pk-title\"><a href=\"https:\/\/webdelmaestrocmf.com\/portal\/sistemas-ayudan-ante-conductas-desafiantes-aula\/\" rel=\"bookmark\">Sistemas que ayudan ante conductas desafiantes en el aula: descarga el libro \u201cAn\u00e1lisis funcional de la conducta\u201d<\/a><\/h3>\t\t\t\t\t<\/header><!-- .entry-header -->\n\t\t\t\t<\/div><!-- .post-inner -->\n\n\t\t\t<\/div><!-- .post-outer -->\n\t\t<\/article>\n\t\t\t\t<\/div>\n\t\t<\/div>\n\t\t\n","protected":false},"excerpt":{"rendered":"Si educamos\u00a0para el bienestar, no solo debemos educar las cabezas, sino tambi\u00e9n los corazones.","protected":false},"author":1,"featured_media":73991,"comment_status":"open","ping_status":"open","sticky":false,"template":"","format":"standard","meta":{"csco_display_header_overlay":false,"csco_singular_sidebar":"default","csco_page_header_type":"default","csco_page_load_nextpost":"default","csco_post_video_location":[],"csco_post_video_location_hash":"","csco_post_video_url":"","csco_post_video_bg_start_time":0,"csco_post_video_bg_end_time":0,"csco_post_video_bg_volume":false,"_jetpack_memberships_contains_paid_content":false,"footnotes":""},"categories":[443,599,139],"tags":[598,236,399],"class_list":{"0":"post-10206","1":"post","2":"type-post","3":"status-publish","4":"format-standard","5":"has-post-thumbnail","7":"category-educacion-y-familia","8":"category-inteligencia-emocional-educacion-y-familia","9":"category-visitadas","10":"tag-consejos","11":"tag-educar","12":"tag-emocional","13":"cs-entry","14":"cs-video-wrap"},"yoast_head":"<!-- This site is optimized with the Yoast SEO plugin v27.5 - https:\/\/yoast.com\/product\/yoast-seo-wordpress\/ -->\n<title>10 consejos para educar con inteligencia emocional<\/title>\n<meta name=\"description\" content=\"Si educamos\u00a0para el bienestar, no solo debemos educar las cabezas, sino tambi\u00e9n los corazones. En el mundo actual en el que vivimos...\" \/>\n<meta name=\"robots\" content=\"index, follow, max-snippet:-1, max-image-preview:large, max-video-preview:-1\" \/>\n<link rel=\"canonical\" href=\"https:\/\/webdelmaestrocmf.com\/portal\/10-consejos-para-educar-con-inteligenica-emocional\/\" \/>\n<meta property=\"og:locale\" content=\"es_ES\" \/>\n<meta property=\"og:type\" content=\"article\" \/>\n<meta property=\"og:title\" content=\"10 consejos para educar con inteligencia emocional\" \/>\n<meta property=\"og:description\" content=\"Si educamos\u00a0para el bienestar, no solo debemos educar las cabezas, sino tambi\u00e9n los corazones. En el mundo actual en el que vivimos...\" \/>\n<meta property=\"og:url\" content=\"https:\/\/webdelmaestrocmf.com\/portal\/10-consejos-para-educar-con-inteligenica-emocional\/\" \/>\n<meta property=\"og:site_name\" content=\"Web del Maestro CMF\" \/>\n<meta property=\"article:publisher\" content=\"https:\/\/www.facebook.com\/WebdelMaestroCMF\/\" \/>\n<meta property=\"article:author\" content=\"https:\/\/www.facebook.com\/WebdelMaestroCMF\/\" \/>\n<meta property=\"article:published_time\" content=\"2019-03-13T17:57:15+00:00\" \/>\n<meta property=\"article:modified_time\" content=\"2022-06-09T23:56:21+00:00\" \/>\n<meta property=\"og:image\" content=\"https:\/\/i0.wp.com\/webdelmaestrocmf.com\/portal\/wp-content\/uploads\/2019\/03\/1-105.jpg?fit=1100%2C680&ssl=1\" \/>\n\t<meta property=\"og:image:width\" content=\"1100\" \/>\n\t<meta property=\"og:image:height\" content=\"680\" \/>\n\t<meta property=\"og:image:type\" content=\"image\/jpeg\" \/>\n<meta name=\"author\" content=\"Web del Maestro CMF\" \/>\n<meta name=\"twitter:card\" content=\"summary_large_image\" \/>\n<meta name=\"twitter:creator\" content=\"@cmf_w\" \/>\n<meta name=\"twitter:site\" content=\"@cmf_w\" \/>\n<script type=\"application\/ld+json\" class=\"yoast-schema-graph\">{\"@context\":\"https:\\\/\\\/schema.org\",\"@graph\":[{\"@type\":\"ScholarlyArticle\",\"@id\":\"https:\\\/\\\/webdelmaestrocmf.com\\\/portal\\\/10-consejos-para-educar-con-inteligenica-emocional\\\/#article\",\"isPartOf\":{\"@id\":\"https:\\\/\\\/webdelmaestrocmf.com\\\/portal\\\/10-consejos-para-educar-con-inteligenica-emocional\\\/\"},\"author\":{\"name\":\"Web del Maestro CMF\",\"@id\":\"https:\\\/\\\/webdelmaestrocmf.com\\\/portal\\\/#\\\/schema\\\/person\\\/1072a2ed7bd960df8ef99a551fa35dc5\"},\"headline\":\"10 consejos para educar con inteligencia emocional\",\"datePublished\":\"2019-03-13T17:57:15+00:00\",\"dateModified\":\"2022-06-09T23:56:21+00:00\",\"mainEntityOfPage\":{\"@id\":\"https:\\\/\\\/webdelmaestrocmf.com\\\/portal\\\/10-consejos-para-educar-con-inteligenica-emocional\\\/\"},\"wordCount\":680,\"commentCount\":0,\"publisher\":{\"@id\":\"https:\\\/\\\/webdelmaestrocmf.com\\\/portal\\\/#organization\"},\"image\":{\"@id\":\"https:\\\/\\\/webdelmaestrocmf.com\\\/portal\\\/10-consejos-para-educar-con-inteligenica-emocional\\\/#primaryimage\"},\"thumbnailUrl\":\"https:\\\/\\\/webdelmaestrocmf.com\\\/portal\\\/wp-content\\\/uploads\\\/2019\\\/03\\\/1-105.jpg\",\"keywords\":[\"Consejos\",\"educar\",\"EMOCIONAL\"],\"articleSection\":[\"Educaci\u00f3n y Familia\",\"Inteligencia Emocional\",\"Las m\u00e1s vistas\"],\"inLanguage\":\"es\",\"potentialAction\":[{\"@type\":\"CommentAction\",\"name\":\"Comment\",\"target\":[\"https:\\\/\\\/webdelmaestrocmf.com\\\/portal\\\/10-consejos-para-educar-con-inteligenica-emocional\\\/#respond\"]}]},{\"@type\":\"WebPage\",\"@id\":\"https:\\\/\\\/webdelmaestrocmf.com\\\/portal\\\/10-consejos-para-educar-con-inteligenica-emocional\\\/\",\"url\":\"https:\\\/\\\/webdelmaestrocmf.com\\\/portal\\\/10-consejos-para-educar-con-inteligenica-emocional\\\/\",\"name\":\"10 consejos para educar con inteligencia emocional\",\"isPartOf\":{\"@id\":\"https:\\\/\\\/webdelmaestrocmf.com\\\/portal\\\/#website\"},\"primaryImageOfPage\":{\"@id\":\"https:\\\/\\\/webdelmaestrocmf.com\\\/portal\\\/10-consejos-para-educar-con-inteligenica-emocional\\\/#primaryimage\"},\"image\":{\"@id\":\"https:\\\/\\\/webdelmaestrocmf.com\\\/portal\\\/10-consejos-para-educar-con-inteligenica-emocional\\\/#primaryimage\"},\"thumbnailUrl\":\"https:\\\/\\\/webdelmaestrocmf.com\\\/portal\\\/wp-content\\\/uploads\\\/2019\\\/03\\\/1-105.jpg\",\"datePublished\":\"2019-03-13T17:57:15+00:00\",\"dateModified\":\"2022-06-09T23:56:21+00:00\",\"description\":\"Si educamos\u00a0para el bienestar, no solo debemos educar las cabezas, sino tambi\u00e9n los corazones. En el mundo actual en el que vivimos...\",\"breadcrumb\":{\"@id\":\"https:\\\/\\\/webdelmaestrocmf.com\\\/portal\\\/10-consejos-para-educar-con-inteligenica-emocional\\\/#breadcrumb\"},\"inLanguage\":\"es\",\"potentialAction\":[{\"@type\":\"ReadAction\",\"target\":[\"https:\\\/\\\/webdelmaestrocmf.com\\\/portal\\\/10-consejos-para-educar-con-inteligenica-emocional\\\/\"]}]},{\"@type\":\"ImageObject\",\"inLanguage\":\"es\",\"@id\":\"https:\\\/\\\/webdelmaestrocmf.com\\\/portal\\\/10-consejos-para-educar-con-inteligenica-emocional\\\/#primaryimage\",\"url\":\"https:\\\/\\\/webdelmaestrocmf.com\\\/portal\\\/wp-content\\\/uploads\\\/2019\\\/03\\\/1-105.jpg\",\"contentUrl\":\"https:\\\/\\\/webdelmaestrocmf.com\\\/portal\\\/wp-content\\\/uploads\\\/2019\\\/03\\\/1-105.jpg\",\"width\":1100,\"height\":680},{\"@type\":\"BreadcrumbList\",\"@id\":\"https:\\\/\\\/webdelmaestrocmf.com\\\/portal\\\/10-consejos-para-educar-con-inteligenica-emocional\\\/#breadcrumb\",\"itemListElement\":[{\"@type\":\"ListItem\",\"position\":1,\"name\":\"Portada\",\"item\":\"https:\\\/\\\/webdelmaestrocmf.com\\\/portal\\\/\"},{\"@type\":\"ListItem\",\"position\":2,\"name\":\"Recursos\",\"item\":\"https:\\\/\\\/webdelmaestrocmf.com\\\/portal\\\/category\\\/pedagogia\\\/\"},{\"@type\":\"ListItem\",\"position\":3,\"name\":\"Educaci\u00f3n y Familia\",\"item\":\"https:\\\/\\\/webdelmaestrocmf.com\\\/portal\\\/category\\\/pedagogia\\\/educacion-y-familia\\\/\"},{\"@type\":\"ListItem\",\"position\":4,\"name\":\"10 consejos para educar con inteligencia emocional\"}]},{\"@type\":\"WebSite\",\"@id\":\"https:\\\/\\\/webdelmaestrocmf.com\\\/portal\\\/#website\",\"url\":\"https:\\\/\\\/webdelmaestrocmf.com\\\/portal\\\/\",\"name\":\"Web del Maestro CMF\",\"description\":\"Maestros al servicio de la educaci\u00f3n\",\"publisher\":{\"@id\":\"https:\\\/\\\/webdelmaestrocmf.com\\\/portal\\\/#organization\"},\"alternateName\":\"WMCMF\",\"potentialAction\":[{\"@type\":\"SearchAction\",\"target\":{\"@type\":\"EntryPoint\",\"urlTemplate\":\"https:\\\/\\\/webdelmaestrocmf.com\\\/portal\\\/?s={search_term_string}\"},\"query-input\":{\"@type\":\"PropertyValueSpecification\",\"valueRequired\":true,\"valueName\":\"search_term_string\"}}],\"inLanguage\":\"es\"},{\"@type\":\"Organization\",\"@id\":\"https:\\\/\\\/webdelmaestrocmf.com\\\/portal\\\/#organization\",\"name\":\"Web del Maestro CMF\",\"alternateName\":\"WMCMF\",\"url\":\"https:\\\/\\\/webdelmaestrocmf.com\\\/portal\\\/\",\"logo\":{\"@type\":\"ImageObject\",\"inLanguage\":\"es\",\"@id\":\"https:\\\/\\\/webdelmaestrocmf.com\\\/portal\\\/#\\\/schema\\\/logo\\\/image\\\/\",\"url\":\"https:\\\/\\\/webdelmaestrocmf.com\\\/portal\\\/wp-content\\\/uploads\\\/2023\\\/01\\\/logo-wmcmf-2.png\",\"contentUrl\":\"https:\\\/\\\/webdelmaestrocmf.com\\\/portal\\\/wp-content\\\/uploads\\\/2023\\\/01\\\/logo-wmcmf-2.png\",\"width\":200,\"height\":60,\"caption\":\"Web del Maestro CMF\"},\"image\":{\"@id\":\"https:\\\/\\\/webdelmaestrocmf.com\\\/portal\\\/#\\\/schema\\\/logo\\\/image\\\/\"},\"sameAs\":[\"https:\\\/\\\/www.facebook.com\\\/WebdelMaestroCMF\\\/\",\"https:\\\/\\\/x.com\\\/cmf_w\",\"https:\\\/\\\/www.pinterest.com\\\/WMCMF\\\/\",\"https:\\\/\\\/www.linkedin.com\\\/company\\\/web-del-maestro-cmf\\\/\",\"https:\\\/\\\/www.instagram.com\\\/wmcmf\\\/\",\"https:\\\/\\\/www.youtube.com\\\/channel\\\/UCDPSvjbdodE5sHnC3OxutHw\",\"https:\\\/\\\/mastodon.social\\\/@wmcmf\",\"https:\\\/\\\/www.tiktok.com\\\/@webdelmaestrocmf\"]},{\"@type\":\"Person\",\"@id\":\"https:\\\/\\\/webdelmaestrocmf.com\\\/portal\\\/#\\\/schema\\\/person\\\/1072a2ed7bd960df8ef99a551fa35dc5\",\"name\":\"Web del Maestro CMF\",\"image\":{\"@type\":\"ImageObject\",\"inLanguage\":\"es\",\"@id\":\"https:\\\/\\\/secure.gravatar.com\\\/avatar\\\/23291dd5b5ae1077dcff3dbb04c3e02bd28403fa75af6d8787d5e97c5bbbe30b?s=96&d=mm&r=g\",\"url\":\"https:\\\/\\\/secure.gravatar.com\\\/avatar\\\/23291dd5b5ae1077dcff3dbb04c3e02bd28403fa75af6d8787d5e97c5bbbe30b?s=96&d=mm&r=g\",\"contentUrl\":\"https:\\\/\\\/secure.gravatar.com\\\/avatar\\\/23291dd5b5ae1077dcff3dbb04c3e02bd28403fa75af6d8787d5e97c5bbbe30b?s=96&d=mm&r=g\",\"caption\":\"Web del Maestro CMF\"},\"description\":\"Esta Web se cre\u00f3 sin fines de lucro, con fines educativos, cient\u00edficos y acad\u00e9micos, para personas que tengan dificultades y\\\/o inconvenientes en visualizar el material original. El objetivo es entregar recursos, compartir experiencias y materiales que ayuden a los padres de familia, maestros y estudiantes en su actualizaci\u00f3n y formaci\u00f3n permanente, en bien de la Educaci\u00f3n.\",\"sameAs\":[\"http:\\\/\\\/webdelmaestrocmf.com\\\/portal\",\"https:\\\/\\\/www.facebook.com\\\/WebdelMaestroCMF\\\/\",\"https:\\\/\\\/www.instagram.com\\\/wmcmf\\\/\",\"https:\\\/\\\/cl.linkedin.com\\\/company\\\/web-del-maestro-cmf\",\"https:\\\/\\\/www.pinterest.com\\\/WMCMF\\\/publicaciones\\\/\",\"https:\\\/\\\/x.com\\\/cmf_w\",\"https:\\\/\\\/www.youtube.com\\\/@WMCMF\"]}]}<\/script>\n<!-- \/ Yoast SEO plugin. -->","yoast_head_json":{"title":"10 consejos para educar con inteligencia emocional","description":"Si educamos\u00a0para el bienestar, no solo debemos educar las cabezas, sino tambi\u00e9n los corazones. En el mundo actual en el que vivimos...","robots":{"index":"index","follow":"follow","max-snippet":"max-snippet:-1","max-image-preview":"max-image-preview:large","max-video-preview":"max-video-preview:-1"},"canonical":"https:\/\/webdelmaestrocmf.com\/portal\/10-consejos-para-educar-con-inteligenica-emocional\/","og_locale":"es_ES","og_type":"article","og_title":"10 consejos para educar con inteligencia emocional","og_description":"Si educamos\u00a0para el bienestar, no solo debemos educar las cabezas, sino tambi\u00e9n los corazones. En el mundo actual en el que vivimos...","og_url":"https:\/\/webdelmaestrocmf.com\/portal\/10-consejos-para-educar-con-inteligenica-emocional\/","og_site_name":"Web del Maestro CMF","article_publisher":"https:\/\/www.facebook.com\/WebdelMaestroCMF\/","article_author":"https:\/\/www.facebook.com\/WebdelMaestroCMF\/","article_published_time":"2019-03-13T17:57:15+00:00","article_modified_time":"2022-06-09T23:56:21+00:00","og_image":[{"width":1100,"height":680,"url":"https:\/\/i0.wp.com\/webdelmaestrocmf.com\/portal\/wp-content\/uploads\/2019\/03\/1-105.jpg?fit=1100%2C680&ssl=1","type":"image\/jpeg"}],"author":"Web del Maestro CMF","twitter_card":"summary_large_image","twitter_creator":"@cmf_w","twitter_site":"@cmf_w","schema":{"@context":"https:\/\/schema.org","@graph":[{"@type":"ScholarlyArticle","@id":"https:\/\/webdelmaestrocmf.com\/portal\/10-consejos-para-educar-con-inteligenica-emocional\/#article","isPartOf":{"@id":"https:\/\/webdelmaestrocmf.com\/portal\/10-consejos-para-educar-con-inteligenica-emocional\/"},"author":{"name":"Web del Maestro CMF","@id":"https:\/\/webdelmaestrocmf.com\/portal\/#\/schema\/person\/1072a2ed7bd960df8ef99a551fa35dc5"},"headline":"10 consejos para educar con inteligencia emocional","datePublished":"2019-03-13T17:57:15+00:00","dateModified":"2022-06-09T23:56:21+00:00","mainEntityOfPage":{"@id":"https:\/\/webdelmaestrocmf.com\/portal\/10-consejos-para-educar-con-inteligenica-emocional\/"},"wordCount":680,"commentCount":0,"publisher":{"@id":"https:\/\/webdelmaestrocmf.com\/portal\/#organization"},"image":{"@id":"https:\/\/webdelmaestrocmf.com\/portal\/10-consejos-para-educar-con-inteligenica-emocional\/#primaryimage"},"thumbnailUrl":"https:\/\/webdelmaestrocmf.com\/portal\/wp-content\/uploads\/2019\/03\/1-105.jpg","keywords":["Consejos","educar","EMOCIONAL"],"articleSection":["Educaci\u00f3n y Familia","Inteligencia Emocional","Las m\u00e1s vistas"],"inLanguage":"es","potentialAction":[{"@type":"CommentAction","name":"Comment","target":["https:\/\/webdelmaestrocmf.com\/portal\/10-consejos-para-educar-con-inteligenica-emocional\/#respond"]}]},{"@type":"WebPage","@id":"https:\/\/webdelmaestrocmf.com\/portal\/10-consejos-para-educar-con-inteligenica-emocional\/","url":"https:\/\/webdelmaestrocmf.com\/portal\/10-consejos-para-educar-con-inteligenica-emocional\/","name":"10 consejos para educar con inteligencia emocional","isPartOf":{"@id":"https:\/\/webdelmaestrocmf.com\/portal\/#website"},"primaryImageOfPage":{"@id":"https:\/\/webdelmaestrocmf.com\/portal\/10-consejos-para-educar-con-inteligenica-emocional\/#primaryimage"},"image":{"@id":"https:\/\/webdelmaestrocmf.com\/portal\/10-consejos-para-educar-con-inteligenica-emocional\/#primaryimage"},"thumbnailUrl":"https:\/\/webdelmaestrocmf.com\/portal\/wp-content\/uploads\/2019\/03\/1-105.jpg","datePublished":"2019-03-13T17:57:15+00:00","dateModified":"2022-06-09T23:56:21+00:00","description":"Si educamos\u00a0para el bienestar, no solo debemos educar las cabezas, sino tambi\u00e9n los corazones. En el mundo actual en el que vivimos...","breadcrumb":{"@id":"https:\/\/webdelmaestrocmf.com\/portal\/10-consejos-para-educar-con-inteligenica-emocional\/#breadcrumb"},"inLanguage":"es","potentialAction":[{"@type":"ReadAction","target":["https:\/\/webdelmaestrocmf.com\/portal\/10-consejos-para-educar-con-inteligenica-emocional\/"]}]},{"@type":"ImageObject","inLanguage":"es","@id":"https:\/\/webdelmaestrocmf.com\/portal\/10-consejos-para-educar-con-inteligenica-emocional\/#primaryimage","url":"https:\/\/webdelmaestrocmf.com\/portal\/wp-content\/uploads\/2019\/03\/1-105.jpg","contentUrl":"https:\/\/webdelmaestrocmf.com\/portal\/wp-content\/uploads\/2019\/03\/1-105.jpg","width":1100,"height":680},{"@type":"BreadcrumbList","@id":"https:\/\/webdelmaestrocmf.com\/portal\/10-consejos-para-educar-con-inteligenica-emocional\/#breadcrumb","itemListElement":[{"@type":"ListItem","position":1,"name":"Portada","item":"https:\/\/webdelmaestrocmf.com\/portal\/"},{"@type":"ListItem","position":2,"name":"Recursos","item":"https:\/\/webdelmaestrocmf.com\/portal\/category\/pedagogia\/"},{"@type":"ListItem","position":3,"name":"Educaci\u00f3n y Familia","item":"https:\/\/webdelmaestrocmf.com\/portal\/category\/pedagogia\/educacion-y-familia\/"},{"@type":"ListItem","position":4,"name":"10 consejos para educar con inteligencia emocional"}]},{"@type":"WebSite","@id":"https:\/\/webdelmaestrocmf.com\/portal\/#website","url":"https:\/\/webdelmaestrocmf.com\/portal\/","name":"Web del Maestro CMF","description":"Maestros al servicio de la educaci\u00f3n","publisher":{"@id":"https:\/\/webdelmaestrocmf.com\/portal\/#organization"},"alternateName":"WMCMF","potentialAction":[{"@type":"SearchAction","target":{"@type":"EntryPoint","urlTemplate":"https:\/\/webdelmaestrocmf.com\/portal\/?s={search_term_string}"},"query-input":{"@type":"PropertyValueSpecification","valueRequired":true,"valueName":"search_term_string"}}],"inLanguage":"es"},{"@type":"Organization","@id":"https:\/\/webdelmaestrocmf.com\/portal\/#organization","name":"Web del Maestro CMF","alternateName":"WMCMF","url":"https:\/\/webdelmaestrocmf.com\/portal\/","logo":{"@type":"ImageObject","inLanguage":"es","@id":"https:\/\/webdelmaestrocmf.com\/portal\/#\/schema\/logo\/image\/","url":"https:\/\/webdelmaestrocmf.com\/portal\/wp-content\/uploads\/2023\/01\/logo-wmcmf-2.png","contentUrl":"https:\/\/webdelmaestrocmf.com\/portal\/wp-content\/uploads\/2023\/01\/logo-wmcmf-2.png","width":200,"height":60,"caption":"Web del Maestro CMF"},"image":{"@id":"https:\/\/webdelmaestrocmf.com\/portal\/#\/schema\/logo\/image\/"},"sameAs":["https:\/\/www.facebook.com\/WebdelMaestroCMF\/","https:\/\/x.com\/cmf_w","https:\/\/www.pinterest.com\/WMCMF\/","https:\/\/www.linkedin.com\/company\/web-del-maestro-cmf\/","https:\/\/www.instagram.com\/wmcmf\/","https:\/\/www.youtube.com\/channel\/UCDPSvjbdodE5sHnC3OxutHw","https:\/\/mastodon.social\/@wmcmf","https:\/\/www.tiktok.com\/@webdelmaestrocmf"]},{"@type":"Person","@id":"https:\/\/webdelmaestrocmf.com\/portal\/#\/schema\/person\/1072a2ed7bd960df8ef99a551fa35dc5","name":"Web del Maestro CMF","image":{"@type":"ImageObject","inLanguage":"es","@id":"https:\/\/secure.gravatar.com\/avatar\/23291dd5b5ae1077dcff3dbb04c3e02bd28403fa75af6d8787d5e97c5bbbe30b?s=96&d=mm&r=g","url":"https:\/\/secure.gravatar.com\/avatar\/23291dd5b5ae1077dcff3dbb04c3e02bd28403fa75af6d8787d5e97c5bbbe30b?s=96&d=mm&r=g","contentUrl":"https:\/\/secure.gravatar.com\/avatar\/23291dd5b5ae1077dcff3dbb04c3e02bd28403fa75af6d8787d5e97c5bbbe30b?s=96&d=mm&r=g","caption":"Web del Maestro CMF"},"description":"Esta Web se cre\u00f3 sin fines de lucro, con fines educativos, cient\u00edficos y acad\u00e9micos, para personas que tengan dificultades y\/o inconvenientes en visualizar el material original. El objetivo es entregar recursos, compartir experiencias y materiales que ayuden a los padres de familia, maestros y estudiantes en su actualizaci\u00f3n y formaci\u00f3n permanente, en bien de la Educaci\u00f3n.","sameAs":["http:\/\/webdelmaestrocmf.com\/portal","https:\/\/www.facebook.com\/WebdelMaestroCMF\/","https:\/\/www.instagram.com\/wmcmf\/","https:\/\/cl.linkedin.com\/company\/web-del-maestro-cmf","https:\/\/www.pinterest.com\/WMCMF\/publicaciones\/","https:\/\/x.com\/cmf_w","https:\/\/www.youtube.com\/@WMCMF"]}]}},"jetpack_featured_media_url":"https:\/\/webdelmaestrocmf.com\/portal\/wp-content\/uploads\/2019\/03\/1-105.jpg","jetpack_sharing_enabled":true,"jetpack-related-posts":[{"id":24337,"url":"https:\/\/webdelmaestrocmf.com\/portal\/14-propuestas-para-trabajar-la-inteligencia-emocional-en-el-aula\/","url_meta":{"origin":10206,"position":0},"title":"Propuestas para trabajar la inteligencia emocional en el aula","author":"Web del Maestro CMF","date":"8 febrero, 2020","format":false,"excerpt":"La\u00a0inteligencia emocional (IE)\u00a0se conoce como la capacidad de\u00a0identificar, comprender y manejar\u00a0las\u00a0emociones, o en otras palabras, la disposici\u00f3n\u00a0que tenemos para tratarnos bien y tratar bien a los dem\u00e1s. De acuerdo\u00a0al blog de educaci\u00f3n Tiching, la\u00a0IE aumenta el bienestar de los alumnos, se\u00a0reducen los conflictos escolares\u00a0para as\u00ed lograr resolverlos de una manera\u2026","rel":"","context":"En \u00abInteligencia Emocional\u00bb","block_context":{"text":"Inteligencia Emocional","link":"https:\/\/webdelmaestrocmf.com\/portal\/category\/pedagogia\/inteligencia-emocional-educacion-y-familia\/"},"img":{"alt_text":"","src":"https:\/\/i0.wp.com\/webdelmaestrocmf.com\/portal\/wp-content\/uploads\/2020\/02\/1-17.jpg?resize=350%2C200&ssl=1","width":350,"height":200,"srcset":"https:\/\/i0.wp.com\/webdelmaestrocmf.com\/portal\/wp-content\/uploads\/2020\/02\/1-17.jpg?resize=350%2C200&ssl=1 1x, https:\/\/i0.wp.com\/webdelmaestrocmf.com\/portal\/wp-content\/uploads\/2020\/02\/1-17.jpg?resize=525%2C300&ssl=1 1.5x, https:\/\/i0.wp.com\/webdelmaestrocmf.com\/portal\/wp-content\/uploads\/2020\/02\/1-17.jpg?resize=700%2C400&ssl=1 2x, https:\/\/i0.wp.com\/webdelmaestrocmf.com\/portal\/wp-content\/uploads\/2020\/02\/1-17.jpg?resize=1050%2C600&ssl=1 3x"},"classes":[]},{"id":12702,"url":"https:\/\/webdelmaestrocmf.com\/portal\/estrategias-estimular-la-inteligencia-emocional-aula\/","url_meta":{"origin":10206,"position":1},"title":"Estrategias para estimular la inteligencia emocional en el aula","author":"Web del Maestro CMF","date":"27 enero, 2020","format":false,"excerpt":"Inteligencia Emocional fue un t\u00e9rmino utilizado por Peter Salovey y John Mayer en 1990, quienes la definen como: \u201cLa capacidad de controlar y regular las emociones de uno mismo para resolver los problemas de manera pac\u00edfica, obteniendo un bienestar para s\u00ed mismo y para los dem\u00e1s\u201d. Hist\u00f3ricamente, las emociones poco\u2026","rel":"","context":"En \u00abInteligencia Emocional\u00bb","block_context":{"text":"Inteligencia Emocional","link":"https:\/\/webdelmaestrocmf.com\/portal\/category\/pedagogia\/inteligencia-emocional-educacion-y-familia\/"},"img":{"alt_text":"inteligencia emocional","src":"https:\/\/i0.wp.com\/webdelmaestrocmf.com\/portal\/wp-content\/uploads\/2020\/01\/Banner-1-portada-imagen-10-1-20.jpg?resize=350%2C200&ssl=1","width":350,"height":200,"srcset":"https:\/\/i0.wp.com\/webdelmaestrocmf.com\/portal\/wp-content\/uploads\/2020\/01\/Banner-1-portada-imagen-10-1-20.jpg?resize=350%2C200&ssl=1 1x, https:\/\/i0.wp.com\/webdelmaestrocmf.com\/portal\/wp-content\/uploads\/2020\/01\/Banner-1-portada-imagen-10-1-20.jpg?resize=525%2C300&ssl=1 1.5x, https:\/\/i0.wp.com\/webdelmaestrocmf.com\/portal\/wp-content\/uploads\/2020\/01\/Banner-1-portada-imagen-10-1-20.jpg?resize=700%2C400&ssl=1 2x"},"classes":[]},{"id":108673,"url":"https:\/\/webdelmaestrocmf.com\/portal\/es-un-peligro-poner-a-analfabetos-emocionales-al-mando-de-una-institucion-sobre-todo-si-es-educativa\/","url_meta":{"origin":10206,"position":2},"title":"Es un peligro poner a \u00abanalfabetos emocionales\u00bb al mando de una instituci\u00f3n, sobre todo si es educativa","author":"Web del Maestro CMF","date":"6 abril, 2025","format":false,"excerpt":"Se habla con frecuencia de competencias curriculares, planificaci\u00f3n estrat\u00e9gica y liderazgo pedag\u00f3gico, existe una amenaza silenciosa que rara vez se aborda con la seriedad que merece: el analfabetismo emocional en cargos directivos. Esta carencia representa un riesgo real para las comunidades escolares, ya que impacta directamente en el clima institucional,\u2026","rel":"","context":"En \u00abEmociones\u00bb","block_context":{"text":"Emociones","link":"https:\/\/webdelmaestrocmf.com\/portal\/category\/pedagogia\/emociones\/"},"img":{"alt_text":"","src":"https:\/\/i0.wp.com\/webdelmaestrocmf.com\/portal\/wp-content\/uploads\/2025\/04\/1A-Banner-1-portada-imagen-10-1-42.jpg?resize=350%2C200&ssl=1","width":350,"height":200,"srcset":"https:\/\/i0.wp.com\/webdelmaestrocmf.com\/portal\/wp-content\/uploads\/2025\/04\/1A-Banner-1-portada-imagen-10-1-42.jpg?resize=350%2C200&ssl=1 1x, https:\/\/i0.wp.com\/webdelmaestrocmf.com\/portal\/wp-content\/uploads\/2025\/04\/1A-Banner-1-portada-imagen-10-1-42.jpg?resize=525%2C300&ssl=1 1.5x, https:\/\/i0.wp.com\/webdelmaestrocmf.com\/portal\/wp-content\/uploads\/2025\/04\/1A-Banner-1-portada-imagen-10-1-42.jpg?resize=700%2C400&ssl=1 2x"},"classes":[]},{"id":74281,"url":"https:\/\/webdelmaestrocmf.com\/portal\/inteligencia-emocional-y-ambientes-escolares-una-propuesta-psicopedagogica\/","url_meta":{"origin":10206,"position":3},"title":"Inteligencia emocional y ambientes escolares: una propuesta psicopedag\u00f3gica","author":"Web del Maestro CMF","date":"13 febrero, 2022","format":false,"excerpt":"El presente documento destaca el inter\u00e9s por estudiar las caracter\u00edsticas emocionales de ni\u00f1os que se hallan en contextos escolares desfavorecidos y con carencias marcadas, tales como falta de afecto y contenci\u00f3n, escasa capacidad para interactuar positivamente con otros y para manejar los impulsos emocionales, poca motivaci\u00f3n y marcada problem\u00e1tica familiar\u2026","rel":"","context":"En \u00abInfraestructura\u00bb","block_context":{"text":"Infraestructura","link":"https:\/\/webdelmaestrocmf.com\/portal\/category\/pedagogia\/infraestructura\/"},"img":{"alt_text":"","src":"https:\/\/i0.wp.com\/webdelmaestrocmf.com\/portal\/wp-content\/uploads\/2022\/02\/1-75.jpg?resize=350%2C200&ssl=1","width":350,"height":200,"srcset":"https:\/\/i0.wp.com\/webdelmaestrocmf.com\/portal\/wp-content\/uploads\/2022\/02\/1-75.jpg?resize=350%2C200&ssl=1 1x, https:\/\/i0.wp.com\/webdelmaestrocmf.com\/portal\/wp-content\/uploads\/2022\/02\/1-75.jpg?resize=525%2C300&ssl=1 1.5x, https:\/\/i0.wp.com\/webdelmaestrocmf.com\/portal\/wp-content\/uploads\/2022\/02\/1-75.jpg?resize=700%2C400&ssl=1 2x, https:\/\/i0.wp.com\/webdelmaestrocmf.com\/portal\/wp-content\/uploads\/2022\/02\/1-75.jpg?resize=1050%2C600&ssl=1 3x"},"classes":[]},{"id":101371,"url":"https:\/\/webdelmaestrocmf.com\/portal\/que-es-y-como-mejorar-nuestra-la-inteligencia-emocional\/","url_meta":{"origin":10206,"position":4},"title":"Qu\u00e9 es y c\u00f3mo mejorar nuestra la Inteligencia emocional","author":"Web del Maestro CMF","date":"3 diciembre, 2023","format":false,"excerpt":"La inteligencia emocional, esencial en la vida personal y profesional, esta se define por la capacidad de reconocer, comprender y gestionar tanto nuestras propias emociones como las de los dem\u00e1s. Compuesta por elementos como la autoconciencia, autorregulaci\u00f3n, motivaci\u00f3n, empat\u00eda y habilidades sociales, esta habilidad no solo impacta en nuestro comportamiento\u2026","rel":"","context":"En \u00abInteligencia Emocional\u00bb","block_context":{"text":"Inteligencia Emocional","link":"https:\/\/webdelmaestrocmf.com\/portal\/category\/pedagogia\/inteligencia-emocional-educacion-y-familia\/"},"img":{"alt_text":"inteligencia emocional","src":"https:\/\/i0.wp.com\/webdelmaestrocmf.com\/portal\/wp-content\/uploads\/2023\/12\/inteligencia-emocional-1.jpg?resize=350%2C200&ssl=1","width":350,"height":200,"srcset":"https:\/\/i0.wp.com\/webdelmaestrocmf.com\/portal\/wp-content\/uploads\/2023\/12\/inteligencia-emocional-1.jpg?resize=350%2C200&ssl=1 1x, https:\/\/i0.wp.com\/webdelmaestrocmf.com\/portal\/wp-content\/uploads\/2023\/12\/inteligencia-emocional-1.jpg?resize=525%2C300&ssl=1 1.5x, https:\/\/i0.wp.com\/webdelmaestrocmf.com\/portal\/wp-content\/uploads\/2023\/12\/inteligencia-emocional-1.jpg?resize=700%2C400&ssl=1 2x"},"classes":[]},{"id":34810,"url":"https:\/\/webdelmaestrocmf.com\/portal\/dirigir-y-educar-con-inteligencia-emocional\/","url_meta":{"origin":10206,"position":5},"title":"Bego\u00f1a Ibarrola: Dirigir y educar con inteligencia emocional","author":"Web del Maestro CMF","date":"1 mayo, 2019","format":false,"excerpt":"Bego\u00f1a Ibarrola naci\u00f3 en Bilbao en 1954, aunque reside en Madrid desde hace muchos a\u00f1os. Licenciada en Psicolog\u00eda por la Universidad Complutense de Madrid en 1977, ejerci\u00f3 como terapeuta infantil durante quince a\u00f1os y su trabajo ha estado siempre vinculado al mundo de las emociones. Hasta 1996 trabaj\u00f3 con ni\u00f1os\u2026","rel":"","context":"En \u00abEntrevistas\u00bb","block_context":{"text":"Entrevistas","link":"https:\/\/webdelmaestrocmf.com\/portal\/category\/noticias\/entrevistas\/"},"img":{"alt_text":"","src":"https:\/\/i0.wp.com\/webdelmaestrocmf.com\/portal\/wp-content\/uploads\/2019\/05\/2.jpg?resize=350%2C200&ssl=1","width":350,"height":200,"srcset":"https:\/\/i0.wp.com\/webdelmaestrocmf.com\/portal\/wp-content\/uploads\/2019\/05\/2.jpg?resize=350%2C200&ssl=1 1x, https:\/\/i0.wp.com\/webdelmaestrocmf.com\/portal\/wp-content\/uploads\/2019\/05\/2.jpg?resize=525%2C300&ssl=1 1.5x, https:\/\/i0.wp.com\/webdelmaestrocmf.com\/portal\/wp-content\/uploads\/2019\/05\/2.jpg?resize=700%2C400&ssl=1 2x, https:\/\/i0.wp.com\/webdelmaestrocmf.com\/portal\/wp-content\/uploads\/2019\/05\/2.jpg?resize=1050%2C600&ssl=1 3x"},"classes":[]}],"_links":{"self":[{"href":"https:\/\/webdelmaestrocmf.com\/portal\/wp-json\/wp\/v2\/posts\/10206","targetHints":{"allow":["GET"]}}],"collection":[{"href":"https:\/\/webdelmaestrocmf.com\/portal\/wp-json\/wp\/v2\/posts"}],"about":[{"href":"https:\/\/webdelmaestrocmf.com\/portal\/wp-json\/wp\/v2\/types\/post"}],"author":[{"embeddable":true,"href":"https:\/\/webdelmaestrocmf.com\/portal\/wp-json\/wp\/v2\/users\/1"}],"replies":[{"embeddable":true,"href":"https:\/\/webdelmaestrocmf.com\/portal\/wp-json\/wp\/v2\/comments?post=10206"}],"version-history":[{"count":0,"href":"https:\/\/webdelmaestrocmf.com\/portal\/wp-json\/wp\/v2\/posts\/10206\/revisions"}],"wp:featuredmedia":[{"embeddable":true,"href":"https:\/\/webdelmaestrocmf.com\/portal\/wp-json\/wp\/v2\/media\/73991"}],"wp:attachment":[{"href":"https:\/\/webdelmaestrocmf.com\/portal\/wp-json\/wp\/v2\/media?parent=10206"}],"wp:term":[{"taxonomy":"category","embeddable":true,"href":"https:\/\/webdelmaestrocmf.com\/portal\/wp-json\/wp\/v2\/categories?post=10206"},{"taxonomy":"post_tag","embeddable":true,"href":"https:\/\/webdelmaestrocmf.com\/portal\/wp-json\/wp\/v2\/tags?post=10206"}],"curies":[{"name":"wp","href":"https:\/\/api.w.org\/{rel}","templated":true}]}}