{"id":101982,"date":"2023-12-30T19:14:59","date_gmt":"2023-12-30T22:14:59","guid":{"rendered":"https:\/\/webdelmaestrocmf.com\/portal\/?p=101982"},"modified":"2023-12-31T12:54:50","modified_gmt":"2023-12-31T15:54:50","slug":"que-puede-hacer-un-docente-en-el-ano-nuevo","status":"publish","type":"post","link":"https:\/\/webdelmaestrocmf.com\/portal\/que-puede-hacer-un-docente-en-el-ano-nuevo\/","title":{"rendered":"Qu\u00e9 puede hacer un docente en las vacaciones del a\u00f1o nuevo"},"content":{"rendered":"<p style=\"text-align: justify;\"><strong>El inicio de un a\u00f1o nuevo es el momento perfecto para que los docentes reflexionen sobre sus pr\u00e1cticas, establezcan metas y encuentren formas de equilibrar su vida personal y profesional. Tanto en el \u00e1mbito personal como en el profesional, hay acciones clave que los educadores pueden emprender para hacer del pr\u00f3ximo a\u00f1o un periodo exitoso y gratificante.<\/strong><!--more--><\/p>\n<p>Te lo contamos a continuaci\u00f3n:<\/p>\n<p>Art\u00edculo relacionado:\u00a0<a href=\"https:\/\/webdelmaestrocmf.com\/portal\/que-debe-hacer-un-docente-en-vacaciones\/\" target=\"_top\" rel=\"noopener\">\u00bfQu\u00e9 debe hacer un docente en vacaciones?<\/a><\/p>\n<h2 style=\"text-align: justify;\"><strong>En el \u00e1mbito personal:<\/strong><\/h2>\n<h3 style=\"padding-left: 40px; text-align: left;\"><strong>1. Tomar tiempo para descansar y recargar energ\u00edas: <\/strong><\/h3>\n<p style=\"text-align: justify; padding-left: 40px;\">Las vacaciones son un per\u00edodo valioso para los docentes. Apartar tiempo para descansar, disfrutar de la compa\u00f1\u00eda de familiares y amigos, y participar en actividades que brinden alegr\u00eda y relajaci\u00f3n es esencial para recargar energ\u00edas y enfrentar el pr\u00f3ximo ciclo escolar con renovado entusiasmo.<\/p>\n<h3 style=\"padding-left: 40px; text-align: left;\"><strong>2. Cuidar la salud f\u00edsica y mental:<\/strong><\/h3>\n<p style=\"text-align: justify; padding-left: 40px;\">Priorizar la salud es fundamental. Adoptar h\u00e1bitos alimenticios saludables, realizar ejercicio regularmente y asegurarse de obtener un sue\u00f1o reparador contribuir\u00e1 a mantener una mente y un cuerpo fuertes, proporcionando as\u00ed la vitalidad necesaria para el desaf\u00edo diario en el aula.<\/p>\n<h3 style=\"padding-left: 40px; text-align: left;\"><strong>3. Mantenerse conectado con los seres queridos:<\/strong><\/h3>\n<p style=\"text-align: justify; padding-left: 40px;\">La conexi\u00f3n con amigos y familiares es esencial para el bienestar emocional. Ya sea a trav\u00e9s de encuentros en persona o mediante plataformas virtuales, dedicar tiempo a relaciones significativas ayuda a mantener un equilibrio entre la vida personal y profesional.<\/p>\n<p><img loading=\"lazy\" decoding=\"async\" class=\"alignnone wp-image-101986 size-full\" src=\"https:\/\/webdelmaestrocmf.com\/portal\/wp-content\/uploads\/2023\/12\/B-dibujos-1-16.webp\" alt=\"docente en el a\u00f1o nuevo\" width=\"1024\" height=\"1024\" srcset=\"https:\/\/webdelmaestrocmf.com\/portal\/wp-content\/uploads\/2023\/12\/B-dibujos-1-16.webp 1024w, https:\/\/webdelmaestrocmf.com\/portal\/wp-content\/uploads\/2023\/12\/B-dibujos-1-16-300x300.webp 300w, https:\/\/webdelmaestrocmf.com\/portal\/wp-content\/uploads\/2023\/12\/B-dibujos-1-16-150x150.webp 150w, https:\/\/webdelmaestrocmf.com\/portal\/wp-content\/uploads\/2023\/12\/B-dibujos-1-16-768x768.webp 768w, https:\/\/webdelmaestrocmf.com\/portal\/wp-content\/uploads\/2023\/12\/B-dibujos-1-16-80x80.webp 80w, https:\/\/webdelmaestrocmf.com\/portal\/wp-content\/uploads\/2023\/12\/B-dibujos-1-16-110x110.webp 110w, https:\/\/webdelmaestrocmf.com\/portal\/wp-content\/uploads\/2023\/12\/B-dibujos-1-16-380x380.webp 380w, https:\/\/webdelmaestrocmf.com\/portal\/wp-content\/uploads\/2023\/12\/B-dibujos-1-16-550x550.webp 550w, https:\/\/webdelmaestrocmf.com\/portal\/wp-content\/uploads\/2023\/12\/B-dibujos-1-16-800x800.webp 800w\" sizes=\"auto, (max-width: 1024px) 100vw, 1024px\" \/><\/p>\n<h2 style=\"text-align: left;\"><strong>En el \u00e1mbito profesional:<\/strong><\/h2>\n<h3 style=\"padding-left: 40px; text-align: left;\"><strong>1. Reflexionar sobre el a\u00f1o anterior y establecer objetivos:<\/strong><\/h3>\n<p style=\"text-align: justify; padding-left: 40px;\">Mirar hacia atr\u00e1s es clave para avanzar. Reflexionar sobre los \u00e9xitos y desaf\u00edos del a\u00f1o anterior permite a los docentes identificar \u00e1reas de mejora y establecer objetivos claros para el pr\u00f3ximo a\u00f1o. Establecer metas realistas y medibles proporciona una direcci\u00f3n clara hacia el crecimiento profesional.<\/p>\n<h3 style=\"padding-left: 40px; text-align: left;\"><strong>2. Asistir a cursos de formaci\u00f3n o actualizaci\u00f3n profesional:<\/strong><\/h3>\n<p style=\"text-align: justify; padding-left: 40px;\">La educaci\u00f3n est\u00e1 en constante evoluci\u00f3n. Participar en cursos de formaci\u00f3n o buscar oportunidades de desarrollo profesional garantiza que los docentes est\u00e9n al tanto de las \u00faltimas tendencias pedag\u00f3gicas y metodolog\u00edas, mejorando as\u00ed su capacidad para impactar positivamente en el aprendizaje de los estudiantes.<\/p>\n<h3 style=\"padding-left: 40px; text-align: left;\"><strong>3. Participar en actividades de colaboraci\u00f3n con otros docentes:<\/strong><\/h3>\n<p style=\"text-align: justify; padding-left: 40px;\">La colaboraci\u00f3n es una herramienta poderosa. Unirse a comunidades educativas, participar en grupos de discusi\u00f3n o colaborar en proyectos con otros docentes proporciona un espacio para compartir ideas, aprender nuevas estrategias y construir una red de apoyo que enriquecer\u00e1 la pr\u00e1ctica docente.<\/p>\n<p><img loading=\"lazy\" decoding=\"async\" class=\"alignnone wp-image-101985 size-full\" src=\"https:\/\/webdelmaestrocmf.com\/portal\/wp-content\/uploads\/2023\/12\/B-dibujos-1-15.webp\" alt=\"docente en el a\u00f1o nuevo\" width=\"1024\" height=\"1024\" srcset=\"https:\/\/webdelmaestrocmf.com\/portal\/wp-content\/uploads\/2023\/12\/B-dibujos-1-15.webp 1024w, https:\/\/webdelmaestrocmf.com\/portal\/wp-content\/uploads\/2023\/12\/B-dibujos-1-15-300x300.webp 300w, https:\/\/webdelmaestrocmf.com\/portal\/wp-content\/uploads\/2023\/12\/B-dibujos-1-15-150x150.webp 150w, https:\/\/webdelmaestrocmf.com\/portal\/wp-content\/uploads\/2023\/12\/B-dibujos-1-15-768x768.webp 768w, https:\/\/webdelmaestrocmf.com\/portal\/wp-content\/uploads\/2023\/12\/B-dibujos-1-15-80x80.webp 80w, https:\/\/webdelmaestrocmf.com\/portal\/wp-content\/uploads\/2023\/12\/B-dibujos-1-15-110x110.webp 110w, https:\/\/webdelmaestrocmf.com\/portal\/wp-content\/uploads\/2023\/12\/B-dibujos-1-15-380x380.webp 380w, https:\/\/webdelmaestrocmf.com\/portal\/wp-content\/uploads\/2023\/12\/B-dibujos-1-15-550x550.webp 550w, https:\/\/webdelmaestrocmf.com\/portal\/wp-content\/uploads\/2023\/12\/B-dibujos-1-15-800x800.webp 800w\" sizes=\"auto, (max-width: 1024px) 100vw, 1024px\" \/><\/p>\n<p style=\"text-align: justify;\">Al abordar estos aspectos tanto en lo personal como en lo profesional, los docentes pueden embarcarse en el nuevo a\u00f1o con una mentalidad renovada y la confianza necesaria para enfrentar los desaf\u00edos que se presenten en el aula. Este enfoque integral contribuir\u00e1 no solo al crecimiento profesional del docente, sino tambi\u00e9n al bienestar general, creando as\u00ed un entorno m\u00e1s positivo y enriquecedor para todos los involucrados en el proceso educativo.<\/p>\n\t\t<div class=\"pk-inline-posts\">\n\t\t\t\n\t\t\t<div class=\"pk-inline-posts-container pk-inline-posts-template-list\"\n\t\t\t\tdata-columns=\"1\">\n\t\t\t\t\t\t<article id=\"post-28153\" class=\"post-28153 post type-post status-publish format-standard has-post-thumbnail category-consejos category-docentes category-pedagogia tag-adaptacion-a-diversidad tag-adaptacion-curricular tag-aprendizaje-activo tag-clases tag-diseno-curricular tag-diseno-de-actividades tag-diseno-de-lecciones tag-diseno-de-unidades-didacticas tag-eficiente tag-enfoque-centrado-en-el-estudiante tag-estrategias-de-ensenanza tag-estrategias-de-ensenanza-efectiva tag-estrategias-de-instruccion tag-estrategias-de-participacion tag-evaluacion-autentica tag-evaluacion-del-aprendizaje tag-evaluacion-formativa tag-evaluacion-sumativa tag-instruccion-diferenciada tag-manera tag-medicion-del-progreso tag-metodologia-educativa tag-motivacion-del-estudiante tag-objetivos-de-aprendizaje tag-planificacion-a-corto-plazo tag-planificacion-a-largo-plazo tag-planificacion-de-clases tag-planificar tag-recursos-didacticos tag-retroalimentacion-formativa tag-secuencia-didactica tag-taxonomia-de-bloom tag-tecnicas-de-organizacion tag-uso-de-tecnologia-educativa cs-entry cs-video-wrap\">\n\t\t\t<div class=\"pk-post-outer\">\n\n\t\t\t\t\t\t\t\t<div class=\"pk-post-inner\">\n\t\t\t\t\t<div class=\"entry-thumbnail\">\n\t\t\t\t\t\t<div class=\"pk-overlay pk-overlay-ratio pk-ratio-landscape\">\n\t\t\t\t\t\t\t<div class=\"pk-overlay-background\">\n\t\t\t\t\t\t\t\t<a href=\"https:\/\/webdelmaestrocmf.com\/portal\/como-planificar-las-clases-de-manera-eficiente\/\" class=\"pk-overlay-link\">\n\t\t\t\t\t\t\t\t\t<img loading=\"lazy\" decoding=\"async\" width=\"300\" height=\"225\" src=\"https:\/\/webdelmaestrocmf.com\/portal\/wp-content\/uploads\/2026\/02\/1AA-Banner-1-portada-imagen-10-1-copia-16-300x225.webp\" class=\"attachment-pk-thumbnail size-pk-thumbnail wp-post-image\" alt=\"\" \/>\t\t\t\t\t\t\t\t<\/a>\n\t\t\t\t\t\t\t<\/div>\n\t\t\t\t\t\t<\/div>\n\t\t\t\t\t<\/div>\n\t\t\t\t<\/div>\n\t\t\t\t\n\t\t\t\t<div class=\"pk-post-inner\">\n\t\t\t\t\t<header>\n\t\t\t\t\t\t<h3 class=\"pk-title\"><a href=\"https:\/\/webdelmaestrocmf.com\/portal\/como-planificar-las-clases-de-manera-eficiente\/\" rel=\"bookmark\">C\u00f3mo planificar las clases de manera eficiente: descarga las mejores plantillas de planificaci\u00f3n de clases<\/a><\/h3>\t\t\t\t\t<\/header><!-- .entry-header -->\n\t\t\t\t<\/div><!-- .post-inner -->\n\n\t\t\t<\/div><!-- .post-outer -->\n\t\t<\/article>\n\t\t\t<article id=\"post-117746\" class=\"post-117746 post type-post status-publish format-standard has-post-thumbnail category-docentes category-pedagogia tag-bienestar-docente tag-clima-escolar tag-docentes tag-educacion-3 tag-gestion-educativa-3 tag-salud-mental-docente tag-sistema-educativo tag-sobrecarga-laboral tag-trabajo-docente tag-vocacion-docente-2 cs-entry cs-video-wrap\">\n\t\t\t<div class=\"pk-post-outer\">\n\n\t\t\t\t\t\t\t\t<div class=\"pk-post-inner\">\n\t\t\t\t\t<div class=\"entry-thumbnail\">\n\t\t\t\t\t\t<div class=\"pk-overlay pk-overlay-ratio pk-ratio-landscape\">\n\t\t\t\t\t\t\t<div class=\"pk-overlay-background\">\n\t\t\t\t\t\t\t\t<a href=\"https:\/\/webdelmaestrocmf.com\/portal\/la-mochila-invisible-del-docente-una-carga-que-el-sistema-aun-no-logra-ver\/\" class=\"pk-overlay-link\">\n\t\t\t\t\t\t\t\t\t<img loading=\"lazy\" decoding=\"async\" width=\"300\" height=\"225\" src=\"https:\/\/webdelmaestrocmf.com\/portal\/wp-content\/uploads\/2026\/04\/1AA-Banner-1-portada-imagen-10-1-copia-14-1-300x225.webp\" class=\"attachment-pk-thumbnail size-pk-thumbnail wp-post-image\" alt=\"\" \/>\t\t\t\t\t\t\t\t<\/a>\n\t\t\t\t\t\t\t<\/div>\n\t\t\t\t\t\t<\/div>\n\t\t\t\t\t<\/div>\n\t\t\t\t<\/div>\n\t\t\t\t\n\t\t\t\t<div class=\"pk-post-inner\">\n\t\t\t\t\t<header>\n\t\t\t\t\t\t<h3 class=\"pk-title\"><a href=\"https:\/\/webdelmaestrocmf.com\/portal\/la-mochila-invisible-del-docente-una-carga-que-el-sistema-aun-no-logra-ver\/\" rel=\"bookmark\">La mochila invisible del docente: una carga que el sistema a\u00fan no logra ver<\/a><\/h3>\t\t\t\t\t<\/header><!-- .entry-header -->\n\t\t\t\t<\/div><!-- .post-inner -->\n\n\t\t\t<\/div><!-- .post-outer -->\n\t\t<\/article>\n\t\t\t<article id=\"post-117526\" class=\"post-117526 post type-post status-publish format-standard has-post-thumbnail category-docentes category-pedagogia tag-aula tag-convivencia-escolar tag-docentes tag-educacion-2 tag-educacion-socioemocional tag-espacio-personal tag-limites tag-pedagogia-2 tag-vinculo-educativo cs-entry cs-video-wrap\">\n\t\t\t<div class=\"pk-post-outer\">\n\n\t\t\t\t\t\t\t\t<div class=\"pk-post-inner\">\n\t\t\t\t\t<div class=\"entry-thumbnail\">\n\t\t\t\t\t\t<div class=\"pk-overlay pk-overlay-ratio pk-ratio-landscape\">\n\t\t\t\t\t\t\t<div class=\"pk-overlay-background\">\n\t\t\t\t\t\t\t\t<a href=\"https:\/\/webdelmaestrocmf.com\/portal\/el-dilema-del-contacto-fisico-en-la-escuela-entre-el-vinculo-humano-y-la-responsabilidad-profesional-que-debe-hacer-el-docente\/\" class=\"pk-overlay-link\">\n\t\t\t\t\t\t\t\t\t<img loading=\"lazy\" decoding=\"async\" width=\"300\" height=\"225\" src=\"https:\/\/webdelmaestrocmf.com\/portal\/wp-content\/uploads\/2026\/04\/1AA-Banner-1-portada-imagen-10-1-copia-6-1-300x225.webp\" class=\"attachment-pk-thumbnail size-pk-thumbnail wp-post-image\" alt=\"\" \/>\t\t\t\t\t\t\t\t<\/a>\n\t\t\t\t\t\t\t<\/div>\n\t\t\t\t\t\t<\/div>\n\t\t\t\t\t<\/div>\n\t\t\t\t<\/div>\n\t\t\t\t\n\t\t\t\t<div class=\"pk-post-inner\">\n\t\t\t\t\t<header>\n\t\t\t\t\t\t<h3 class=\"pk-title\"><a href=\"https:\/\/webdelmaestrocmf.com\/portal\/el-dilema-del-contacto-fisico-en-la-escuela-entre-el-vinculo-humano-y-la-responsabilidad-profesional-que-debe-hacer-el-docente\/\" rel=\"bookmark\">El dilema del contacto f\u00edsico en la escuela: entre el v\u00ednculo humano y la responsabilidad profesional \u00bfQu\u00e9 debe hacer el docente?<\/a><\/h3>\t\t\t\t\t<\/header><!-- .entry-header -->\n\t\t\t\t<\/div><!-- .post-inner -->\n\n\t\t\t<\/div><!-- .post-outer -->\n\t\t<\/article>\n\t\t\t\t<\/div>\n\t\t<\/div>\n\t\t\n","protected":false},"excerpt":{"rendered":"El inicio de un a\u00f1o nuevo es el momento perfecto para que los docentes reflexionen sobre sus pr\u00e1cticas,&hellip;","protected":false},"author":1,"featured_media":101984,"comment_status":"open","ping_status":"closed","sticky":false,"template":"","format":"standard","meta":{"csco_display_header_overlay":false,"csco_singular_sidebar":"","csco_page_header_type":"","csco_page_load_nextpost":"","csco_post_video_location":[],"csco_post_video_location_hash":"","csco_post_video_url":"","csco_post_video_bg_start_time":0,"csco_post_video_bg_end_time":0,"csco_post_video_bg_volume":false,"_jetpack_memberships_contains_paid_content":false,"footnotes":""},"categories":[570,735],"tags":[3206,52,2181,3156,3555],"class_list":{"0":"post-101982","1":"post","2":"type-post","3":"status-publish","4":"format-standard","5":"has-post-thumbnail","7":"category-docentes","8":"category-pedagogia","9":"tag-ano","10":"tag-docente","11":"tag-hacer","12":"tag-nuevo","13":"tag-puede","14":"cs-entry","15":"cs-video-wrap"},"yoast_head":"<!-- This site is optimized with the Yoast SEO plugin v27.5 - https:\/\/yoast.com\/product\/yoast-seo-wordpress\/ -->\n<title>Qu\u00e9 puede hacer un docente en las vacaciones del a\u00f1o nuevo - 2026<\/title>\n<meta name=\"description\" content=\"El inicio de un a\u00f1o nuevo es el momento perfecto para que los docentes reflexionen sobre sus pr\u00e1cticas, establezcan metas...\" \/>\n<meta name=\"robots\" content=\"index, follow, max-snippet:-1, max-image-preview:large, max-video-preview:-1\" \/>\n<link rel=\"canonical\" href=\"https:\/\/webdelmaestrocmf.com\/portal\/que-puede-hacer-un-docente-en-el-ano-nuevo\/\" \/>\n<meta property=\"og:locale\" content=\"es_ES\" \/>\n<meta property=\"og:type\" content=\"article\" \/>\n<meta property=\"og:title\" content=\"Qu\u00e9 puede hacer un docente en las vacaciones del a\u00f1o nuevo - 2026\" \/>\n<meta property=\"og:description\" content=\"El inicio de un a\u00f1o nuevo es el momento perfecto para que los docentes reflexionen sobre sus pr\u00e1cticas, establezcan metas...\" \/>\n<meta property=\"og:url\" content=\"https:\/\/webdelmaestrocmf.com\/portal\/que-puede-hacer-un-docente-en-el-ano-nuevo\/\" \/>\n<meta property=\"og:site_name\" content=\"Web del Maestro CMF\" \/>\n<meta property=\"article:publisher\" content=\"https:\/\/www.facebook.com\/WebdelMaestroCMF\/\" \/>\n<meta property=\"article:author\" content=\"https:\/\/www.facebook.com\/WebdelMaestroCMF\/\" \/>\n<meta property=\"article:published_time\" content=\"2023-12-30T22:14:59+00:00\" \/>\n<meta property=\"article:modified_time\" content=\"2023-12-31T15:54:50+00:00\" \/>\n<meta property=\"og:image\" content=\"https:\/\/webdelmaestrocmf.com\/portal\/wp-content\/uploads\/2023\/12\/A12B3C4D-1-10.jpg\" \/>\n\t<meta property=\"og:image:width\" content=\"900\" \/>\n\t<meta property=\"og:image:height\" content=\"556\" \/>\n\t<meta property=\"og:image:type\" content=\"image\/jpeg\" \/>\n<meta name=\"author\" content=\"Web del Maestro CMF\" \/>\n<meta name=\"twitter:card\" content=\"summary_large_image\" \/>\n<meta name=\"twitter:creator\" content=\"@cmf_w\" \/>\n<meta name=\"twitter:site\" content=\"@cmf_w\" \/>\n<script type=\"application\/ld+json\" class=\"yoast-schema-graph\">{\"@context\":\"https:\\\/\\\/schema.org\",\"@graph\":[{\"@type\":\"ScholarlyArticle\",\"@id\":\"https:\\\/\\\/webdelmaestrocmf.com\\\/portal\\\/que-puede-hacer-un-docente-en-el-ano-nuevo\\\/#article\",\"isPartOf\":{\"@id\":\"https:\\\/\\\/webdelmaestrocmf.com\\\/portal\\\/que-puede-hacer-un-docente-en-el-ano-nuevo\\\/\"},\"author\":{\"name\":\"Web del Maestro CMF\",\"@id\":\"https:\\\/\\\/webdelmaestrocmf.com\\\/portal\\\/#\\\/schema\\\/person\\\/1072a2ed7bd960df8ef99a551fa35dc5\"},\"headline\":\"Qu\u00e9 puede hacer un docente en las vacaciones del a\u00f1o nuevo\",\"datePublished\":\"2023-12-30T22:14:59+00:00\",\"dateModified\":\"2023-12-31T15:54:50+00:00\",\"mainEntityOfPage\":{\"@id\":\"https:\\\/\\\/webdelmaestrocmf.com\\\/portal\\\/que-puede-hacer-un-docente-en-el-ano-nuevo\\\/\"},\"wordCount\":504,\"commentCount\":0,\"publisher\":{\"@id\":\"https:\\\/\\\/webdelmaestrocmf.com\\\/portal\\\/#organization\"},\"image\":{\"@id\":\"https:\\\/\\\/webdelmaestrocmf.com\\\/portal\\\/que-puede-hacer-un-docente-en-el-ano-nuevo\\\/#primaryimage\"},\"thumbnailUrl\":\"https:\\\/\\\/webdelmaestrocmf.com\\\/portal\\\/wp-content\\\/uploads\\\/2023\\\/12\\\/A12B3C4D-1-10.jpg\",\"keywords\":[\"A\u00d1O\",\"DOCENTE\",\"HACER\",\"NUEVO\",\"PUEDE\"],\"articleSection\":[\"Docentes\",\"Recursos\"],\"inLanguage\":\"es\",\"potentialAction\":[{\"@type\":\"CommentAction\",\"name\":\"Comment\",\"target\":[\"https:\\\/\\\/webdelmaestrocmf.com\\\/portal\\\/que-puede-hacer-un-docente-en-el-ano-nuevo\\\/#respond\"]}]},{\"@type\":\"WebPage\",\"@id\":\"https:\\\/\\\/webdelmaestrocmf.com\\\/portal\\\/que-puede-hacer-un-docente-en-el-ano-nuevo\\\/\",\"url\":\"https:\\\/\\\/webdelmaestrocmf.com\\\/portal\\\/que-puede-hacer-un-docente-en-el-ano-nuevo\\\/\",\"name\":\"Qu\u00e9 puede hacer un docente en las vacaciones del a\u00f1o nuevo - 2026\",\"isPartOf\":{\"@id\":\"https:\\\/\\\/webdelmaestrocmf.com\\\/portal\\\/#website\"},\"primaryImageOfPage\":{\"@id\":\"https:\\\/\\\/webdelmaestrocmf.com\\\/portal\\\/que-puede-hacer-un-docente-en-el-ano-nuevo\\\/#primaryimage\"},\"image\":{\"@id\":\"https:\\\/\\\/webdelmaestrocmf.com\\\/portal\\\/que-puede-hacer-un-docente-en-el-ano-nuevo\\\/#primaryimage\"},\"thumbnailUrl\":\"https:\\\/\\\/webdelmaestrocmf.com\\\/portal\\\/wp-content\\\/uploads\\\/2023\\\/12\\\/A12B3C4D-1-10.jpg\",\"datePublished\":\"2023-12-30T22:14:59+00:00\",\"dateModified\":\"2023-12-31T15:54:50+00:00\",\"description\":\"El inicio de un a\u00f1o nuevo es el momento perfecto para que los docentes reflexionen sobre sus pr\u00e1cticas, establezcan metas...\",\"breadcrumb\":{\"@id\":\"https:\\\/\\\/webdelmaestrocmf.com\\\/portal\\\/que-puede-hacer-un-docente-en-el-ano-nuevo\\\/#breadcrumb\"},\"inLanguage\":\"es\",\"potentialAction\":[{\"@type\":\"ReadAction\",\"target\":[\"https:\\\/\\\/webdelmaestrocmf.com\\\/portal\\\/que-puede-hacer-un-docente-en-el-ano-nuevo\\\/\"]}]},{\"@type\":\"ImageObject\",\"inLanguage\":\"es\",\"@id\":\"https:\\\/\\\/webdelmaestrocmf.com\\\/portal\\\/que-puede-hacer-un-docente-en-el-ano-nuevo\\\/#primaryimage\",\"url\":\"https:\\\/\\\/webdelmaestrocmf.com\\\/portal\\\/wp-content\\\/uploads\\\/2023\\\/12\\\/A12B3C4D-1-10.jpg\",\"contentUrl\":\"https:\\\/\\\/webdelmaestrocmf.com\\\/portal\\\/wp-content\\\/uploads\\\/2023\\\/12\\\/A12B3C4D-1-10.jpg\",\"width\":900,\"height\":556},{\"@type\":\"BreadcrumbList\",\"@id\":\"https:\\\/\\\/webdelmaestrocmf.com\\\/portal\\\/que-puede-hacer-un-docente-en-el-ano-nuevo\\\/#breadcrumb\",\"itemListElement\":[{\"@type\":\"ListItem\",\"position\":1,\"name\":\"Portada\",\"item\":\"https:\\\/\\\/webdelmaestrocmf.com\\\/portal\\\/\"},{\"@type\":\"ListItem\",\"position\":2,\"name\":\"Recursos\",\"item\":\"https:\\\/\\\/webdelmaestrocmf.com\\\/portal\\\/category\\\/pedagogia\\\/\"},{\"@type\":\"ListItem\",\"position\":3,\"name\":\"Qu\u00e9 puede hacer un docente en las vacaciones del a\u00f1o nuevo\"}]},{\"@type\":\"WebSite\",\"@id\":\"https:\\\/\\\/webdelmaestrocmf.com\\\/portal\\\/#website\",\"url\":\"https:\\\/\\\/webdelmaestrocmf.com\\\/portal\\\/\",\"name\":\"Web del Maestro CMF\",\"description\":\"Maestros al servicio de la educaci\u00f3n\",\"publisher\":{\"@id\":\"https:\\\/\\\/webdelmaestrocmf.com\\\/portal\\\/#organization\"},\"alternateName\":\"WMCMF\",\"potentialAction\":[{\"@type\":\"SearchAction\",\"target\":{\"@type\":\"EntryPoint\",\"urlTemplate\":\"https:\\\/\\\/webdelmaestrocmf.com\\\/portal\\\/?s={search_term_string}\"},\"query-input\":{\"@type\":\"PropertyValueSpecification\",\"valueRequired\":true,\"valueName\":\"search_term_string\"}}],\"inLanguage\":\"es\"},{\"@type\":\"Organization\",\"@id\":\"https:\\\/\\\/webdelmaestrocmf.com\\\/portal\\\/#organization\",\"name\":\"Web del Maestro CMF\",\"alternateName\":\"WMCMF\",\"url\":\"https:\\\/\\\/webdelmaestrocmf.com\\\/portal\\\/\",\"logo\":{\"@type\":\"ImageObject\",\"inLanguage\":\"es\",\"@id\":\"https:\\\/\\\/webdelmaestrocmf.com\\\/portal\\\/#\\\/schema\\\/logo\\\/image\\\/\",\"url\":\"https:\\\/\\\/webdelmaestrocmf.com\\\/portal\\\/wp-content\\\/uploads\\\/2023\\\/01\\\/logo-wmcmf-2.png\",\"contentUrl\":\"https:\\\/\\\/webdelmaestrocmf.com\\\/portal\\\/wp-content\\\/uploads\\\/2023\\\/01\\\/logo-wmcmf-2.png\",\"width\":200,\"height\":60,\"caption\":\"Web del Maestro CMF\"},\"image\":{\"@id\":\"https:\\\/\\\/webdelmaestrocmf.com\\\/portal\\\/#\\\/schema\\\/logo\\\/image\\\/\"},\"sameAs\":[\"https:\\\/\\\/www.facebook.com\\\/WebdelMaestroCMF\\\/\",\"https:\\\/\\\/x.com\\\/cmf_w\",\"https:\\\/\\\/www.pinterest.com\\\/WMCMF\\\/\",\"https:\\\/\\\/www.linkedin.com\\\/company\\\/web-del-maestro-cmf\\\/\",\"https:\\\/\\\/www.instagram.com\\\/wmcmf\\\/\",\"https:\\\/\\\/www.youtube.com\\\/channel\\\/UCDPSvjbdodE5sHnC3OxutHw\",\"https:\\\/\\\/mastodon.social\\\/@wmcmf\",\"https:\\\/\\\/www.tiktok.com\\\/@webdelmaestrocmf\"]},{\"@type\":\"Person\",\"@id\":\"https:\\\/\\\/webdelmaestrocmf.com\\\/portal\\\/#\\\/schema\\\/person\\\/1072a2ed7bd960df8ef99a551fa35dc5\",\"name\":\"Web del Maestro CMF\",\"image\":{\"@type\":\"ImageObject\",\"inLanguage\":\"es\",\"@id\":\"https:\\\/\\\/secure.gravatar.com\\\/avatar\\\/23291dd5b5ae1077dcff3dbb04c3e02bd28403fa75af6d8787d5e97c5bbbe30b?s=96&d=mm&r=g\",\"url\":\"https:\\\/\\\/secure.gravatar.com\\\/avatar\\\/23291dd5b5ae1077dcff3dbb04c3e02bd28403fa75af6d8787d5e97c5bbbe30b?s=96&d=mm&r=g\",\"contentUrl\":\"https:\\\/\\\/secure.gravatar.com\\\/avatar\\\/23291dd5b5ae1077dcff3dbb04c3e02bd28403fa75af6d8787d5e97c5bbbe30b?s=96&d=mm&r=g\",\"caption\":\"Web del Maestro CMF\"},\"description\":\"Esta Web se cre\u00f3 sin fines de lucro, con fines educativos, cient\u00edficos y acad\u00e9micos, para personas que tengan dificultades y\\\/o inconvenientes en visualizar el material original. El objetivo es entregar recursos, compartir experiencias y materiales que ayuden a los padres de familia, maestros y estudiantes en su actualizaci\u00f3n y formaci\u00f3n permanente, en bien de la Educaci\u00f3n.\",\"sameAs\":[\"http:\\\/\\\/webdelmaestrocmf.com\\\/portal\",\"https:\\\/\\\/www.facebook.com\\\/WebdelMaestroCMF\\\/\",\"https:\\\/\\\/www.instagram.com\\\/wmcmf\\\/\",\"https:\\\/\\\/cl.linkedin.com\\\/company\\\/web-del-maestro-cmf\",\"https:\\\/\\\/www.pinterest.com\\\/WMCMF\\\/publicaciones\\\/\",\"https:\\\/\\\/x.com\\\/cmf_w\",\"https:\\\/\\\/www.youtube.com\\\/@WMCMF\"]}]}<\/script>\n<!-- \/ Yoast SEO plugin. -->","yoast_head_json":{"title":"Qu\u00e9 puede hacer un docente en las vacaciones del a\u00f1o nuevo - 2026","description":"El inicio de un a\u00f1o nuevo es el momento perfecto para que los docentes reflexionen sobre sus pr\u00e1cticas, establezcan metas...","robots":{"index":"index","follow":"follow","max-snippet":"max-snippet:-1","max-image-preview":"max-image-preview:large","max-video-preview":"max-video-preview:-1"},"canonical":"https:\/\/webdelmaestrocmf.com\/portal\/que-puede-hacer-un-docente-en-el-ano-nuevo\/","og_locale":"es_ES","og_type":"article","og_title":"Qu\u00e9 puede hacer un docente en las vacaciones del a\u00f1o nuevo - 2026","og_description":"El inicio de un a\u00f1o nuevo es el momento perfecto para que los docentes reflexionen sobre sus pr\u00e1cticas, establezcan metas...","og_url":"https:\/\/webdelmaestrocmf.com\/portal\/que-puede-hacer-un-docente-en-el-ano-nuevo\/","og_site_name":"Web del Maestro CMF","article_publisher":"https:\/\/www.facebook.com\/WebdelMaestroCMF\/","article_author":"https:\/\/www.facebook.com\/WebdelMaestroCMF\/","article_published_time":"2023-12-30T22:14:59+00:00","article_modified_time":"2023-12-31T15:54:50+00:00","og_image":[{"width":900,"height":556,"url":"https:\/\/webdelmaestrocmf.com\/portal\/wp-content\/uploads\/2023\/12\/A12B3C4D-1-10.jpg","type":"image\/jpeg"}],"author":"Web del Maestro CMF","twitter_card":"summary_large_image","twitter_creator":"@cmf_w","twitter_site":"@cmf_w","schema":{"@context":"https:\/\/schema.org","@graph":[{"@type":"ScholarlyArticle","@id":"https:\/\/webdelmaestrocmf.com\/portal\/que-puede-hacer-un-docente-en-el-ano-nuevo\/#article","isPartOf":{"@id":"https:\/\/webdelmaestrocmf.com\/portal\/que-puede-hacer-un-docente-en-el-ano-nuevo\/"},"author":{"name":"Web del Maestro CMF","@id":"https:\/\/webdelmaestrocmf.com\/portal\/#\/schema\/person\/1072a2ed7bd960df8ef99a551fa35dc5"},"headline":"Qu\u00e9 puede hacer un docente en las vacaciones del a\u00f1o nuevo","datePublished":"2023-12-30T22:14:59+00:00","dateModified":"2023-12-31T15:54:50+00:00","mainEntityOfPage":{"@id":"https:\/\/webdelmaestrocmf.com\/portal\/que-puede-hacer-un-docente-en-el-ano-nuevo\/"},"wordCount":504,"commentCount":0,"publisher":{"@id":"https:\/\/webdelmaestrocmf.com\/portal\/#organization"},"image":{"@id":"https:\/\/webdelmaestrocmf.com\/portal\/que-puede-hacer-un-docente-en-el-ano-nuevo\/#primaryimage"},"thumbnailUrl":"https:\/\/webdelmaestrocmf.com\/portal\/wp-content\/uploads\/2023\/12\/A12B3C4D-1-10.jpg","keywords":["A\u00d1O","DOCENTE","HACER","NUEVO","PUEDE"],"articleSection":["Docentes","Recursos"],"inLanguage":"es","potentialAction":[{"@type":"CommentAction","name":"Comment","target":["https:\/\/webdelmaestrocmf.com\/portal\/que-puede-hacer-un-docente-en-el-ano-nuevo\/#respond"]}]},{"@type":"WebPage","@id":"https:\/\/webdelmaestrocmf.com\/portal\/que-puede-hacer-un-docente-en-el-ano-nuevo\/","url":"https:\/\/webdelmaestrocmf.com\/portal\/que-puede-hacer-un-docente-en-el-ano-nuevo\/","name":"Qu\u00e9 puede hacer un docente en las vacaciones del a\u00f1o nuevo - 2026","isPartOf":{"@id":"https:\/\/webdelmaestrocmf.com\/portal\/#website"},"primaryImageOfPage":{"@id":"https:\/\/webdelmaestrocmf.com\/portal\/que-puede-hacer-un-docente-en-el-ano-nuevo\/#primaryimage"},"image":{"@id":"https:\/\/webdelmaestrocmf.com\/portal\/que-puede-hacer-un-docente-en-el-ano-nuevo\/#primaryimage"},"thumbnailUrl":"https:\/\/webdelmaestrocmf.com\/portal\/wp-content\/uploads\/2023\/12\/A12B3C4D-1-10.jpg","datePublished":"2023-12-30T22:14:59+00:00","dateModified":"2023-12-31T15:54:50+00:00","description":"El inicio de un a\u00f1o nuevo es el momento perfecto para que los docentes reflexionen sobre sus pr\u00e1cticas, establezcan metas...","breadcrumb":{"@id":"https:\/\/webdelmaestrocmf.com\/portal\/que-puede-hacer-un-docente-en-el-ano-nuevo\/#breadcrumb"},"inLanguage":"es","potentialAction":[{"@type":"ReadAction","target":["https:\/\/webdelmaestrocmf.com\/portal\/que-puede-hacer-un-docente-en-el-ano-nuevo\/"]}]},{"@type":"ImageObject","inLanguage":"es","@id":"https:\/\/webdelmaestrocmf.com\/portal\/que-puede-hacer-un-docente-en-el-ano-nuevo\/#primaryimage","url":"https:\/\/webdelmaestrocmf.com\/portal\/wp-content\/uploads\/2023\/12\/A12B3C4D-1-10.jpg","contentUrl":"https:\/\/webdelmaestrocmf.com\/portal\/wp-content\/uploads\/2023\/12\/A12B3C4D-1-10.jpg","width":900,"height":556},{"@type":"BreadcrumbList","@id":"https:\/\/webdelmaestrocmf.com\/portal\/que-puede-hacer-un-docente-en-el-ano-nuevo\/#breadcrumb","itemListElement":[{"@type":"ListItem","position":1,"name":"Portada","item":"https:\/\/webdelmaestrocmf.com\/portal\/"},{"@type":"ListItem","position":2,"name":"Recursos","item":"https:\/\/webdelmaestrocmf.com\/portal\/category\/pedagogia\/"},{"@type":"ListItem","position":3,"name":"Qu\u00e9 puede hacer un docente en las vacaciones del a\u00f1o nuevo"}]},{"@type":"WebSite","@id":"https:\/\/webdelmaestrocmf.com\/portal\/#website","url":"https:\/\/webdelmaestrocmf.com\/portal\/","name":"Web del Maestro CMF","description":"Maestros al servicio de la educaci\u00f3n","publisher":{"@id":"https:\/\/webdelmaestrocmf.com\/portal\/#organization"},"alternateName":"WMCMF","potentialAction":[{"@type":"SearchAction","target":{"@type":"EntryPoint","urlTemplate":"https:\/\/webdelmaestrocmf.com\/portal\/?s={search_term_string}"},"query-input":{"@type":"PropertyValueSpecification","valueRequired":true,"valueName":"search_term_string"}}],"inLanguage":"es"},{"@type":"Organization","@id":"https:\/\/webdelmaestrocmf.com\/portal\/#organization","name":"Web del Maestro CMF","alternateName":"WMCMF","url":"https:\/\/webdelmaestrocmf.com\/portal\/","logo":{"@type":"ImageObject","inLanguage":"es","@id":"https:\/\/webdelmaestrocmf.com\/portal\/#\/schema\/logo\/image\/","url":"https:\/\/webdelmaestrocmf.com\/portal\/wp-content\/uploads\/2023\/01\/logo-wmcmf-2.png","contentUrl":"https:\/\/webdelmaestrocmf.com\/portal\/wp-content\/uploads\/2023\/01\/logo-wmcmf-2.png","width":200,"height":60,"caption":"Web del Maestro CMF"},"image":{"@id":"https:\/\/webdelmaestrocmf.com\/portal\/#\/schema\/logo\/image\/"},"sameAs":["https:\/\/www.facebook.com\/WebdelMaestroCMF\/","https:\/\/x.com\/cmf_w","https:\/\/www.pinterest.com\/WMCMF\/","https:\/\/www.linkedin.com\/company\/web-del-maestro-cmf\/","https:\/\/www.instagram.com\/wmcmf\/","https:\/\/www.youtube.com\/channel\/UCDPSvjbdodE5sHnC3OxutHw","https:\/\/mastodon.social\/@wmcmf","https:\/\/www.tiktok.com\/@webdelmaestrocmf"]},{"@type":"Person","@id":"https:\/\/webdelmaestrocmf.com\/portal\/#\/schema\/person\/1072a2ed7bd960df8ef99a551fa35dc5","name":"Web del Maestro CMF","image":{"@type":"ImageObject","inLanguage":"es","@id":"https:\/\/secure.gravatar.com\/avatar\/23291dd5b5ae1077dcff3dbb04c3e02bd28403fa75af6d8787d5e97c5bbbe30b?s=96&d=mm&r=g","url":"https:\/\/secure.gravatar.com\/avatar\/23291dd5b5ae1077dcff3dbb04c3e02bd28403fa75af6d8787d5e97c5bbbe30b?s=96&d=mm&r=g","contentUrl":"https:\/\/secure.gravatar.com\/avatar\/23291dd5b5ae1077dcff3dbb04c3e02bd28403fa75af6d8787d5e97c5bbbe30b?s=96&d=mm&r=g","caption":"Web del Maestro CMF"},"description":"Esta Web se cre\u00f3 sin fines de lucro, con fines educativos, cient\u00edficos y acad\u00e9micos, para personas que tengan dificultades y\/o inconvenientes en visualizar el material original. El objetivo es entregar recursos, compartir experiencias y materiales que ayuden a los padres de familia, maestros y estudiantes en su actualizaci\u00f3n y formaci\u00f3n permanente, en bien de la Educaci\u00f3n.","sameAs":["http:\/\/webdelmaestrocmf.com\/portal","https:\/\/www.facebook.com\/WebdelMaestroCMF\/","https:\/\/www.instagram.com\/wmcmf\/","https:\/\/cl.linkedin.com\/company\/web-del-maestro-cmf","https:\/\/www.pinterest.com\/WMCMF\/publicaciones\/","https:\/\/x.com\/cmf_w","https:\/\/www.youtube.com\/@WMCMF"]}]}},"jetpack_featured_media_url":"https:\/\/webdelmaestrocmf.com\/portal\/wp-content\/uploads\/2023\/12\/A12B3C4D-1-10.jpg","jetpack_sharing_enabled":true,"jetpack-related-posts":[{"id":72003,"url":"https:\/\/webdelmaestrocmf.com\/portal\/que-debe-hacer-un-docente-en-vacaciones\/","url_meta":{"origin":101982,"position":0},"title":"\u00bfQu\u00e9 debe hacer un docente en vacaciones?","author":"Web del Maestro CMF","date":"13 julio, 2025","format":false,"excerpt":"Ser docente es una labor exigente que implica un alto nivel de desgaste emocional y profesional, por eso las vacaciones de verano no solo son necesarias, sino fundamentales para recuperar energ\u00edas, reconectar con uno mismo y evitar el agotamiento cr\u00f3nico","rel":"","context":"En \u00abRecursos\u00bb","block_context":{"text":"Recursos","link":"https:\/\/webdelmaestrocmf.com\/portal\/category\/pedagogia\/"},"img":{"alt_text":"","src":"https:\/\/i0.wp.com\/webdelmaestrocmf.com\/portal\/wp-content\/uploads\/2021\/12\/1A-Banner-1-portada-imagen-10-1-copia-49.webp?resize=350%2C200&ssl=1","width":350,"height":200,"srcset":"https:\/\/i0.wp.com\/webdelmaestrocmf.com\/portal\/wp-content\/uploads\/2021\/12\/1A-Banner-1-portada-imagen-10-1-copia-49.webp?resize=350%2C200&ssl=1 1x, https:\/\/i0.wp.com\/webdelmaestrocmf.com\/portal\/wp-content\/uploads\/2021\/12\/1A-Banner-1-portada-imagen-10-1-copia-49.webp?resize=525%2C300&ssl=1 1.5x, https:\/\/i0.wp.com\/webdelmaestrocmf.com\/portal\/wp-content\/uploads\/2021\/12\/1A-Banner-1-portada-imagen-10-1-copia-49.webp?resize=700%2C400&ssl=1 2x"},"classes":[]},{"id":72731,"url":"https:\/\/webdelmaestrocmf.com\/portal\/felices-vacaciones-a-todos-los-docentes-lo-tienen-merecido\/","url_meta":{"origin":101982,"position":1},"title":"\u00a1Felices vacaciones a todos los docentes, lo tienen merecido!","author":"Web del Maestro CMF","date":"5 enero, 2022","format":false,"excerpt":"Finalizando el mes de enero, la mayor\u00eda de colegios en Am\u00e9rica entra en el per\u00edodo en que m\u00e1s personas salen a vacacionar a diversos lugares de la costa, cordillera, el sur o el norte de sus pa\u00edses de origen. Y el profesorado no es ajeno a estas fechas de descanso\u2026","rel":"","context":"En \u00abRecursos\u00bb","block_context":{"text":"Recursos","link":"https:\/\/webdelmaestrocmf.com\/portal\/category\/pedagogia\/"},"img":{"alt_text":"","src":"https:\/\/i0.wp.com\/webdelmaestrocmf.com\/portal\/wp-content\/uploads\/2022\/01\/Banner-1-portada-imagen-10-1-2.jpg?resize=350%2C200&ssl=1","width":350,"height":200,"srcset":"https:\/\/i0.wp.com\/webdelmaestrocmf.com\/portal\/wp-content\/uploads\/2022\/01\/Banner-1-portada-imagen-10-1-2.jpg?resize=350%2C200&ssl=1 1x, https:\/\/i0.wp.com\/webdelmaestrocmf.com\/portal\/wp-content\/uploads\/2022\/01\/Banner-1-portada-imagen-10-1-2.jpg?resize=525%2C300&ssl=1 1.5x, https:\/\/i0.wp.com\/webdelmaestrocmf.com\/portal\/wp-content\/uploads\/2022\/01\/Banner-1-portada-imagen-10-1-2.jpg?resize=700%2C400&ssl=1 2x"},"classes":[]},{"id":33053,"url":"https:\/\/webdelmaestrocmf.com\/portal\/el-mito-de-los-tres-meses-de-vaciones-de-los-docentes\/","url_meta":{"origin":101982,"position":2},"title":"Mitos sobre la docencia: verdad o mentira sobre los tres meses de vacaciones de los docentes","author":"Web del Maestro CMF","date":"19 noviembre, 2024","format":false,"excerpt":"Por alg\u00fan motivo hay quien piensa que los profesores viven mejor que muchos trabajadores porque gozan de m\u00e1s d\u00edas de vacaciones, trabajan poco y ganan mucho, un mito mal fundado que deber\u00eda, por lo menos, aclararse Los profesores cumplen con una jornada laboral equivalente a la de cualquier funcionario del\u2026","rel":"","context":"En \u00abRecursos\u00bb","block_context":{"text":"Recursos","link":"https:\/\/webdelmaestrocmf.com\/portal\/category\/pedagogia\/"},"img":{"alt_text":"","src":"https:\/\/i0.wp.com\/webdelmaestrocmf.com\/portal\/wp-content\/uploads\/2020\/11\/1-28.jpg?resize=350%2C200&ssl=1","width":350,"height":200,"srcset":"https:\/\/i0.wp.com\/webdelmaestrocmf.com\/portal\/wp-content\/uploads\/2020\/11\/1-28.jpg?resize=350%2C200&ssl=1 1x, https:\/\/i0.wp.com\/webdelmaestrocmf.com\/portal\/wp-content\/uploads\/2020\/11\/1-28.jpg?resize=525%2C300&ssl=1 1.5x, https:\/\/i0.wp.com\/webdelmaestrocmf.com\/portal\/wp-content\/uploads\/2020\/11\/1-28.jpg?resize=700%2C400&ssl=1 2x"},"classes":[]},{"id":114629,"url":"https:\/\/webdelmaestrocmf.com\/portal\/estudio-revela-preocupante-nivel-de-agotamiento-tanto-fisico-como-mental-de-los-docentes-al-terminar-el-ano-academico\/","url_meta":{"origin":101982,"position":3},"title":"Estudio revela preocupante nivel de agotamiento, tanto f\u00edsico como mental, de los docentes al terminar el a\u00f1o acad\u00e9mico","author":"Web del Maestro CMF","date":"7 enero, 2026","format":false,"excerpt":"Un estudio en Chile advierte que muchos docentes terminan el a\u00f1o escolar con severo agotamiento f\u00edsico y mental por exigencias laborales constantes.","rel":"","context":"En \u00abBienestar docente\u00bb","block_context":{"text":"Bienestar docente","link":"https:\/\/webdelmaestrocmf.com\/portal\/category\/pedagogia\/bienestar-docente\/"},"img":{"alt_text":"","src":"https:\/\/i0.wp.com\/webdelmaestrocmf.com\/portal\/wp-content\/uploads\/2026\/01\/1A-Banner-1-portada-imagen-10-1-copia-5-2.webp?resize=350%2C200&ssl=1","width":350,"height":200,"srcset":"https:\/\/i0.wp.com\/webdelmaestrocmf.com\/portal\/wp-content\/uploads\/2026\/01\/1A-Banner-1-portada-imagen-10-1-copia-5-2.webp?resize=350%2C200&ssl=1 1x, https:\/\/i0.wp.com\/webdelmaestrocmf.com\/portal\/wp-content\/uploads\/2026\/01\/1A-Banner-1-portada-imagen-10-1-copia-5-2.webp?resize=525%2C300&ssl=1 1.5x, https:\/\/i0.wp.com\/webdelmaestrocmf.com\/portal\/wp-content\/uploads\/2026\/01\/1A-Banner-1-portada-imagen-10-1-copia-5-2.webp?resize=700%2C400&ssl=1 2x"},"classes":[]},{"id":91243,"url":"https:\/\/webdelmaestrocmf.com\/portal\/como-lograr-un-descanso-efectivo-en-vacaciones\/","url_meta":{"origin":101982,"position":4},"title":"\u00bfC\u00f3mo lograr un descanso efectivo en vacaciones?","author":"Web del Maestro CMF","date":"13 julio, 2025","format":false,"excerpt":"Los docentes necesitan descansar de verdad. El estr\u00e9s acumulado, la sobrecarga laboral y los desaf\u00edos en aula exigen un descanso consciente, con sue\u00f1o reparador y herramientas para recuperar energ\u00eda y bienestar emocional.","rel":"","context":"En \u00abRecursos\u00bb","block_context":{"text":"Recursos","link":"https:\/\/webdelmaestrocmf.com\/portal\/category\/pedagogia\/"},"img":{"alt_text":"","src":"https:\/\/i0.wp.com\/webdelmaestrocmf.com\/portal\/wp-content\/uploads\/2023\/08\/1A-Banner-1-portada-imagen-10-1-copia-47.webp?resize=350%2C200&ssl=1","width":350,"height":200,"srcset":"https:\/\/i0.wp.com\/webdelmaestrocmf.com\/portal\/wp-content\/uploads\/2023\/08\/1A-Banner-1-portada-imagen-10-1-copia-47.webp?resize=350%2C200&ssl=1 1x, https:\/\/i0.wp.com\/webdelmaestrocmf.com\/portal\/wp-content\/uploads\/2023\/08\/1A-Banner-1-portada-imagen-10-1-copia-47.webp?resize=525%2C300&ssl=1 1.5x, https:\/\/i0.wp.com\/webdelmaestrocmf.com\/portal\/wp-content\/uploads\/2023\/08\/1A-Banner-1-portada-imagen-10-1-copia-47.webp?resize=700%2C400&ssl=1 2x"},"classes":[]},{"id":107159,"url":"https:\/\/webdelmaestrocmf.com\/portal\/el-regalo-ideal-para-un-maestro-profesor-odcente-o-educador-en-navidades-y-vacaciones\/","url_meta":{"origin":101982,"position":5},"title":"El regalo ideal para un maestro, profesor, docente o educador en navidades y vacaciones","author":"Web del Maestro CMF","date":"14 diciembre, 2024","format":false,"excerpt":"Los profesores dedican su vida a la formaci\u00f3n de otros, dejando huellas imborrables en las personas que pasan por sus aulas. Durante las vacaciones, merecen no solo descanso, sino tambi\u00e9n oportunidades para recargar energ\u00edas y revitalizar su pasi\u00f3n por la educaci\u00f3n. Aqu\u00ed te presentamos ideas de regalos no materiales que\u2026","rel":"","context":"En \u00abDocentes\u00bb","block_context":{"text":"Docentes","link":"https:\/\/webdelmaestrocmf.com\/portal\/category\/pedagogia\/docentes\/"},"img":{"alt_text":"","src":"https:\/\/i0.wp.com\/webdelmaestrocmf.com\/portal\/wp-content\/uploads\/2024\/12\/Banner-1-portada-imagen-10-1-21.jpg?resize=350%2C200&ssl=1","width":350,"height":200,"srcset":"https:\/\/i0.wp.com\/webdelmaestrocmf.com\/portal\/wp-content\/uploads\/2024\/12\/Banner-1-portada-imagen-10-1-21.jpg?resize=350%2C200&ssl=1 1x, https:\/\/i0.wp.com\/webdelmaestrocmf.com\/portal\/wp-content\/uploads\/2024\/12\/Banner-1-portada-imagen-10-1-21.jpg?resize=525%2C300&ssl=1 1.5x, https:\/\/i0.wp.com\/webdelmaestrocmf.com\/portal\/wp-content\/uploads\/2024\/12\/Banner-1-portada-imagen-10-1-21.jpg?resize=700%2C400&ssl=1 2x"},"classes":[]}],"_links":{"self":[{"href":"https:\/\/webdelmaestrocmf.com\/portal\/wp-json\/wp\/v2\/posts\/101982","targetHints":{"allow":["GET"]}}],"collection":[{"href":"https:\/\/webdelmaestrocmf.com\/portal\/wp-json\/wp\/v2\/posts"}],"about":[{"href":"https:\/\/webdelmaestrocmf.com\/portal\/wp-json\/wp\/v2\/types\/post"}],"author":[{"embeddable":true,"href":"https:\/\/webdelmaestrocmf.com\/portal\/wp-json\/wp\/v2\/users\/1"}],"replies":[{"embeddable":true,"href":"https:\/\/webdelmaestrocmf.com\/portal\/wp-json\/wp\/v2\/comments?post=101982"}],"version-history":[{"count":0,"href":"https:\/\/webdelmaestrocmf.com\/portal\/wp-json\/wp\/v2\/posts\/101982\/revisions"}],"wp:featuredmedia":[{"embeddable":true,"href":"https:\/\/webdelmaestrocmf.com\/portal\/wp-json\/wp\/v2\/media\/101984"}],"wp:attachment":[{"href":"https:\/\/webdelmaestrocmf.com\/portal\/wp-json\/wp\/v2\/media?parent=101982"}],"wp:term":[{"taxonomy":"category","embeddable":true,"href":"https:\/\/webdelmaestrocmf.com\/portal\/wp-json\/wp\/v2\/categories?post=101982"},{"taxonomy":"post_tag","embeddable":true,"href":"https:\/\/webdelmaestrocmf.com\/portal\/wp-json\/wp\/v2\/tags?post=101982"}],"curies":[{"name":"wp","href":"https:\/\/api.w.org\/{rel}","templated":true}]}}