{"id":10179,"date":"2024-11-25T09:02:42","date_gmt":"2024-11-25T12:02:42","guid":{"rendered":"http:\/\/webdelmaestrocmf.com\/inicio\/?p=10179"},"modified":"2024-11-25T09:58:44","modified_gmt":"2024-11-25T12:58:44","slug":"el-profesor-swartz-dice-que-los-examenes-prueban-la-memoria-y-no-la-inteligencia","status":"publish","type":"post","link":"https:\/\/webdelmaestrocmf.com\/portal\/el-profesor-swartz-dice-que-los-examenes-prueban-la-memoria-y-no-la-inteligencia\/","title":{"rendered":"Robert Swartz: Los ex\u00e1menes prueban la memoria y no la inteligencia"},"content":{"rendered":"<p style=\"text-align: justify;\"><strong>El profesor em\u00e9rito de la Universidad de Massachusetts (EEUU) Robert Swartz considera en una entrevista con Efe que el sistema de evaluaciones escolares puede probar puntualmente la memoria del alumnado, pero no muestra su inteligencia y creatividad y tampoco contribuye a su desarrollo.<\/strong><\/p>\n<p><!--more--><\/p>\n<p style=\"text-align: justify;\">Swartz, que participa en un seminario en el colegio Peleteiro de Santiago de Compostela sobre<strong> \u00abCreatividad, pensamiento cr\u00edtico e innovaci\u00f3n en el curr\u00edculum\u00bb,<\/strong> opina que ese tipo de pruebas<strong> \u00absuelen poner a prueba la memoria\u00bb<\/strong> de los alumnos, pero no sus capacidades, habilidades y conocimientos.<\/p>\n<p>Art\u00edculo relacionado: <a href=\"https:\/\/webdelmaestrocmf.com\/portal\/los-profesores-deben-estar-dispuestos-cambiar\/\" target=\"_top\" rel=\"noopener\">Robert Swartz: El cambio clave es la posibilidad de que los alumnos puedan trabajar en grupos, a trav\u00e9s del aprendizaje colaborativo<\/a><\/p>\n<p style=\"text-align: justify;\">Advierte adem\u00e1s de que a menudo se da la circunstancia de que el profesorado llega, incluso, a <strong>\u00abpreparar a los alumnos para las pruebas\u00bb<\/strong>, mediante un m\u00e9todo que consiste en repetir una serie de conocimientos aprendidos, para lo que es necesario que tengan que<strong> \u00abrepasar\u00bb<\/strong>, y eso puede conllevar que olviden luego lo interiorizado para ese fin examinador y que, por ende,<strong> \u00abel aprendizaje se vuelva un aburrimiento\u00bb.<\/strong><\/p>\n<p style=\"text-align: justify;\">Fil\u00f3sofo y director del Centro Nacional para la Ense\u00f1anza del <strong>Pensamiento (NCTT, siglas en ingl\u00e9s),<\/strong> una especie de &#8216;think-tank&#8217; o laboratorio de ideas para fomentar un aprendizaje m\u00e1s participativo y creativo de los alumnos, Swartz apunta que en Estados Unidos \u00ablos ex\u00e1menes se han convertido en un negocio\u00bb para algunas empresas que son vendedoras de ese tipo de productos.<\/p>\n<p><a href=\"https:\/\/webdelmaestrocmf.com\/portal\/wp-content\/uploads\/2018\/12\/1-66.jpg\" target=\"_blank\" rel=\"noopener noreferrer\"><img loading=\"lazy\" decoding=\"async\" class=\"alignnone size-full wp-image-40656\" src=\"https:\/\/webdelmaestrocmf.com\/portal\/wp-content\/uploads\/2018\/12\/1-66.jpg\" alt=\"\" width=\"1100\" height=\"680\" srcset=\"https:\/\/webdelmaestrocmf.com\/portal\/wp-content\/uploads\/2018\/12\/1-66.jpg 1100w, https:\/\/webdelmaestrocmf.com\/portal\/wp-content\/uploads\/2018\/12\/1-66-300x185.jpg 300w, https:\/\/webdelmaestrocmf.com\/portal\/wp-content\/uploads\/2018\/12\/1-66-768x475.jpg 768w, https:\/\/webdelmaestrocmf.com\/portal\/wp-content\/uploads\/2018\/12\/1-66-1024x633.jpg 1024w, https:\/\/webdelmaestrocmf.com\/portal\/wp-content\/uploads\/2018\/12\/1-66-110x68.jpg 110w, https:\/\/webdelmaestrocmf.com\/portal\/wp-content\/uploads\/2018\/12\/1-66-200x124.jpg 200w, https:\/\/webdelmaestrocmf.com\/portal\/wp-content\/uploads\/2018\/12\/1-66-380x235.jpg 380w, https:\/\/webdelmaestrocmf.com\/portal\/wp-content\/uploads\/2018\/12\/1-66-255x158.jpg 255w, https:\/\/webdelmaestrocmf.com\/portal\/wp-content\/uploads\/2018\/12\/1-66-550x340.jpg 550w, https:\/\/webdelmaestrocmf.com\/portal\/wp-content\/uploads\/2018\/12\/1-66-800x495.jpg 800w\" sizes=\"auto, (max-width: 1100px) 100vw, 1100px\" \/><\/a><\/p>\n<p style=\"text-align: justify;\">Indica as\u00ed, con a\u00f1oranza, que la iniciativa primigenia del programa internacional de evaluaci\u00f3n de estudiantes, conocido como<strong> \u00abPISA\u00bb<\/strong>, estaba inicialmente dise\u00f1ada por la Organizaci\u00f3n para la Cooperaci\u00f3n y el Desarrollo Econ\u00f3mico (OCDE) para contrastar los resultados en unos y otros pa\u00edses, y para mostrar<strong> \u00abalgo m\u00e1s que memoria\u00bb.<\/strong><\/p>\n<p style=\"text-align: justify;\">Confiesa ser consciente de que eso ha suscitado muchas cr\u00edticas en diversos pa\u00edses de los que ven que esos ex\u00e1menes obvian, precisamente, muchas de las potencialidades de los alumnos. Sin embargo, estima que PISA es una herramienta indicativa para ver la evoluci\u00f3n y los progresos, aunque considera conveniente un debate profundo sobre ese tipo de pruebas para<strong> \u00abpoder mejorarlas\u00bb.<\/strong><\/p>\n<p>Art\u00edculo relacionado: <a href=\"https:\/\/webdelmaestrocmf.com\/portal\/robert-swartz-ensenar-pensar-mas-memorizar\/\" target=\"_top\" rel=\"noopener\">Robert Swartz: Hay que ense\u00f1ar a pensar m\u00e1s que a memorizar<\/a><\/p>\n<p style=\"text-align: justify;\">En cuanto al hecho de que los resultados en Espa\u00f1a figuren en algunos indicadores por debajo de la media de pa\u00edses de la OCDE, que incluye a los estados m\u00e1s desarrollados del planeta, se\u00f1ala que <strong>\u00abhay que tomarse seriamente la manera en que se educa\u00bb<\/strong> a las generaciones futuras.<\/p>\n<p style=\"text-align: justify;\">Swartz explica que hace medio siglo que visit\u00f3 Espa\u00f1a como estudiante y tuvo la oportunidad de viajar a diversos puntos de la Pen\u00ednsula Ib\u00e9rica, aunque nunca a Galicia, pero observa que en los \u00faltimos a\u00f1os, en los que ha regresado para impartir programas de formaci\u00f3n dirigidos a profesores a cargo del NCTT, ha constatado que los educadores aseguran que el modelo actual <strong>\u00abno est\u00e1 funcionando\u00bb.<\/strong><\/p>\n<p style=\"text-align: justify;\"><strong>\u00abAlgunos me dicen incluso que es un fracaso completo\u00bb,<\/strong> comenta el profesor estadounidense, que trata de persuadir de que el papel del docente sea m\u00e1s de <strong>\u00abgu\u00eda de aprendizaje\u00bb<\/strong> para \u00ababrir la mente\u00bb a los alumnos e invitarlos a tener \u00abcapacidad cr\u00edtica\u00bb y a descubrir por s\u00ed mismos.<\/p>\n<p style=\"text-align: justify;\"><img loading=\"lazy\" decoding=\"async\" class=\"alignnone size-full wp-image-40658\" src=\"https:\/\/webdelmaestrocmf.com\/portal\/wp-content\/uploads\/2018\/12\/3-4.jpg\" alt=\"\" width=\"4032\" height=\"3024\" srcset=\"https:\/\/webdelmaestrocmf.com\/portal\/wp-content\/uploads\/2018\/12\/3-4.jpg 4032w, https:\/\/webdelmaestrocmf.com\/portal\/wp-content\/uploads\/2018\/12\/3-4-300x225.jpg 300w, https:\/\/webdelmaestrocmf.com\/portal\/wp-content\/uploads\/2018\/12\/3-4-768x576.jpg 768w, https:\/\/webdelmaestrocmf.com\/portal\/wp-content\/uploads\/2018\/12\/3-4-1024x768.jpg 1024w, https:\/\/webdelmaestrocmf.com\/portal\/wp-content\/uploads\/2018\/12\/3-4-110x83.jpg 110w, https:\/\/webdelmaestrocmf.com\/portal\/wp-content\/uploads\/2018\/12\/3-4-200x150.jpg 200w, https:\/\/webdelmaestrocmf.com\/portal\/wp-content\/uploads\/2018\/12\/3-4-380x285.jpg 380w, https:\/\/webdelmaestrocmf.com\/portal\/wp-content\/uploads\/2018\/12\/3-4-255x191.jpg 255w, https:\/\/webdelmaestrocmf.com\/portal\/wp-content\/uploads\/2018\/12\/3-4-550x413.jpg 550w, https:\/\/webdelmaestrocmf.com\/portal\/wp-content\/uploads\/2018\/12\/3-4-800x600.jpg 800w, https:\/\/webdelmaestrocmf.com\/portal\/wp-content\/uploads\/2018\/12\/3-4-1160x870.jpg 1160w\" sizes=\"auto, (max-width: 4032px) 100vw, 4032px\" \/><\/p>\n<p style=\"text-align: justify;\">Afirma este especialista que las tecnolog\u00edas han permitido abrir nuevas ventanas al conocimiento y constituyen una <strong>\u00abverdadera revoluci\u00f3n\u00bb,<\/strong> por lo que el papel del profesorado est\u00e1 cambiando y debe adecuarse tambi\u00e9n a proporcionar <strong>\u00abreferencias\u00bb<\/strong> para que los alumnos puedan distinguir por s\u00ed mismos, porque<strong> \u00abdeben ser conscientes de que en internet cualquiera puede poner lo que quiera\u00bb.<\/strong><\/p>\n<p style=\"text-align: justify;\"><strong>\u00abNo se trata de censurar\u00bb<\/strong> sino de facilitar que esas nuevas tecnolog\u00edas, que entra\u00f1an tambi\u00e9n <strong>\u00abriesgos\u00bb<\/strong>, puedan ser <strong>\u00abherramientas \u00fatiles\u00bb<\/strong> que susciten el inter\u00e9s por el conocimiento, enfatiza. Swartz asegura que sus propuestas de aprendizaje, que impartir\u00e1 en un taller junto a la profesora Carol McGuinness de la norirlandesa Queen&#8217;s University, llevan a los alumnos a estar <strong>\u00abm\u00e1s felices, m\u00e1s comprometidos y m\u00e1s interesados en sus tareas\u00bb<\/strong> y, asimismo, a tener <strong>\u00abmejores resultados en los ex\u00e1menes\u00bb.<\/strong><\/p>\n<p style=\"text-align: justify;\"><strong>Este contenido ha sido publicado originalmente por Noticias Galicia\u00a0en la siguiente direcci\u00f3n:\u00a0<a href=\"http:\/\/noticiasgalicia.com\" target=\"_blank\" rel=\"noopener noreferrer\">noticiasgalicia.com<\/a><\/strong><\/p>\n\t\t<div class=\"pk-inline-posts\">\n\t\t\t\n\t\t\t<div class=\"pk-inline-posts-container pk-inline-posts-template-list\"\n\t\t\t\tdata-columns=\"1\">\n\t\t\t\t\t\t<article id=\"post-37424\" class=\"post-37424 post type-post status-publish format-standard has-post-thumbnail category-entrevistas category-noticias tag-desarrollo tag-heckman tag-james tag-leer tag-ninos cs-entry cs-video-wrap\">\n\t\t\t<div class=\"pk-post-outer\">\n\n\t\t\t\t\t\t\t\t<div class=\"pk-post-inner\">\n\t\t\t\t\t<div class=\"entry-thumbnail\">\n\t\t\t\t\t\t<div class=\"pk-overlay pk-overlay-ratio pk-ratio-landscape\">\n\t\t\t\t\t\t\t<div class=\"pk-overlay-background\">\n\t\t\t\t\t\t\t\t<a href=\"https:\/\/webdelmaestrocmf.com\/portal\/james-heckman-leerles-a-los-ninos-tiene-un-impacto-enorme-en-su-desarrollo\/\" class=\"pk-overlay-link\">\n\t\t\t\t\t\t\t\t\t<img loading=\"lazy\" decoding=\"async\" width=\"300\" height=\"225\" src=\"https:\/\/webdelmaestrocmf.com\/portal\/wp-content\/uploads\/2023\/01\/1AA-Banner-1-portada-imagen-10-1-copia-3-300x225.webp\" class=\"attachment-pk-thumbnail size-pk-thumbnail wp-post-image\" alt=\"\" \/>\t\t\t\t\t\t\t\t<\/a>\n\t\t\t\t\t\t\t<\/div>\n\t\t\t\t\t\t<\/div>\n\t\t\t\t\t<\/div>\n\t\t\t\t<\/div>\n\t\t\t\t\n\t\t\t\t<div class=\"pk-post-inner\">\n\t\t\t\t\t<header>\n\t\t\t\t\t\t<h3 class=\"pk-title\"><a href=\"https:\/\/webdelmaestrocmf.com\/portal\/james-heckman-leerles-a-los-ninos-tiene-un-impacto-enorme-en-su-desarrollo\/\" rel=\"bookmark\">James Heckman: Leerles a los ni\u00f1os tiene un impacto enorme en su desarrollo<\/a><\/h3>\t\t\t\t\t<\/header><!-- .entry-header -->\n\t\t\t\t<\/div><!-- .post-inner -->\n\n\t\t\t<\/div><!-- .post-outer -->\n\t\t<\/article>\n\t\t\t<article id=\"post-55421\" class=\"post-55421 post type-post status-publish format-standard has-post-thumbnail category-entrevistas category-noticias tag-ayudar tag-buena tag-debe tag-lider tag-pasion tag-persona tag-tener tag-victor-kuppers cs-entry cs-video-wrap\">\n\t\t\t<div class=\"pk-post-outer\">\n\n\t\t\t\t\t\t\t\t<div class=\"pk-post-inner\">\n\t\t\t\t\t<div class=\"entry-thumbnail\">\n\t\t\t\t\t\t<div class=\"pk-overlay pk-overlay-ratio pk-ratio-landscape\">\n\t\t\t\t\t\t\t<div class=\"pk-overlay-background\">\n\t\t\t\t\t\t\t\t<a href=\"https:\/\/webdelmaestrocmf.com\/portal\/victor-kuppers-un-lider-debe-ser-buena-persona-y-tener-pasion-por-ayudar\/\" class=\"pk-overlay-link\">\n\t\t\t\t\t\t\t\t\t<img loading=\"lazy\" decoding=\"async\" width=\"300\" height=\"225\" src=\"https:\/\/webdelmaestrocmf.com\/portal\/wp-content\/uploads\/2020\/12\/1AA-Banner-1-portada-imagen-10-1-copia-3-300x225.webp\" class=\"attachment-pk-thumbnail size-pk-thumbnail wp-post-image\" alt=\"\" \/>\t\t\t\t\t\t\t\t<\/a>\n\t\t\t\t\t\t\t<\/div>\n\t\t\t\t\t\t<\/div>\n\t\t\t\t\t<\/div>\n\t\t\t\t<\/div>\n\t\t\t\t\n\t\t\t\t<div class=\"pk-post-inner\">\n\t\t\t\t\t<header>\n\t\t\t\t\t\t<h3 class=\"pk-title\"><a href=\"https:\/\/webdelmaestrocmf.com\/portal\/victor-kuppers-un-lider-debe-ser-buena-persona-y-tener-pasion-por-ayudar\/\" rel=\"bookmark\">V\u00edctor K\u00fcppers: Un l\u00edder debe ser buena persona y tener pasi\u00f3n por ayudar<\/a><\/h3>\t\t\t\t\t<\/header><!-- .entry-header -->\n\t\t\t\t<\/div><!-- .post-inner -->\n\n\t\t\t<\/div><!-- .post-outer -->\n\t\t<\/article>\n\t\t\t<article id=\"post-118242\" class=\"post-118242 post type-post status-publish format-standard has-post-thumbnail category-entrevistas category-noticias tag-adolescencia tag-autoridad tag-convivencia-escolar tag-disciplina tag-docentes tag-educacion tag-escuela tag-familia tag-infancia tag-valores cs-entry cs-video-wrap\">\n\t\t\t<div class=\"pk-post-outer\">\n\n\t\t\t\t\t\t\t\t<div class=\"pk-post-inner\">\n\t\t\t\t\t<div class=\"entry-thumbnail\">\n\t\t\t\t\t\t<div class=\"pk-overlay pk-overlay-ratio pk-ratio-landscape\">\n\t\t\t\t\t\t\t<div class=\"pk-overlay-background\">\n\t\t\t\t\t\t\t\t<a href=\"https:\/\/webdelmaestrocmf.com\/portal\/emilio-calatayud-los-padres-tenemos-la-obligacion-de-devolver-el-prestigio-a-los-maestros\/\" class=\"pk-overlay-link\">\n\t\t\t\t\t\t\t\t\t<img loading=\"lazy\" decoding=\"async\" width=\"300\" height=\"225\" src=\"https:\/\/webdelmaestrocmf.com\/portal\/wp-content\/uploads\/2026\/04\/1-61-300x225.jpg\" class=\"attachment-pk-thumbnail size-pk-thumbnail wp-post-image\" alt=\"\" \/>\t\t\t\t\t\t\t\t<\/a>\n\t\t\t\t\t\t\t<\/div>\n\t\t\t\t\t\t<\/div>\n\t\t\t\t\t<\/div>\n\t\t\t\t<\/div>\n\t\t\t\t\n\t\t\t\t<div class=\"pk-post-inner\">\n\t\t\t\t\t<header>\n\t\t\t\t\t\t<h3 class=\"pk-title\"><a href=\"https:\/\/webdelmaestrocmf.com\/portal\/emilio-calatayud-los-padres-tenemos-la-obligacion-de-devolver-el-prestigio-a-los-maestros\/\" rel=\"bookmark\">Emilio Calatayud: \u00abLos padres tenemos la obligaci\u00f3n de devolver el prestigio a los maestros\u00bb<\/a><\/h3>\t\t\t\t\t<\/header><!-- .entry-header -->\n\t\t\t\t<\/div><!-- .post-inner -->\n\n\t\t\t<\/div><!-- .post-outer -->\n\t\t<\/article>\n\t\t\t\t<\/div>\n\t\t<\/div>\n\t\t\n","protected":false},"excerpt":{"rendered":"El profesor em\u00e9rito de la Universidad de Massachusetts (EEUU) Robert Swartz considera en una entrevista con Efe que&hellip;","protected":false},"author":1,"featured_media":107009,"comment_status":"open","ping_status":"open","sticky":false,"template":"","format":"standard","meta":{"csco_display_header_overlay":false,"csco_singular_sidebar":"disabled","csco_page_header_type":"large","csco_page_load_nextpost":"default","csco_post_video_location":[],"csco_post_video_location_hash":"","csco_post_video_url":"","csco_post_video_bg_start_time":0,"csco_post_video_bg_end_time":0,"csco_post_video_bg_volume":false,"_jetpack_memberships_contains_paid_content":false,"footnotes":""},"categories":[48,139,47],"tags":[296,387,388,262],"class_list":{"0":"post-10179","1":"post","2":"type-post","3":"status-publish","4":"format-standard","5":"has-post-thumbnail","7":"category-entrevistas","8":"category-visitadas","9":"category-noticias","10":"tag-examenes","11":"tag-inteligencia","12":"tag-memoria","13":"tag-robert-swartz","14":"cs-entry","15":"cs-video-wrap"},"yoast_head":"<!-- This site is optimized with the Yoast SEO plugin v27.5 - https:\/\/yoast.com\/product\/yoast-seo-wordpress\/ -->\n<title>Robert Swartz: Los ex\u00e1menes prueban la memoria y no la inteligencia - 2026<\/title>\n<meta name=\"description\" content=\"El profesor em\u00e9rito de la Universidad de Massachusetts (EEUU) Robert Swartz considera en una entrevista con Efe que el sistema de...\" \/>\n<meta name=\"robots\" content=\"index, follow, max-snippet:-1, max-image-preview:large, max-video-preview:-1\" \/>\n<link rel=\"canonical\" href=\"https:\/\/webdelmaestrocmf.com\/portal\/el-profesor-swartz-dice-que-los-examenes-prueban-la-memoria-y-no-la-inteligencia\/\" \/>\n<meta property=\"og:locale\" content=\"es_ES\" \/>\n<meta property=\"og:type\" content=\"article\" \/>\n<meta property=\"og:title\" content=\"Robert Swartz: Los ex\u00e1menes prueban la memoria y no la inteligencia - 2026\" \/>\n<meta property=\"og:description\" content=\"El profesor em\u00e9rito de la Universidad de Massachusetts (EEUU) Robert Swartz considera en una entrevista con Efe que el sistema de...\" \/>\n<meta property=\"og:url\" content=\"https:\/\/webdelmaestrocmf.com\/portal\/el-profesor-swartz-dice-que-los-examenes-prueban-la-memoria-y-no-la-inteligencia\/\" \/>\n<meta property=\"og:site_name\" content=\"Web del Maestro CMF\" \/>\n<meta property=\"article:publisher\" content=\"https:\/\/www.facebook.com\/WebdelMaestroCMF\/\" \/>\n<meta property=\"article:author\" content=\"https:\/\/www.facebook.com\/WebdelMaestroCMF\/\" \/>\n<meta property=\"article:published_time\" content=\"2024-11-25T12:02:42+00:00\" \/>\n<meta property=\"article:modified_time\" content=\"2024-11-25T12:58:44+00:00\" \/>\n<meta property=\"og:image\" content=\"https:\/\/webdelmaestrocmf.com\/portal\/wp-content\/uploads\/2019\/09\/1-8.jpg\" \/>\n\t<meta property=\"og:image:width\" content=\"1024\" \/>\n\t<meta property=\"og:image:height\" content=\"1024\" \/>\n\t<meta property=\"og:image:type\" content=\"image\/jpeg\" \/>\n<meta name=\"author\" content=\"Web del Maestro CMF\" \/>\n<meta name=\"twitter:card\" content=\"summary_large_image\" \/>\n<meta name=\"twitter:creator\" content=\"@cmf_w\" \/>\n<meta name=\"twitter:site\" content=\"@cmf_w\" \/>\n<script type=\"application\/ld+json\" class=\"yoast-schema-graph\">{\"@context\":\"https:\\\/\\\/schema.org\",\"@graph\":[{\"@type\":\"ScholarlyArticle\",\"@id\":\"https:\\\/\\\/webdelmaestrocmf.com\\\/portal\\\/el-profesor-swartz-dice-que-los-examenes-prueban-la-memoria-y-no-la-inteligencia\\\/#article\",\"isPartOf\":{\"@id\":\"https:\\\/\\\/webdelmaestrocmf.com\\\/portal\\\/el-profesor-swartz-dice-que-los-examenes-prueban-la-memoria-y-no-la-inteligencia\\\/\"},\"author\":{\"name\":\"Web del Maestro CMF\",\"@id\":\"https:\\\/\\\/webdelmaestrocmf.com\\\/portal\\\/#\\\/schema\\\/person\\\/1072a2ed7bd960df8ef99a551fa35dc5\"},\"headline\":\"Robert Swartz: Los ex\u00e1menes prueban la memoria y no la inteligencia\",\"datePublished\":\"2024-11-25T12:02:42+00:00\",\"dateModified\":\"2024-11-25T12:58:44+00:00\",\"mainEntityOfPage\":{\"@id\":\"https:\\\/\\\/webdelmaestrocmf.com\\\/portal\\\/el-profesor-swartz-dice-que-los-examenes-prueban-la-memoria-y-no-la-inteligencia\\\/\"},\"wordCount\":736,\"commentCount\":19,\"publisher\":{\"@id\":\"https:\\\/\\\/webdelmaestrocmf.com\\\/portal\\\/#organization\"},\"image\":{\"@id\":\"https:\\\/\\\/webdelmaestrocmf.com\\\/portal\\\/el-profesor-swartz-dice-que-los-examenes-prueban-la-memoria-y-no-la-inteligencia\\\/#primaryimage\"},\"thumbnailUrl\":\"https:\\\/\\\/webdelmaestrocmf.com\\\/portal\\\/wp-content\\\/uploads\\\/2019\\\/09\\\/1-8.jpg\",\"keywords\":[\"EX\u00c1MENES\",\"INTELIGENCIA\",\"MEMORIA\",\"ROBERT SWARTZ\"],\"articleSection\":[\"Entrevistas\",\"Las m\u00e1s vistas\",\"Noticias\"],\"inLanguage\":\"es\",\"potentialAction\":[{\"@type\":\"CommentAction\",\"name\":\"Comment\",\"target\":[\"https:\\\/\\\/webdelmaestrocmf.com\\\/portal\\\/el-profesor-swartz-dice-que-los-examenes-prueban-la-memoria-y-no-la-inteligencia\\\/#respond\"]}]},{\"@type\":\"WebPage\",\"@id\":\"https:\\\/\\\/webdelmaestrocmf.com\\\/portal\\\/el-profesor-swartz-dice-que-los-examenes-prueban-la-memoria-y-no-la-inteligencia\\\/\",\"url\":\"https:\\\/\\\/webdelmaestrocmf.com\\\/portal\\\/el-profesor-swartz-dice-que-los-examenes-prueban-la-memoria-y-no-la-inteligencia\\\/\",\"name\":\"Robert Swartz: Los ex\u00e1menes prueban la memoria y no la inteligencia - 2026\",\"isPartOf\":{\"@id\":\"https:\\\/\\\/webdelmaestrocmf.com\\\/portal\\\/#website\"},\"primaryImageOfPage\":{\"@id\":\"https:\\\/\\\/webdelmaestrocmf.com\\\/portal\\\/el-profesor-swartz-dice-que-los-examenes-prueban-la-memoria-y-no-la-inteligencia\\\/#primaryimage\"},\"image\":{\"@id\":\"https:\\\/\\\/webdelmaestrocmf.com\\\/portal\\\/el-profesor-swartz-dice-que-los-examenes-prueban-la-memoria-y-no-la-inteligencia\\\/#primaryimage\"},\"thumbnailUrl\":\"https:\\\/\\\/webdelmaestrocmf.com\\\/portal\\\/wp-content\\\/uploads\\\/2019\\\/09\\\/1-8.jpg\",\"datePublished\":\"2024-11-25T12:02:42+00:00\",\"dateModified\":\"2024-11-25T12:58:44+00:00\",\"description\":\"El profesor em\u00e9rito de la Universidad de Massachusetts (EEUU) Robert Swartz considera en una entrevista con Efe que el sistema de...\",\"breadcrumb\":{\"@id\":\"https:\\\/\\\/webdelmaestrocmf.com\\\/portal\\\/el-profesor-swartz-dice-que-los-examenes-prueban-la-memoria-y-no-la-inteligencia\\\/#breadcrumb\"},\"inLanguage\":\"es\",\"potentialAction\":[{\"@type\":\"ReadAction\",\"target\":[\"https:\\\/\\\/webdelmaestrocmf.com\\\/portal\\\/el-profesor-swartz-dice-que-los-examenes-prueban-la-memoria-y-no-la-inteligencia\\\/\"]}]},{\"@type\":\"ImageObject\",\"inLanguage\":\"es\",\"@id\":\"https:\\\/\\\/webdelmaestrocmf.com\\\/portal\\\/el-profesor-swartz-dice-que-los-examenes-prueban-la-memoria-y-no-la-inteligencia\\\/#primaryimage\",\"url\":\"https:\\\/\\\/webdelmaestrocmf.com\\\/portal\\\/wp-content\\\/uploads\\\/2019\\\/09\\\/1-8.jpg\",\"contentUrl\":\"https:\\\/\\\/webdelmaestrocmf.com\\\/portal\\\/wp-content\\\/uploads\\\/2019\\\/09\\\/1-8.jpg\",\"width\":1024,\"height\":1024},{\"@type\":\"BreadcrumbList\",\"@id\":\"https:\\\/\\\/webdelmaestrocmf.com\\\/portal\\\/el-profesor-swartz-dice-que-los-examenes-prueban-la-memoria-y-no-la-inteligencia\\\/#breadcrumb\",\"itemListElement\":[{\"@type\":\"ListItem\",\"position\":1,\"name\":\"Portada\",\"item\":\"https:\\\/\\\/webdelmaestrocmf.com\\\/portal\\\/\"},{\"@type\":\"ListItem\",\"position\":2,\"name\":\"Noticias\",\"item\":\"https:\\\/\\\/webdelmaestrocmf.com\\\/portal\\\/category\\\/noticias\\\/\"},{\"@type\":\"ListItem\",\"position\":3,\"name\":\"Robert Swartz: Los ex\u00e1menes prueban la memoria y no la inteligencia\"}]},{\"@type\":\"WebSite\",\"@id\":\"https:\\\/\\\/webdelmaestrocmf.com\\\/portal\\\/#website\",\"url\":\"https:\\\/\\\/webdelmaestrocmf.com\\\/portal\\\/\",\"name\":\"Web del Maestro CMF\",\"description\":\"Maestros al servicio de la educaci\u00f3n\",\"publisher\":{\"@id\":\"https:\\\/\\\/webdelmaestrocmf.com\\\/portal\\\/#organization\"},\"alternateName\":\"WMCMF\",\"potentialAction\":[{\"@type\":\"SearchAction\",\"target\":{\"@type\":\"EntryPoint\",\"urlTemplate\":\"https:\\\/\\\/webdelmaestrocmf.com\\\/portal\\\/?s={search_term_string}\"},\"query-input\":{\"@type\":\"PropertyValueSpecification\",\"valueRequired\":true,\"valueName\":\"search_term_string\"}}],\"inLanguage\":\"es\"},{\"@type\":\"Organization\",\"@id\":\"https:\\\/\\\/webdelmaestrocmf.com\\\/portal\\\/#organization\",\"name\":\"Web del Maestro CMF\",\"alternateName\":\"WMCMF\",\"url\":\"https:\\\/\\\/webdelmaestrocmf.com\\\/portal\\\/\",\"logo\":{\"@type\":\"ImageObject\",\"inLanguage\":\"es\",\"@id\":\"https:\\\/\\\/webdelmaestrocmf.com\\\/portal\\\/#\\\/schema\\\/logo\\\/image\\\/\",\"url\":\"https:\\\/\\\/webdelmaestrocmf.com\\\/portal\\\/wp-content\\\/uploads\\\/2023\\\/01\\\/logo-wmcmf-2.png\",\"contentUrl\":\"https:\\\/\\\/webdelmaestrocmf.com\\\/portal\\\/wp-content\\\/uploads\\\/2023\\\/01\\\/logo-wmcmf-2.png\",\"width\":200,\"height\":60,\"caption\":\"Web del Maestro CMF\"},\"image\":{\"@id\":\"https:\\\/\\\/webdelmaestrocmf.com\\\/portal\\\/#\\\/schema\\\/logo\\\/image\\\/\"},\"sameAs\":[\"https:\\\/\\\/www.facebook.com\\\/WebdelMaestroCMF\\\/\",\"https:\\\/\\\/x.com\\\/cmf_w\",\"https:\\\/\\\/www.pinterest.com\\\/WMCMF\\\/\",\"https:\\\/\\\/www.linkedin.com\\\/company\\\/web-del-maestro-cmf\\\/\",\"https:\\\/\\\/www.instagram.com\\\/wmcmf\\\/\",\"https:\\\/\\\/www.youtube.com\\\/channel\\\/UCDPSvjbdodE5sHnC3OxutHw\",\"https:\\\/\\\/mastodon.social\\\/@wmcmf\",\"https:\\\/\\\/www.tiktok.com\\\/@webdelmaestrocmf\"]},{\"@type\":\"Person\",\"@id\":\"https:\\\/\\\/webdelmaestrocmf.com\\\/portal\\\/#\\\/schema\\\/person\\\/1072a2ed7bd960df8ef99a551fa35dc5\",\"name\":\"Web del Maestro CMF\",\"image\":{\"@type\":\"ImageObject\",\"inLanguage\":\"es\",\"@id\":\"https:\\\/\\\/secure.gravatar.com\\\/avatar\\\/23291dd5b5ae1077dcff3dbb04c3e02bd28403fa75af6d8787d5e97c5bbbe30b?s=96&d=mm&r=g\",\"url\":\"https:\\\/\\\/secure.gravatar.com\\\/avatar\\\/23291dd5b5ae1077dcff3dbb04c3e02bd28403fa75af6d8787d5e97c5bbbe30b?s=96&d=mm&r=g\",\"contentUrl\":\"https:\\\/\\\/secure.gravatar.com\\\/avatar\\\/23291dd5b5ae1077dcff3dbb04c3e02bd28403fa75af6d8787d5e97c5bbbe30b?s=96&d=mm&r=g\",\"caption\":\"Web del Maestro CMF\"},\"description\":\"Esta Web se cre\u00f3 sin fines de lucro, con fines educativos, cient\u00edficos y acad\u00e9micos, para personas que tengan dificultades y\\\/o inconvenientes en visualizar el material original. El objetivo es entregar recursos, compartir experiencias y materiales que ayuden a los padres de familia, maestros y estudiantes en su actualizaci\u00f3n y formaci\u00f3n permanente, en bien de la Educaci\u00f3n.\",\"sameAs\":[\"http:\\\/\\\/webdelmaestrocmf.com\\\/portal\",\"https:\\\/\\\/www.facebook.com\\\/WebdelMaestroCMF\\\/\",\"https:\\\/\\\/www.instagram.com\\\/wmcmf\\\/\",\"https:\\\/\\\/cl.linkedin.com\\\/company\\\/web-del-maestro-cmf\",\"https:\\\/\\\/www.pinterest.com\\\/WMCMF\\\/publicaciones\\\/\",\"https:\\\/\\\/x.com\\\/cmf_w\",\"https:\\\/\\\/www.youtube.com\\\/@WMCMF\"]}]}<\/script>\n<!-- \/ Yoast SEO plugin. -->","yoast_head_json":{"title":"Robert Swartz: Los ex\u00e1menes prueban la memoria y no la inteligencia - 2026","description":"El profesor em\u00e9rito de la Universidad de Massachusetts (EEUU) Robert Swartz considera en una entrevista con Efe que el sistema de...","robots":{"index":"index","follow":"follow","max-snippet":"max-snippet:-1","max-image-preview":"max-image-preview:large","max-video-preview":"max-video-preview:-1"},"canonical":"https:\/\/webdelmaestrocmf.com\/portal\/el-profesor-swartz-dice-que-los-examenes-prueban-la-memoria-y-no-la-inteligencia\/","og_locale":"es_ES","og_type":"article","og_title":"Robert Swartz: Los ex\u00e1menes prueban la memoria y no la inteligencia - 2026","og_description":"El profesor em\u00e9rito de la Universidad de Massachusetts (EEUU) Robert Swartz considera en una entrevista con Efe que el sistema de...","og_url":"https:\/\/webdelmaestrocmf.com\/portal\/el-profesor-swartz-dice-que-los-examenes-prueban-la-memoria-y-no-la-inteligencia\/","og_site_name":"Web del Maestro CMF","article_publisher":"https:\/\/www.facebook.com\/WebdelMaestroCMF\/","article_author":"https:\/\/www.facebook.com\/WebdelMaestroCMF\/","article_published_time":"2024-11-25T12:02:42+00:00","article_modified_time":"2024-11-25T12:58:44+00:00","og_image":[{"width":1024,"height":1024,"url":"https:\/\/webdelmaestrocmf.com\/portal\/wp-content\/uploads\/2019\/09\/1-8.jpg","type":"image\/jpeg"}],"author":"Web del Maestro CMF","twitter_card":"summary_large_image","twitter_creator":"@cmf_w","twitter_site":"@cmf_w","schema":{"@context":"https:\/\/schema.org","@graph":[{"@type":"ScholarlyArticle","@id":"https:\/\/webdelmaestrocmf.com\/portal\/el-profesor-swartz-dice-que-los-examenes-prueban-la-memoria-y-no-la-inteligencia\/#article","isPartOf":{"@id":"https:\/\/webdelmaestrocmf.com\/portal\/el-profesor-swartz-dice-que-los-examenes-prueban-la-memoria-y-no-la-inteligencia\/"},"author":{"name":"Web del Maestro CMF","@id":"https:\/\/webdelmaestrocmf.com\/portal\/#\/schema\/person\/1072a2ed7bd960df8ef99a551fa35dc5"},"headline":"Robert Swartz: Los ex\u00e1menes prueban la memoria y no la inteligencia","datePublished":"2024-11-25T12:02:42+00:00","dateModified":"2024-11-25T12:58:44+00:00","mainEntityOfPage":{"@id":"https:\/\/webdelmaestrocmf.com\/portal\/el-profesor-swartz-dice-que-los-examenes-prueban-la-memoria-y-no-la-inteligencia\/"},"wordCount":736,"commentCount":19,"publisher":{"@id":"https:\/\/webdelmaestrocmf.com\/portal\/#organization"},"image":{"@id":"https:\/\/webdelmaestrocmf.com\/portal\/el-profesor-swartz-dice-que-los-examenes-prueban-la-memoria-y-no-la-inteligencia\/#primaryimage"},"thumbnailUrl":"https:\/\/webdelmaestrocmf.com\/portal\/wp-content\/uploads\/2019\/09\/1-8.jpg","keywords":["EX\u00c1MENES","INTELIGENCIA","MEMORIA","ROBERT SWARTZ"],"articleSection":["Entrevistas","Las m\u00e1s vistas","Noticias"],"inLanguage":"es","potentialAction":[{"@type":"CommentAction","name":"Comment","target":["https:\/\/webdelmaestrocmf.com\/portal\/el-profesor-swartz-dice-que-los-examenes-prueban-la-memoria-y-no-la-inteligencia\/#respond"]}]},{"@type":"WebPage","@id":"https:\/\/webdelmaestrocmf.com\/portal\/el-profesor-swartz-dice-que-los-examenes-prueban-la-memoria-y-no-la-inteligencia\/","url":"https:\/\/webdelmaestrocmf.com\/portal\/el-profesor-swartz-dice-que-los-examenes-prueban-la-memoria-y-no-la-inteligencia\/","name":"Robert Swartz: Los ex\u00e1menes prueban la memoria y no la inteligencia - 2026","isPartOf":{"@id":"https:\/\/webdelmaestrocmf.com\/portal\/#website"},"primaryImageOfPage":{"@id":"https:\/\/webdelmaestrocmf.com\/portal\/el-profesor-swartz-dice-que-los-examenes-prueban-la-memoria-y-no-la-inteligencia\/#primaryimage"},"image":{"@id":"https:\/\/webdelmaestrocmf.com\/portal\/el-profesor-swartz-dice-que-los-examenes-prueban-la-memoria-y-no-la-inteligencia\/#primaryimage"},"thumbnailUrl":"https:\/\/webdelmaestrocmf.com\/portal\/wp-content\/uploads\/2019\/09\/1-8.jpg","datePublished":"2024-11-25T12:02:42+00:00","dateModified":"2024-11-25T12:58:44+00:00","description":"El profesor em\u00e9rito de la Universidad de Massachusetts (EEUU) Robert Swartz considera en una entrevista con Efe que el sistema de...","breadcrumb":{"@id":"https:\/\/webdelmaestrocmf.com\/portal\/el-profesor-swartz-dice-que-los-examenes-prueban-la-memoria-y-no-la-inteligencia\/#breadcrumb"},"inLanguage":"es","potentialAction":[{"@type":"ReadAction","target":["https:\/\/webdelmaestrocmf.com\/portal\/el-profesor-swartz-dice-que-los-examenes-prueban-la-memoria-y-no-la-inteligencia\/"]}]},{"@type":"ImageObject","inLanguage":"es","@id":"https:\/\/webdelmaestrocmf.com\/portal\/el-profesor-swartz-dice-que-los-examenes-prueban-la-memoria-y-no-la-inteligencia\/#primaryimage","url":"https:\/\/webdelmaestrocmf.com\/portal\/wp-content\/uploads\/2019\/09\/1-8.jpg","contentUrl":"https:\/\/webdelmaestrocmf.com\/portal\/wp-content\/uploads\/2019\/09\/1-8.jpg","width":1024,"height":1024},{"@type":"BreadcrumbList","@id":"https:\/\/webdelmaestrocmf.com\/portal\/el-profesor-swartz-dice-que-los-examenes-prueban-la-memoria-y-no-la-inteligencia\/#breadcrumb","itemListElement":[{"@type":"ListItem","position":1,"name":"Portada","item":"https:\/\/webdelmaestrocmf.com\/portal\/"},{"@type":"ListItem","position":2,"name":"Noticias","item":"https:\/\/webdelmaestrocmf.com\/portal\/category\/noticias\/"},{"@type":"ListItem","position":3,"name":"Robert Swartz: Los ex\u00e1menes prueban la memoria y no la inteligencia"}]},{"@type":"WebSite","@id":"https:\/\/webdelmaestrocmf.com\/portal\/#website","url":"https:\/\/webdelmaestrocmf.com\/portal\/","name":"Web del Maestro CMF","description":"Maestros al servicio de la educaci\u00f3n","publisher":{"@id":"https:\/\/webdelmaestrocmf.com\/portal\/#organization"},"alternateName":"WMCMF","potentialAction":[{"@type":"SearchAction","target":{"@type":"EntryPoint","urlTemplate":"https:\/\/webdelmaestrocmf.com\/portal\/?s={search_term_string}"},"query-input":{"@type":"PropertyValueSpecification","valueRequired":true,"valueName":"search_term_string"}}],"inLanguage":"es"},{"@type":"Organization","@id":"https:\/\/webdelmaestrocmf.com\/portal\/#organization","name":"Web del Maestro CMF","alternateName":"WMCMF","url":"https:\/\/webdelmaestrocmf.com\/portal\/","logo":{"@type":"ImageObject","inLanguage":"es","@id":"https:\/\/webdelmaestrocmf.com\/portal\/#\/schema\/logo\/image\/","url":"https:\/\/webdelmaestrocmf.com\/portal\/wp-content\/uploads\/2023\/01\/logo-wmcmf-2.png","contentUrl":"https:\/\/webdelmaestrocmf.com\/portal\/wp-content\/uploads\/2023\/01\/logo-wmcmf-2.png","width":200,"height":60,"caption":"Web del Maestro CMF"},"image":{"@id":"https:\/\/webdelmaestrocmf.com\/portal\/#\/schema\/logo\/image\/"},"sameAs":["https:\/\/www.facebook.com\/WebdelMaestroCMF\/","https:\/\/x.com\/cmf_w","https:\/\/www.pinterest.com\/WMCMF\/","https:\/\/www.linkedin.com\/company\/web-del-maestro-cmf\/","https:\/\/www.instagram.com\/wmcmf\/","https:\/\/www.youtube.com\/channel\/UCDPSvjbdodE5sHnC3OxutHw","https:\/\/mastodon.social\/@wmcmf","https:\/\/www.tiktok.com\/@webdelmaestrocmf"]},{"@type":"Person","@id":"https:\/\/webdelmaestrocmf.com\/portal\/#\/schema\/person\/1072a2ed7bd960df8ef99a551fa35dc5","name":"Web del Maestro CMF","image":{"@type":"ImageObject","inLanguage":"es","@id":"https:\/\/secure.gravatar.com\/avatar\/23291dd5b5ae1077dcff3dbb04c3e02bd28403fa75af6d8787d5e97c5bbbe30b?s=96&d=mm&r=g","url":"https:\/\/secure.gravatar.com\/avatar\/23291dd5b5ae1077dcff3dbb04c3e02bd28403fa75af6d8787d5e97c5bbbe30b?s=96&d=mm&r=g","contentUrl":"https:\/\/secure.gravatar.com\/avatar\/23291dd5b5ae1077dcff3dbb04c3e02bd28403fa75af6d8787d5e97c5bbbe30b?s=96&d=mm&r=g","caption":"Web del Maestro CMF"},"description":"Esta Web se cre\u00f3 sin fines de lucro, con fines educativos, cient\u00edficos y acad\u00e9micos, para personas que tengan dificultades y\/o inconvenientes en visualizar el material original. El objetivo es entregar recursos, compartir experiencias y materiales que ayuden a los padres de familia, maestros y estudiantes en su actualizaci\u00f3n y formaci\u00f3n permanente, en bien de la Educaci\u00f3n.","sameAs":["http:\/\/webdelmaestrocmf.com\/portal","https:\/\/www.facebook.com\/WebdelMaestroCMF\/","https:\/\/www.instagram.com\/wmcmf\/","https:\/\/cl.linkedin.com\/company\/web-del-maestro-cmf","https:\/\/www.pinterest.com\/WMCMF\/publicaciones\/","https:\/\/x.com\/cmf_w","https:\/\/www.youtube.com\/@WMCMF"]}]}},"jetpack_featured_media_url":"https:\/\/webdelmaestrocmf.com\/portal\/wp-content\/uploads\/2019\/09\/1-8.jpg","jetpack_sharing_enabled":true,"jetpack-related-posts":[{"id":21246,"url":"https:\/\/webdelmaestrocmf.com\/portal\/cambiando-panorama-educativo-aprendizaje-basado-las-destrezas-del-pensamiento\/","url_meta":{"origin":10179,"position":0},"title":"Robert Swartz: Todos necesitamos desarrollar tres tipos de pensamiento, analizar ideas, crear propuestas y pensar cr\u00edticamente","author":"Web del Maestro CMF","date":"15 marzo, 2020","format":false,"excerpt":"El Doctor en Filosof\u00eda Robert Swartz (Universidad de Harvard y profesor em\u00e9rito en la Universidad de Massachusetts, Boston) es director del NCTT, The National Center for Teaching Thinking (USA). Por m\u00e1s de 25 a\u00f1os ha trabajado con educadores de colegios y universidades, sobre todo disertando en cursos de formaci\u00f3n profesional\u2026","rel":"","context":"En \u00abEntrevistas\u00bb","block_context":{"text":"Entrevistas","link":"https:\/\/webdelmaestrocmf.com\/portal\/category\/noticias\/entrevistas\/"},"img":{"alt_text":"","src":"https:\/\/i0.wp.com\/webdelmaestrocmf.com\/portal\/wp-content\/uploads\/2020\/03\/1-51.jpg?resize=350%2C200&ssl=1","width":350,"height":200,"srcset":"https:\/\/i0.wp.com\/webdelmaestrocmf.com\/portal\/wp-content\/uploads\/2020\/03\/1-51.jpg?resize=350%2C200&ssl=1 1x, https:\/\/i0.wp.com\/webdelmaestrocmf.com\/portal\/wp-content\/uploads\/2020\/03\/1-51.jpg?resize=525%2C300&ssl=1 1.5x, https:\/\/i0.wp.com\/webdelmaestrocmf.com\/portal\/wp-content\/uploads\/2020\/03\/1-51.jpg?resize=700%2C400&ssl=1 2x, https:\/\/i0.wp.com\/webdelmaestrocmf.com\/portal\/wp-content\/uploads\/2020\/03\/1-51.jpg?resize=1050%2C600&ssl=1 3x"},"classes":[]},{"id":14579,"url":"https:\/\/webdelmaestrocmf.com\/portal\/robert-swartz-ensenar-pensar-mas-memorizar\/","url_meta":{"origin":10179,"position":1},"title":"Robert Swartz: Hay que ense\u00f1ar a pensar m\u00e1s que a memorizar","author":"Web del Maestro CMF","date":"10 febrero, 2019","format":false,"excerpt":"Considerado una de las personalidades m\u00e1s influyentes en el mundo en el \u00e1mbito de la educaci\u00f3n, Robert Swartz es el pionero en la inclusi\u00f3n del pensamiento cr\u00edtico y\u00a0creativo en los contenidos curriculares. Este fil\u00f3sofo propone un cambio radical en la actual escuela \u00abque mata las ganas por aprender y pensar\u00bb.\u2026","rel":"","context":"En \u00abEntrevistas\u00bb","block_context":{"text":"Entrevistas","link":"https:\/\/webdelmaestrocmf.com\/portal\/category\/noticias\/entrevistas\/"},"img":{"alt_text":"Robert Swartz","src":"https:\/\/i0.wp.com\/webdelmaestrocmf.com\/portal\/wp-content\/uploads\/2017\/02\/2-1.jpg?resize=350%2C200&ssl=1","width":350,"height":200,"srcset":"https:\/\/i0.wp.com\/webdelmaestrocmf.com\/portal\/wp-content\/uploads\/2017\/02\/2-1.jpg?resize=350%2C200&ssl=1 1x, https:\/\/i0.wp.com\/webdelmaestrocmf.com\/portal\/wp-content\/uploads\/2017\/02\/2-1.jpg?resize=525%2C300&ssl=1 1.5x, https:\/\/i0.wp.com\/webdelmaestrocmf.com\/portal\/wp-content\/uploads\/2017\/02\/2-1.jpg?resize=700%2C400&ssl=1 2x, https:\/\/i0.wp.com\/webdelmaestrocmf.com\/portal\/wp-content\/uploads\/2017\/02\/2-1.jpg?resize=1050%2C600&ssl=1 3x"},"classes":[]},{"id":92277,"url":"https:\/\/webdelmaestrocmf.com\/portal\/los-profesores-han-aprendido-a-ensenar-mediante-el-modo-tradicional-de-aprender-por-repeticion\/","url_meta":{"origin":10179,"position":2},"title":"Aprendizaje Basado en el Pensamiento","author":"Web del Maestro CMF","date":"15 agosto, 2023","format":false,"excerpt":"Robert Swartz es director de The National Center for Teaching Thinking, de Estados Unidos, graduado por la Universidad de Harvard y profesor em\u00e9rito en la Universidad de Massachusetts en Boston; es autor de \u201cEl Aprendizaje Basado en el Pensamiento\u201d, numerosas obras y art\u00edculos sobre el pensamiento cr\u00edtico. Swartz sostiene que\u2026","rel":"","context":"En \u00abAprendizaje basado en pensamiento\u00bb","block_context":{"text":"Aprendizaje basado en pensamiento","link":"https:\/\/webdelmaestrocmf.com\/portal\/category\/pedagogia\/aprendizaje-basado-en-pensamiento\/"},"img":{"alt_text":"","src":"https:\/\/i0.wp.com\/webdelmaestrocmf.com\/portal\/wp-content\/uploads\/2023\/08\/A12B3C4D-9-1.jpg?resize=350%2C200&ssl=1","width":350,"height":200,"srcset":"https:\/\/i0.wp.com\/webdelmaestrocmf.com\/portal\/wp-content\/uploads\/2023\/08\/A12B3C4D-9-1.jpg?resize=350%2C200&ssl=1 1x, https:\/\/i0.wp.com\/webdelmaestrocmf.com\/portal\/wp-content\/uploads\/2023\/08\/A12B3C4D-9-1.jpg?resize=525%2C300&ssl=1 1.5x, https:\/\/i0.wp.com\/webdelmaestrocmf.com\/portal\/wp-content\/uploads\/2023\/08\/A12B3C4D-9-1.jpg?resize=700%2C400&ssl=1 2x"},"classes":[]},{"id":21357,"url":"https:\/\/webdelmaestrocmf.com\/portal\/pensamiento-critico-robert-swartz-aprendizaje-basado-pensamiento\/","url_meta":{"origin":10179,"position":3},"title":"El pensamiento cr\u00edtico de Robert Swartz &#8211; Aprendizaje basado en el pensamiento","author":"Web del Maestro CMF","date":"16 agosto, 2017","format":false,"excerpt":"Robert Swartz sostiene que hay tres tipos de pensamiento que todos necesitamos desarrollar para realizarlas de forma cuidadosa y con habilidad: An\u00e1lisis de Ideas, Desarrollo de Propuestas Creativas, y Pensamiento Cr\u00edtico. Es \u201cpensar en c\u00f3mo funcionan las cosas\u201d, y para ense\u00f1ar destrezas de pensamiento de forma que todos nuestros alumnos\u2026","rel":"","context":"En \u00abVIDEO PRACTICA DOCENTE\u00bb","block_context":{"text":"VIDEO PRACTICA DOCENTE","link":"https:\/\/webdelmaestrocmf.com\/portal\/category\/videos\/"},"img":{"alt_text":"","src":"https:\/\/i0.wp.com\/webdelmaestrocmf.com\/portal\/wp-content\/uploads\/2017\/08\/1a.jpg?resize=350%2C200&ssl=1","width":350,"height":200,"srcset":"https:\/\/i0.wp.com\/webdelmaestrocmf.com\/portal\/wp-content\/uploads\/2017\/08\/1a.jpg?resize=350%2C200&ssl=1 1x, https:\/\/i0.wp.com\/webdelmaestrocmf.com\/portal\/wp-content\/uploads\/2017\/08\/1a.jpg?resize=525%2C300&ssl=1 1.5x, https:\/\/i0.wp.com\/webdelmaestrocmf.com\/portal\/wp-content\/uploads\/2017\/08\/1a.jpg?resize=700%2C400&ssl=1 2x"},"classes":[]},{"id":63748,"url":"https:\/\/webdelmaestrocmf.com\/portal\/libro-de-daniel-goleman-la-inteligencia-emocional-y-libro-de-robert-swartz-el-aprendizaje-basado-en-el-pensamiento\/","url_meta":{"origin":10179,"position":4},"title":"Resumen de los libros de Daniel Goleman y de Robert Swartz","author":"Web del Maestro CMF","date":"6 agosto, 2024","format":false,"excerpt":"La inteligencia emocional explica por qu\u00e9 el \u00e9xito no depende solo del coeficiente intelectual, destacando habilidades como autocontrol, empat\u00eda y motivaci\u00f3n, fundamentales para el desarrollo personal, social y profesional.","rel":"","context":"En \u00abLibros\u00bb","block_context":{"text":"Libros","link":"https:\/\/webdelmaestrocmf.com\/portal\/category\/pedagogia\/libros\/"},"img":{"alt_text":"","src":"https:\/\/i0.wp.com\/webdelmaestrocmf.com\/portal\/wp-content\/uploads\/2021\/06\/Banner-1-portada-imagen-10-1-1.png?resize=350%2C200&ssl=1","width":350,"height":200,"srcset":"https:\/\/i0.wp.com\/webdelmaestrocmf.com\/portal\/wp-content\/uploads\/2021\/06\/Banner-1-portada-imagen-10-1-1.png?resize=350%2C200&ssl=1 1x, https:\/\/i0.wp.com\/webdelmaestrocmf.com\/portal\/wp-content\/uploads\/2021\/06\/Banner-1-portada-imagen-10-1-1.png?resize=525%2C300&ssl=1 1.5x, https:\/\/i0.wp.com\/webdelmaestrocmf.com\/portal\/wp-content\/uploads\/2021\/06\/Banner-1-portada-imagen-10-1-1.png?resize=700%2C400&ssl=1 2x"},"classes":[]},{"id":28204,"url":"https:\/\/webdelmaestrocmf.com\/portal\/en-las-escuelas-del-siglo-xx-ha-tratado-a-los-estudiantes-como-individuos-aislados\/","url_meta":{"origin":10179,"position":5},"title":"Robert Swartz: Los estudiantes no quieren aprender lo que les ense\u00f1amos, creen que para lo \u00fanico que les servir\u00e1 es para ayudarles a pasar el examen","author":"Web del Maestro CMF","date":"30 agosto, 2022","format":"video","excerpt":"Robert Swartz es Doctor en Filosof\u00eda, graduado en la Universidad de Harvard (USA) y profesor em\u00e9rito en la Universidad de Massachusetts en Boston (USA); ha trabajado por m\u00e1s de 25 a\u00f1os con educadores de colegios y universidades alrededor del mundo desarrollando e impartiendo cursos de formaci\u00f3n profesional sobre la infusi\u00f3n\u2026","rel":"","context":"En \u00abCharlas\u00bb","block_context":{"text":"Charlas","link":"https:\/\/webdelmaestrocmf.com\/portal\/category\/charlas\/"},"img":{"alt_text":"","src":"https:\/\/i0.wp.com\/webdelmaestrocmf.com\/portal\/wp-content\/uploads\/2021\/05\/1-13.jpeg?resize=350%2C200&ssl=1","width":350,"height":200,"srcset":"https:\/\/i0.wp.com\/webdelmaestrocmf.com\/portal\/wp-content\/uploads\/2021\/05\/1-13.jpeg?resize=350%2C200&ssl=1 1x, https:\/\/i0.wp.com\/webdelmaestrocmf.com\/portal\/wp-content\/uploads\/2021\/05\/1-13.jpeg?resize=525%2C300&ssl=1 1.5x, https:\/\/i0.wp.com\/webdelmaestrocmf.com\/portal\/wp-content\/uploads\/2021\/05\/1-13.jpeg?resize=700%2C400&ssl=1 2x"},"classes":[]}],"_links":{"self":[{"href":"https:\/\/webdelmaestrocmf.com\/portal\/wp-json\/wp\/v2\/posts\/10179","targetHints":{"allow":["GET"]}}],"collection":[{"href":"https:\/\/webdelmaestrocmf.com\/portal\/wp-json\/wp\/v2\/posts"}],"about":[{"href":"https:\/\/webdelmaestrocmf.com\/portal\/wp-json\/wp\/v2\/types\/post"}],"author":[{"embeddable":true,"href":"https:\/\/webdelmaestrocmf.com\/portal\/wp-json\/wp\/v2\/users\/1"}],"replies":[{"embeddable":true,"href":"https:\/\/webdelmaestrocmf.com\/portal\/wp-json\/wp\/v2\/comments?post=10179"}],"version-history":[{"count":0,"href":"https:\/\/webdelmaestrocmf.com\/portal\/wp-json\/wp\/v2\/posts\/10179\/revisions"}],"wp:featuredmedia":[{"embeddable":true,"href":"https:\/\/webdelmaestrocmf.com\/portal\/wp-json\/wp\/v2\/media\/107009"}],"wp:attachment":[{"href":"https:\/\/webdelmaestrocmf.com\/portal\/wp-json\/wp\/v2\/media?parent=10179"}],"wp:term":[{"taxonomy":"category","embeddable":true,"href":"https:\/\/webdelmaestrocmf.com\/portal\/wp-json\/wp\/v2\/categories?post=10179"},{"taxonomy":"post_tag","embeddable":true,"href":"https:\/\/webdelmaestrocmf.com\/portal\/wp-json\/wp\/v2\/tags?post=10179"}],"curies":[{"name":"wp","href":"https:\/\/api.w.org\/{rel}","templated":true}]}}