{"id":101705,"date":"2023-12-15T12:44:01","date_gmt":"2023-12-15T15:44:01","guid":{"rendered":"https:\/\/webdelmaestrocmf.com\/portal\/?p=101705"},"modified":"2023-12-15T13:05:29","modified_gmt":"2023-12-15T16:05:29","slug":"5-estrategias-de-escucha-mas-efectivas-para-los-docentes","status":"publish","type":"post","link":"https:\/\/webdelmaestrocmf.com\/portal\/5-estrategias-de-escucha-mas-efectivas-para-los-docentes\/","title":{"rendered":"5 estrategias de escucha m\u00e1s efectivas para los docentes"},"content":{"rendered":"<p style=\"text-align: justify;\" data-sourcepos=\"3:1-3:215\"><strong>La <a title=\"Ir a wikipedia\" rel=\"dofollow noopener\" href=\"https:\/\/es.wikipedia.org\/wiki\/Escucha\" target=\"_blank\">escucha<\/a> es una habilidad esencial para los maestros. A trav\u00e9s de las estrategias de escucha, los maestros pueden aprender sobre sus estudiantes, entender sus necesidades y proporcionarles el apoyo que necesitan para tener \u00e9xito.<\/strong><!--more--><\/p>\n<p style=\"text-align: justify;\" data-sourcepos=\"5:1-5:240\">En este art\u00edculo, exploraremos cinco estrategias de escucha efectivas para los docentes. Estas estrategias pueden ayudar a los maestros a crear un ambiente de aprendizaje positivo y productivo, y a promover el desarrollo de sus estudiantes. Las 5 estrategias de escucha m\u00e1s efectivas para los profesionales de la educaci\u00f3n son:<\/p>\n<p data-sourcepos=\"5:1-5:240\">Art\u00edculo relacioando: <a href=\"https:\/\/webdelmaestrocmf.com\/portal\/actitudes-deben-los-docentes-mas-empaticos\/\" target=\"_top\" rel=\"noopener\">Actitudes que deben tener los docentes para ser m\u00e1s emp\u00e1ticos<\/a><\/p>\n<h2 style=\"text-align: left;\"><strong>1. Escucha activa<\/strong><\/h2>\n<p style=\"text-align: justify;\">La escucha activa es una pr\u00e1ctica que consiste en prestar toda la atenci\u00f3n al estudiante y mostrar inter\u00e9s y curiosidad a trav\u00e9s de se\u00f1ales verbales y no verbales. Al escuchar activamente, los maestros pueden crear un ambiente positivo y de apoyo, y animar al estudiante a expresarse.<\/p>\n<h2 style=\"text-align: justify;\"><strong>2. Escucha cr\u00edtica<\/strong><\/h2>\n<p style=\"text-align: justify;\">La escucha cr\u00edtica es una pr\u00e1ctica muy importante para los maestros, ya que puede ayudarles a evaluar el mensaje de sus estudiantes, identificar los puntos principales y tomar decisiones informadas y l\u00f3gicas. Para hacer ello, uno debe ser capaz de reconocer el prop\u00f3sito, la audiencia y el contexto del orador.<\/p>\n<h2 style=\"text-align: left;\"><strong>3. Escucha emp\u00e1tica<\/strong><\/h2>\n<p style=\"text-align: justify;\">La escucha emp\u00e1tica es una pr\u00e1ctica que consiste en conectar con las emociones del hablante y mostrar compasi\u00f3n y cuidado. Esto puede ayudar a los maestros a generar confianza, compenetraci\u00f3n y empat\u00eda, as\u00ed como a apoyar el bienestar y el crecimiento de sus estudiantes.<\/p>\n<h2 style=\"text-align: left;\"><strong>4, Escucha creativa<\/strong><\/h2>\n<p style=\"text-align: justify;\">Es la pr\u00e1ctica de explorar las ideas del hablante y generar nuevas posibilidades y soluciones. Esta habilidad puede ser beneficiosa para los maestros, ya que puede fomentar la innovaci\u00f3n, la colaboraci\u00f3n y el aprendizaje, al tiempo que capacita al orador para que act\u00fae y logre sus objetivos.<\/p>\n<h2 style=\"text-align: left;\"><strong>5. Escucha estrat\u00e9gica<\/strong><\/h2>\n<p style=\"text-align: justify;\">La escucha estrat\u00e9gica es una pr\u00e1ctica que los maestros pueden utilizar para optimizar su rendimiento auditivo y lograr los resultados deseados. Esto implica evaluar las necesidades, objetivos y preferencias del hablante, y adaptar el enfoque de escucha.<\/p>\n<p><img loading=\"lazy\" decoding=\"async\" class=\"alignnone wp-image-101706 size-full\" src=\"https:\/\/webdelmaestrocmf.com\/portal\/wp-content\/uploads\/2023\/12\/escucha-mas-efectivas.jpg\" alt=\"escucha m\u00e1s efectivas\" width=\"800\" height=\"418\" srcset=\"https:\/\/webdelmaestrocmf.com\/portal\/wp-content\/uploads\/2023\/12\/escucha-mas-efectivas.jpg 800w, https:\/\/webdelmaestrocmf.com\/portal\/wp-content\/uploads\/2023\/12\/escucha-mas-efectivas-300x157.jpg 300w, https:\/\/webdelmaestrocmf.com\/portal\/wp-content\/uploads\/2023\/12\/escucha-mas-efectivas-768x401.jpg 768w, https:\/\/webdelmaestrocmf.com\/portal\/wp-content\/uploads\/2023\/12\/escucha-mas-efectivas-380x199.jpg 380w, https:\/\/webdelmaestrocmf.com\/portal\/wp-content\/uploads\/2023\/12\/escucha-mas-efectivas-550x287.jpg 550w\" sizes=\"auto, (max-width: 800px) 100vw, 800px\" \/><\/p>\n<p>Art\u00edculo relacionado: <a href=\"https:\/\/webdelmaestrocmf.com\/portal\/las-personas-empaticas-se-les-activan-mas-las-neuronas-espejo\/\" target=\"_top\" rel=\"noopener\">Por qu\u00e9 a las personas emp\u00e1ticas se les activan m\u00e1s las neuronas espejo<\/a><\/p>\n<h2 style=\"text-align: left;\" data-sourcepos=\"71:1-71:14\"><strong>Conclusi\u00f3n<\/strong><\/h2>\n<p style=\"text-align: justify;\" data-sourcepos=\"73:1-73:241\">La escucha es una habilidad esencial para los maestros. A trav\u00e9s de la pr\u00e1ctica de estas cinco estrategias, los maestros pueden mejorar sus habilidades de escucha y crear un ambiente de aprendizaje positivo y productivo para sus estudiantes.<\/p>\n<p data-sourcepos=\"73:1-73:241\">\t\t<div class=\"pk-inline-posts\">\n\t\t\t\n\t\t\t<div class=\"pk-inline-posts-container pk-inline-posts-template-list\"\n\t\t\t\tdata-columns=\"1\">\n\t\t\t\t\t\t<article id=\"post-6104\" class=\"post-6104 post type-post status-publish format-standard has-post-thumbnail category-estrategias category-pedagogia category-tecnicas-de-estudio tag-aprendizaje tag-estudio tag-harvard tag-mejores tag-mejores-tecnicas-de-estudio-pdf tag-tecnicas tag-tecnicas-de-estudio cs-entry cs-video-wrap\">\n\t\t\t<div class=\"pk-post-outer\">\n\n\t\t\t\t\t\t\t\t<div class=\"pk-post-inner\">\n\t\t\t\t\t<div class=\"entry-thumbnail\">\n\t\t\t\t\t\t<div class=\"pk-overlay pk-overlay-ratio pk-ratio-landscape\">\n\t\t\t\t\t\t\t<div class=\"pk-overlay-background\">\n\t\t\t\t\t\t\t\t<a href=\"https:\/\/webdelmaestrocmf.com\/portal\/cuales-son-las-mejores-tecnicas-de-estudio\/\" class=\"pk-overlay-link\">\n\t\t\t\t\t\t\t\t\t<img loading=\"lazy\" decoding=\"async\" width=\"300\" height=\"225\" src=\"https:\/\/webdelmaestrocmf.com\/portal\/wp-content\/uploads\/2023\/11\/Banner-1-portada-imagen-10-1-2-2-300x225.jpg\" class=\"attachment-pk-thumbnail size-pk-thumbnail wp-post-image\" alt=\"t\u00e9cnicas de estudio\" \/>\t\t\t\t\t\t\t\t<\/a>\n\t\t\t\t\t\t\t<\/div>\n\t\t\t\t\t\t<\/div>\n\t\t\t\t\t<\/div>\n\t\t\t\t<\/div>\n\t\t\t\t\n\t\t\t\t<div class=\"pk-post-inner\">\n\t\t\t\t\t<header>\n\t\t\t\t\t\t<h3 class=\"pk-title\"><a href=\"https:\/\/webdelmaestrocmf.com\/portal\/cuales-son-las-mejores-tecnicas-de-estudio\/\" rel=\"bookmark\">Cu\u00e1les son las mejores t\u00e9cnicas de estudio seg\u00fan Harvard<\/a><\/h3>\t\t\t\t\t<\/header><!-- .entry-header -->\n\t\t\t\t<\/div><!-- .post-inner -->\n\n\t\t\t<\/div><!-- .post-outer -->\n\t\t<\/article>\n\t\t\t<article id=\"post-106933\" class=\"post-106933 post type-post status-publish format-standard has-post-thumbnail category-estrategias category-pedagogia tag-aula tag-ecnica tag-semaforo cs-entry cs-video-wrap\">\n\t\t\t<div class=\"pk-post-outer\">\n\n\t\t\t\t\t\t\t\t<div class=\"pk-post-inner\">\n\t\t\t\t\t<div class=\"entry-thumbnail\">\n\t\t\t\t\t\t<div class=\"pk-overlay pk-overlay-ratio pk-ratio-landscape\">\n\t\t\t\t\t\t\t<div class=\"pk-overlay-background\">\n\t\t\t\t\t\t\t\t<a href=\"https:\/\/webdelmaestrocmf.com\/portal\/la-tecnica-del-semaforo-una-luz-verde-para-la-gestion-emocional-en-el-aula\/\" class=\"pk-overlay-link\">\n\t\t\t\t\t\t\t\t\t<img loading=\"lazy\" decoding=\"async\" width=\"300\" height=\"225\" src=\"https:\/\/webdelmaestrocmf.com\/portal\/wp-content\/uploads\/2025\/12\/Portada-descarga-1-300x225.jpg\" class=\"attachment-pk-thumbnail size-pk-thumbnail wp-post-image\" alt=\"\" \/>\t\t\t\t\t\t\t\t<\/a>\n\t\t\t\t\t\t\t<\/div>\n\t\t\t\t\t\t<\/div>\n\t\t\t\t\t<\/div>\n\t\t\t\t<\/div>\n\t\t\t\t\n\t\t\t\t<div class=\"pk-post-inner\">\n\t\t\t\t\t<header>\n\t\t\t\t\t\t<h3 class=\"pk-title\"><a href=\"https:\/\/webdelmaestrocmf.com\/portal\/la-tecnica-del-semaforo-una-luz-verde-para-la-gestion-emocional-en-el-aula\/\" rel=\"bookmark\">La t\u00e9cnica del sem\u00e1foro: una luz verde para la gesti\u00f3n emocional en el aula | Descarga la t\u00e9cnica para imprimir y colorear con tus alumnos<\/a><\/h3>\t\t\t\t\t<\/header><!-- .entry-header -->\n\t\t\t\t<\/div><!-- .post-inner -->\n\n\t\t\t<\/div><!-- .post-outer -->\n\t\t<\/article>\n\t\t\t<article id=\"post-95101\" class=\"post-95101 post type-post status-publish format-standard has-post-thumbnail category-estrategias category-pedagogia tag-alumnos tag-atencion tag-atrapar tag-estrategias cs-entry cs-video-wrap\">\n\t\t\t<div class=\"pk-post-outer\">\n\n\t\t\t\t\t\t\t\t<div class=\"pk-post-inner\">\n\t\t\t\t\t<div class=\"entry-thumbnail\">\n\t\t\t\t\t\t<div class=\"pk-overlay pk-overlay-ratio pk-ratio-landscape\">\n\t\t\t\t\t\t\t<div class=\"pk-overlay-background\">\n\t\t\t\t\t\t\t\t<a href=\"https:\/\/webdelmaestrocmf.com\/portal\/estrategias-para-atrapar-la-atencion-de-tus-alumnos\/\" class=\"pk-overlay-link\">\n\t\t\t\t\t\t\t\t\t<img loading=\"lazy\" decoding=\"async\" width=\"300\" height=\"225\" src=\"https:\/\/webdelmaestrocmf.com\/portal\/wp-content\/uploads\/2025\/11\/Portada-descarga-1-4-300x225.jpg\" class=\"attachment-pk-thumbnail size-pk-thumbnail wp-post-image\" alt=\"\" \/>\t\t\t\t\t\t\t\t<\/a>\n\t\t\t\t\t\t\t<\/div>\n\t\t\t\t\t\t<\/div>\n\t\t\t\t\t<\/div>\n\t\t\t\t<\/div>\n\t\t\t\t\n\t\t\t\t<div class=\"pk-post-inner\">\n\t\t\t\t\t<header>\n\t\t\t\t\t\t<h3 class=\"pk-title\"><a href=\"https:\/\/webdelmaestrocmf.com\/portal\/estrategias-para-atrapar-la-atencion-de-tus-alumnos\/\" rel=\"bookmark\">Estrategias para captar la atenci\u00f3n de tus alumnos. Desc\u00e1rgalas en PDF<\/a><\/h3>\t\t\t\t\t<\/header><!-- .entry-header -->\n\t\t\t\t<\/div><!-- .post-inner -->\n\n\t\t\t<\/div><!-- .post-outer -->\n\t\t<\/article>\n\t\t\t\t<\/div>\n\t\t<\/div>\n\t\t<\/p>\n","protected":false},"excerpt":{"rendered":"La escucha es una habilidad esencial para los maestros. A trav\u00e9s de las estrategias de escucha, los maestros&hellip;","protected":false},"author":1,"featured_media":101712,"comment_status":"open","ping_status":"closed","sticky":false,"template":"","format":"standard","meta":{"csco_display_header_overlay":false,"csco_singular_sidebar":"","csco_page_header_type":"","csco_page_load_nextpost":"","csco_post_video_location":[],"csco_post_video_location_hash":"","csco_post_video_url":"","csco_post_video_bg_start_time":0,"csco_post_video_bg_end_time":0,"csco_post_video_bg_volume":false,"_jetpack_memberships_contains_paid_content":false,"footnotes":""},"categories":[23285,14255,735],"tags":[58,3666,4007,624,2052],"class_list":{"0":"post-101705","1":"post","2":"type-post","3":"status-publish","4":"format-standard","5":"has-post-thumbnail","7":"category-escucha-activa","8":"category-estrategias","9":"category-pedagogia","10":"tag-docentes","11":"tag-efectivas","12":"tag-escucha","13":"tag-estrategias","14":"tag-mas","15":"cs-entry","16":"cs-video-wrap"},"yoast_head":"<!-- This site is optimized with the Yoast SEO plugin v27.5 - https:\/\/yoast.com\/product\/yoast-seo-wordpress\/ -->\n<title>5 estrategias de escucha m\u00e1s efectivas para los docentes - 2026<\/title>\n<meta name=\"description\" content=\"Conoce las 5 estrategias m\u00e1s efectivas basadas en la escucha activa para educadores. Esto ayudar\u00e1 a crear un ambiente positivo.\" \/>\n<meta name=\"robots\" content=\"index, follow, max-snippet:-1, max-image-preview:large, max-video-preview:-1\" \/>\n<link rel=\"canonical\" href=\"https:\/\/webdelmaestrocmf.com\/portal\/5-estrategias-de-escucha-mas-efectivas-para-los-docentes\/\" \/>\n<meta property=\"og:locale\" content=\"es_ES\" \/>\n<meta property=\"og:type\" content=\"article\" \/>\n<meta property=\"og:title\" content=\"5 estrategias de escucha m\u00e1s efectivas para los docentes - 2026\" \/>\n<meta property=\"og:description\" content=\"Conoce las 5 estrategias m\u00e1s efectivas basadas en la escucha activa para educadores. Esto ayudar\u00e1 a crear un ambiente positivo.\" \/>\n<meta property=\"og:url\" content=\"https:\/\/webdelmaestrocmf.com\/portal\/5-estrategias-de-escucha-mas-efectivas-para-los-docentes\/\" \/>\n<meta property=\"og:site_name\" content=\"Web del Maestro CMF\" \/>\n<meta property=\"article:publisher\" content=\"https:\/\/www.facebook.com\/WebdelMaestroCMF\/\" \/>\n<meta property=\"article:author\" content=\"https:\/\/www.facebook.com\/WebdelMaestroCMF\/\" \/>\n<meta property=\"article:published_time\" content=\"2023-12-15T15:44:01+00:00\" \/>\n<meta property=\"article:modified_time\" content=\"2023-12-15T16:05:29+00:00\" \/>\n<meta property=\"og:image\" content=\"https:\/\/webdelmaestrocmf.com\/portal\/wp-content\/uploads\/2023\/12\/A12B3C4D-10.jpg\" \/>\n\t<meta property=\"og:image:width\" content=\"900\" \/>\n\t<meta property=\"og:image:height\" content=\"556\" \/>\n\t<meta property=\"og:image:type\" content=\"image\/jpeg\" \/>\n<meta name=\"author\" content=\"Web del Maestro CMF\" \/>\n<meta name=\"twitter:card\" content=\"summary_large_image\" \/>\n<meta name=\"twitter:creator\" content=\"@cmf_w\" \/>\n<meta name=\"twitter:site\" content=\"@cmf_w\" \/>\n<script type=\"application\/ld+json\" class=\"yoast-schema-graph\">{\"@context\":\"https:\\\/\\\/schema.org\",\"@graph\":[{\"@type\":\"ScholarlyArticle\",\"@id\":\"https:\\\/\\\/webdelmaestrocmf.com\\\/portal\\\/5-estrategias-de-escucha-mas-efectivas-para-los-docentes\\\/#article\",\"isPartOf\":{\"@id\":\"https:\\\/\\\/webdelmaestrocmf.com\\\/portal\\\/5-estrategias-de-escucha-mas-efectivas-para-los-docentes\\\/\"},\"author\":{\"name\":\"Web del Maestro CMF\",\"@id\":\"https:\\\/\\\/webdelmaestrocmf.com\\\/portal\\\/#\\\/schema\\\/person\\\/1072a2ed7bd960df8ef99a551fa35dc5\"},\"headline\":\"5 estrategias de escucha m\u00e1s efectivas para los docentes\",\"datePublished\":\"2023-12-15T15:44:01+00:00\",\"dateModified\":\"2023-12-15T16:05:29+00:00\",\"mainEntityOfPage\":{\"@id\":\"https:\\\/\\\/webdelmaestrocmf.com\\\/portal\\\/5-estrategias-de-escucha-mas-efectivas-para-los-docentes\\\/\"},\"wordCount\":433,\"commentCount\":0,\"publisher\":{\"@id\":\"https:\\\/\\\/webdelmaestrocmf.com\\\/portal\\\/#organization\"},\"image\":{\"@id\":\"https:\\\/\\\/webdelmaestrocmf.com\\\/portal\\\/5-estrategias-de-escucha-mas-efectivas-para-los-docentes\\\/#primaryimage\"},\"thumbnailUrl\":\"https:\\\/\\\/webdelmaestrocmf.com\\\/portal\\\/wp-content\\\/uploads\\\/2023\\\/12\\\/A12B3C4D-10.jpg\",\"keywords\":[\"DOCENTES\",\"EFECTIVAS\",\"ESCUCHA\",\"ESTRATEGIAS\",\"m\u00e1s\"],\"articleSection\":[\"Escucha activa\",\"Estrategias\",\"Recursos\"],\"inLanguage\":\"es\",\"potentialAction\":[{\"@type\":\"CommentAction\",\"name\":\"Comment\",\"target\":[\"https:\\\/\\\/webdelmaestrocmf.com\\\/portal\\\/5-estrategias-de-escucha-mas-efectivas-para-los-docentes\\\/#respond\"]}]},{\"@type\":\"WebPage\",\"@id\":\"https:\\\/\\\/webdelmaestrocmf.com\\\/portal\\\/5-estrategias-de-escucha-mas-efectivas-para-los-docentes\\\/\",\"url\":\"https:\\\/\\\/webdelmaestrocmf.com\\\/portal\\\/5-estrategias-de-escucha-mas-efectivas-para-los-docentes\\\/\",\"name\":\"5 estrategias de escucha m\u00e1s efectivas para los docentes - 2026\",\"isPartOf\":{\"@id\":\"https:\\\/\\\/webdelmaestrocmf.com\\\/portal\\\/#website\"},\"primaryImageOfPage\":{\"@id\":\"https:\\\/\\\/webdelmaestrocmf.com\\\/portal\\\/5-estrategias-de-escucha-mas-efectivas-para-los-docentes\\\/#primaryimage\"},\"image\":{\"@id\":\"https:\\\/\\\/webdelmaestrocmf.com\\\/portal\\\/5-estrategias-de-escucha-mas-efectivas-para-los-docentes\\\/#primaryimage\"},\"thumbnailUrl\":\"https:\\\/\\\/webdelmaestrocmf.com\\\/portal\\\/wp-content\\\/uploads\\\/2023\\\/12\\\/A12B3C4D-10.jpg\",\"datePublished\":\"2023-12-15T15:44:01+00:00\",\"dateModified\":\"2023-12-15T16:05:29+00:00\",\"description\":\"Conoce las 5 estrategias m\u00e1s efectivas basadas en la escucha activa para educadores. Esto ayudar\u00e1 a crear un ambiente positivo.\",\"breadcrumb\":{\"@id\":\"https:\\\/\\\/webdelmaestrocmf.com\\\/portal\\\/5-estrategias-de-escucha-mas-efectivas-para-los-docentes\\\/#breadcrumb\"},\"inLanguage\":\"es\",\"potentialAction\":[{\"@type\":\"ReadAction\",\"target\":[\"https:\\\/\\\/webdelmaestrocmf.com\\\/portal\\\/5-estrategias-de-escucha-mas-efectivas-para-los-docentes\\\/\"]}]},{\"@type\":\"ImageObject\",\"inLanguage\":\"es\",\"@id\":\"https:\\\/\\\/webdelmaestrocmf.com\\\/portal\\\/5-estrategias-de-escucha-mas-efectivas-para-los-docentes\\\/#primaryimage\",\"url\":\"https:\\\/\\\/webdelmaestrocmf.com\\\/portal\\\/wp-content\\\/uploads\\\/2023\\\/12\\\/A12B3C4D-10.jpg\",\"contentUrl\":\"https:\\\/\\\/webdelmaestrocmf.com\\\/portal\\\/wp-content\\\/uploads\\\/2023\\\/12\\\/A12B3C4D-10.jpg\",\"width\":900,\"height\":556,\"caption\":\"estrategias de escucha\"},{\"@type\":\"BreadcrumbList\",\"@id\":\"https:\\\/\\\/webdelmaestrocmf.com\\\/portal\\\/5-estrategias-de-escucha-mas-efectivas-para-los-docentes\\\/#breadcrumb\",\"itemListElement\":[{\"@type\":\"ListItem\",\"position\":1,\"name\":\"Portada\",\"item\":\"https:\\\/\\\/webdelmaestrocmf.com\\\/portal\\\/\"},{\"@type\":\"ListItem\",\"position\":2,\"name\":\"Recursos\",\"item\":\"https:\\\/\\\/webdelmaestrocmf.com\\\/portal\\\/category\\\/pedagogia\\\/\"},{\"@type\":\"ListItem\",\"position\":3,\"name\":\"5 estrategias de escucha m\u00e1s efectivas para los docentes\"}]},{\"@type\":\"WebSite\",\"@id\":\"https:\\\/\\\/webdelmaestrocmf.com\\\/portal\\\/#website\",\"url\":\"https:\\\/\\\/webdelmaestrocmf.com\\\/portal\\\/\",\"name\":\"Web del Maestro CMF\",\"description\":\"Maestros al servicio de la educaci\u00f3n\",\"publisher\":{\"@id\":\"https:\\\/\\\/webdelmaestrocmf.com\\\/portal\\\/#organization\"},\"alternateName\":\"WMCMF\",\"potentialAction\":[{\"@type\":\"SearchAction\",\"target\":{\"@type\":\"EntryPoint\",\"urlTemplate\":\"https:\\\/\\\/webdelmaestrocmf.com\\\/portal\\\/?s={search_term_string}\"},\"query-input\":{\"@type\":\"PropertyValueSpecification\",\"valueRequired\":true,\"valueName\":\"search_term_string\"}}],\"inLanguage\":\"es\"},{\"@type\":\"Organization\",\"@id\":\"https:\\\/\\\/webdelmaestrocmf.com\\\/portal\\\/#organization\",\"name\":\"Web del Maestro CMF\",\"alternateName\":\"WMCMF\",\"url\":\"https:\\\/\\\/webdelmaestrocmf.com\\\/portal\\\/\",\"logo\":{\"@type\":\"ImageObject\",\"inLanguage\":\"es\",\"@id\":\"https:\\\/\\\/webdelmaestrocmf.com\\\/portal\\\/#\\\/schema\\\/logo\\\/image\\\/\",\"url\":\"https:\\\/\\\/webdelmaestrocmf.com\\\/portal\\\/wp-content\\\/uploads\\\/2023\\\/01\\\/logo-wmcmf-2.png\",\"contentUrl\":\"https:\\\/\\\/webdelmaestrocmf.com\\\/portal\\\/wp-content\\\/uploads\\\/2023\\\/01\\\/logo-wmcmf-2.png\",\"width\":200,\"height\":60,\"caption\":\"Web del Maestro CMF\"},\"image\":{\"@id\":\"https:\\\/\\\/webdelmaestrocmf.com\\\/portal\\\/#\\\/schema\\\/logo\\\/image\\\/\"},\"sameAs\":[\"https:\\\/\\\/www.facebook.com\\\/WebdelMaestroCMF\\\/\",\"https:\\\/\\\/x.com\\\/cmf_w\",\"https:\\\/\\\/www.pinterest.com\\\/WMCMF\\\/\",\"https:\\\/\\\/www.linkedin.com\\\/company\\\/web-del-maestro-cmf\\\/\",\"https:\\\/\\\/www.instagram.com\\\/wmcmf\\\/\",\"https:\\\/\\\/www.youtube.com\\\/channel\\\/UCDPSvjbdodE5sHnC3OxutHw\",\"https:\\\/\\\/mastodon.social\\\/@wmcmf\",\"https:\\\/\\\/www.tiktok.com\\\/@webdelmaestrocmf\"]},{\"@type\":\"Person\",\"@id\":\"https:\\\/\\\/webdelmaestrocmf.com\\\/portal\\\/#\\\/schema\\\/person\\\/1072a2ed7bd960df8ef99a551fa35dc5\",\"name\":\"Web del Maestro CMF\",\"image\":{\"@type\":\"ImageObject\",\"inLanguage\":\"es\",\"@id\":\"https:\\\/\\\/secure.gravatar.com\\\/avatar\\\/23291dd5b5ae1077dcff3dbb04c3e02bd28403fa75af6d8787d5e97c5bbbe30b?s=96&d=mm&r=g\",\"url\":\"https:\\\/\\\/secure.gravatar.com\\\/avatar\\\/23291dd5b5ae1077dcff3dbb04c3e02bd28403fa75af6d8787d5e97c5bbbe30b?s=96&d=mm&r=g\",\"contentUrl\":\"https:\\\/\\\/secure.gravatar.com\\\/avatar\\\/23291dd5b5ae1077dcff3dbb04c3e02bd28403fa75af6d8787d5e97c5bbbe30b?s=96&d=mm&r=g\",\"caption\":\"Web del Maestro CMF\"},\"description\":\"Esta Web se cre\u00f3 sin fines de lucro, con fines educativos, cient\u00edficos y acad\u00e9micos, para personas que tengan dificultades y\\\/o inconvenientes en visualizar el material original. El objetivo es entregar recursos, compartir experiencias y materiales que ayuden a los padres de familia, maestros y estudiantes en su actualizaci\u00f3n y formaci\u00f3n permanente, en bien de la Educaci\u00f3n.\",\"sameAs\":[\"http:\\\/\\\/webdelmaestrocmf.com\\\/portal\",\"https:\\\/\\\/www.facebook.com\\\/WebdelMaestroCMF\\\/\",\"https:\\\/\\\/www.instagram.com\\\/wmcmf\\\/\",\"https:\\\/\\\/cl.linkedin.com\\\/company\\\/web-del-maestro-cmf\",\"https:\\\/\\\/www.pinterest.com\\\/WMCMF\\\/publicaciones\\\/\",\"https:\\\/\\\/x.com\\\/cmf_w\",\"https:\\\/\\\/www.youtube.com\\\/@WMCMF\"]}]}<\/script>\n<!-- \/ Yoast SEO plugin. -->","yoast_head_json":{"title":"5 estrategias de escucha m\u00e1s efectivas para los docentes - 2026","description":"Conoce las 5 estrategias m\u00e1s efectivas basadas en la escucha activa para educadores. Esto ayudar\u00e1 a crear un ambiente positivo.","robots":{"index":"index","follow":"follow","max-snippet":"max-snippet:-1","max-image-preview":"max-image-preview:large","max-video-preview":"max-video-preview:-1"},"canonical":"https:\/\/webdelmaestrocmf.com\/portal\/5-estrategias-de-escucha-mas-efectivas-para-los-docentes\/","og_locale":"es_ES","og_type":"article","og_title":"5 estrategias de escucha m\u00e1s efectivas para los docentes - 2026","og_description":"Conoce las 5 estrategias m\u00e1s efectivas basadas en la escucha activa para educadores. Esto ayudar\u00e1 a crear un ambiente positivo.","og_url":"https:\/\/webdelmaestrocmf.com\/portal\/5-estrategias-de-escucha-mas-efectivas-para-los-docentes\/","og_site_name":"Web del Maestro CMF","article_publisher":"https:\/\/www.facebook.com\/WebdelMaestroCMF\/","article_author":"https:\/\/www.facebook.com\/WebdelMaestroCMF\/","article_published_time":"2023-12-15T15:44:01+00:00","article_modified_time":"2023-12-15T16:05:29+00:00","og_image":[{"width":900,"height":556,"url":"https:\/\/webdelmaestrocmf.com\/portal\/wp-content\/uploads\/2023\/12\/A12B3C4D-10.jpg","type":"image\/jpeg"}],"author":"Web del Maestro CMF","twitter_card":"summary_large_image","twitter_creator":"@cmf_w","twitter_site":"@cmf_w","schema":{"@context":"https:\/\/schema.org","@graph":[{"@type":"ScholarlyArticle","@id":"https:\/\/webdelmaestrocmf.com\/portal\/5-estrategias-de-escucha-mas-efectivas-para-los-docentes\/#article","isPartOf":{"@id":"https:\/\/webdelmaestrocmf.com\/portal\/5-estrategias-de-escucha-mas-efectivas-para-los-docentes\/"},"author":{"name":"Web del Maestro CMF","@id":"https:\/\/webdelmaestrocmf.com\/portal\/#\/schema\/person\/1072a2ed7bd960df8ef99a551fa35dc5"},"headline":"5 estrategias de escucha m\u00e1s efectivas para los docentes","datePublished":"2023-12-15T15:44:01+00:00","dateModified":"2023-12-15T16:05:29+00:00","mainEntityOfPage":{"@id":"https:\/\/webdelmaestrocmf.com\/portal\/5-estrategias-de-escucha-mas-efectivas-para-los-docentes\/"},"wordCount":433,"commentCount":0,"publisher":{"@id":"https:\/\/webdelmaestrocmf.com\/portal\/#organization"},"image":{"@id":"https:\/\/webdelmaestrocmf.com\/portal\/5-estrategias-de-escucha-mas-efectivas-para-los-docentes\/#primaryimage"},"thumbnailUrl":"https:\/\/webdelmaestrocmf.com\/portal\/wp-content\/uploads\/2023\/12\/A12B3C4D-10.jpg","keywords":["DOCENTES","EFECTIVAS","ESCUCHA","ESTRATEGIAS","m\u00e1s"],"articleSection":["Escucha activa","Estrategias","Recursos"],"inLanguage":"es","potentialAction":[{"@type":"CommentAction","name":"Comment","target":["https:\/\/webdelmaestrocmf.com\/portal\/5-estrategias-de-escucha-mas-efectivas-para-los-docentes\/#respond"]}]},{"@type":"WebPage","@id":"https:\/\/webdelmaestrocmf.com\/portal\/5-estrategias-de-escucha-mas-efectivas-para-los-docentes\/","url":"https:\/\/webdelmaestrocmf.com\/portal\/5-estrategias-de-escucha-mas-efectivas-para-los-docentes\/","name":"5 estrategias de escucha m\u00e1s efectivas para los docentes - 2026","isPartOf":{"@id":"https:\/\/webdelmaestrocmf.com\/portal\/#website"},"primaryImageOfPage":{"@id":"https:\/\/webdelmaestrocmf.com\/portal\/5-estrategias-de-escucha-mas-efectivas-para-los-docentes\/#primaryimage"},"image":{"@id":"https:\/\/webdelmaestrocmf.com\/portal\/5-estrategias-de-escucha-mas-efectivas-para-los-docentes\/#primaryimage"},"thumbnailUrl":"https:\/\/webdelmaestrocmf.com\/portal\/wp-content\/uploads\/2023\/12\/A12B3C4D-10.jpg","datePublished":"2023-12-15T15:44:01+00:00","dateModified":"2023-12-15T16:05:29+00:00","description":"Conoce las 5 estrategias m\u00e1s efectivas basadas en la escucha activa para educadores. Esto ayudar\u00e1 a crear un ambiente positivo.","breadcrumb":{"@id":"https:\/\/webdelmaestrocmf.com\/portal\/5-estrategias-de-escucha-mas-efectivas-para-los-docentes\/#breadcrumb"},"inLanguage":"es","potentialAction":[{"@type":"ReadAction","target":["https:\/\/webdelmaestrocmf.com\/portal\/5-estrategias-de-escucha-mas-efectivas-para-los-docentes\/"]}]},{"@type":"ImageObject","inLanguage":"es","@id":"https:\/\/webdelmaestrocmf.com\/portal\/5-estrategias-de-escucha-mas-efectivas-para-los-docentes\/#primaryimage","url":"https:\/\/webdelmaestrocmf.com\/portal\/wp-content\/uploads\/2023\/12\/A12B3C4D-10.jpg","contentUrl":"https:\/\/webdelmaestrocmf.com\/portal\/wp-content\/uploads\/2023\/12\/A12B3C4D-10.jpg","width":900,"height":556,"caption":"estrategias de escucha"},{"@type":"BreadcrumbList","@id":"https:\/\/webdelmaestrocmf.com\/portal\/5-estrategias-de-escucha-mas-efectivas-para-los-docentes\/#breadcrumb","itemListElement":[{"@type":"ListItem","position":1,"name":"Portada","item":"https:\/\/webdelmaestrocmf.com\/portal\/"},{"@type":"ListItem","position":2,"name":"Recursos","item":"https:\/\/webdelmaestrocmf.com\/portal\/category\/pedagogia\/"},{"@type":"ListItem","position":3,"name":"5 estrategias de escucha m\u00e1s efectivas para los docentes"}]},{"@type":"WebSite","@id":"https:\/\/webdelmaestrocmf.com\/portal\/#website","url":"https:\/\/webdelmaestrocmf.com\/portal\/","name":"Web del Maestro CMF","description":"Maestros al servicio de la educaci\u00f3n","publisher":{"@id":"https:\/\/webdelmaestrocmf.com\/portal\/#organization"},"alternateName":"WMCMF","potentialAction":[{"@type":"SearchAction","target":{"@type":"EntryPoint","urlTemplate":"https:\/\/webdelmaestrocmf.com\/portal\/?s={search_term_string}"},"query-input":{"@type":"PropertyValueSpecification","valueRequired":true,"valueName":"search_term_string"}}],"inLanguage":"es"},{"@type":"Organization","@id":"https:\/\/webdelmaestrocmf.com\/portal\/#organization","name":"Web del Maestro CMF","alternateName":"WMCMF","url":"https:\/\/webdelmaestrocmf.com\/portal\/","logo":{"@type":"ImageObject","inLanguage":"es","@id":"https:\/\/webdelmaestrocmf.com\/portal\/#\/schema\/logo\/image\/","url":"https:\/\/webdelmaestrocmf.com\/portal\/wp-content\/uploads\/2023\/01\/logo-wmcmf-2.png","contentUrl":"https:\/\/webdelmaestrocmf.com\/portal\/wp-content\/uploads\/2023\/01\/logo-wmcmf-2.png","width":200,"height":60,"caption":"Web del Maestro CMF"},"image":{"@id":"https:\/\/webdelmaestrocmf.com\/portal\/#\/schema\/logo\/image\/"},"sameAs":["https:\/\/www.facebook.com\/WebdelMaestroCMF\/","https:\/\/x.com\/cmf_w","https:\/\/www.pinterest.com\/WMCMF\/","https:\/\/www.linkedin.com\/company\/web-del-maestro-cmf\/","https:\/\/www.instagram.com\/wmcmf\/","https:\/\/www.youtube.com\/channel\/UCDPSvjbdodE5sHnC3OxutHw","https:\/\/mastodon.social\/@wmcmf","https:\/\/www.tiktok.com\/@webdelmaestrocmf"]},{"@type":"Person","@id":"https:\/\/webdelmaestrocmf.com\/portal\/#\/schema\/person\/1072a2ed7bd960df8ef99a551fa35dc5","name":"Web del Maestro CMF","image":{"@type":"ImageObject","inLanguage":"es","@id":"https:\/\/secure.gravatar.com\/avatar\/23291dd5b5ae1077dcff3dbb04c3e02bd28403fa75af6d8787d5e97c5bbbe30b?s=96&d=mm&r=g","url":"https:\/\/secure.gravatar.com\/avatar\/23291dd5b5ae1077dcff3dbb04c3e02bd28403fa75af6d8787d5e97c5bbbe30b?s=96&d=mm&r=g","contentUrl":"https:\/\/secure.gravatar.com\/avatar\/23291dd5b5ae1077dcff3dbb04c3e02bd28403fa75af6d8787d5e97c5bbbe30b?s=96&d=mm&r=g","caption":"Web del Maestro CMF"},"description":"Esta Web se cre\u00f3 sin fines de lucro, con fines educativos, cient\u00edficos y acad\u00e9micos, para personas que tengan dificultades y\/o inconvenientes en visualizar el material original. El objetivo es entregar recursos, compartir experiencias y materiales que ayuden a los padres de familia, maestros y estudiantes en su actualizaci\u00f3n y formaci\u00f3n permanente, en bien de la Educaci\u00f3n.","sameAs":["http:\/\/webdelmaestrocmf.com\/portal","https:\/\/www.facebook.com\/WebdelMaestroCMF\/","https:\/\/www.instagram.com\/wmcmf\/","https:\/\/cl.linkedin.com\/company\/web-del-maestro-cmf","https:\/\/www.pinterest.com\/WMCMF\/publicaciones\/","https:\/\/x.com\/cmf_w","https:\/\/www.youtube.com\/@WMCMF"]}]}},"jetpack_featured_media_url":"https:\/\/webdelmaestrocmf.com\/portal\/wp-content\/uploads\/2023\/12\/A12B3C4D-10.jpg","jetpack_sharing_enabled":true,"jetpack-related-posts":[{"id":91322,"url":"https:\/\/webdelmaestrocmf.com\/portal\/la-importancia-de-la-empatia-el-buen-humor-y-la-escucha-activa-en-los-docentes\/","url_meta":{"origin":101705,"position":0},"title":"La importancia de la empat\u00eda, el buen humor y la escucha activa en los docentes","author":"Web del Maestro CMF","date":"11 septiembre, 2024","format":false,"excerpt":"Un estudio realizado por la Universidad de Stanford investig\u00f3 diferentes enfoques para abordar el mal comportamiento de los estudiantes con problemas de disciplina en las escuelas. Un modelo alternativo se bas\u00f3 en la empat\u00eda de los docentes hacia estos estudiantes indisciplinados. Los resultados mostraron que cuando los profesores adoptaron una\u2026","rel":"","context":"En \u00abDocentes\u00bb","block_context":{"text":"Docentes","link":"https:\/\/webdelmaestrocmf.com\/portal\/category\/pedagogia\/docentes\/"},"img":{"alt_text":"","src":"https:\/\/i0.wp.com\/webdelmaestrocmf.com\/portal\/wp-content\/uploads\/2023\/08\/Banner-1-portada-imagen-10-1-30.jpg?resize=350%2C200&ssl=1","width":350,"height":200,"srcset":"https:\/\/i0.wp.com\/webdelmaestrocmf.com\/portal\/wp-content\/uploads\/2023\/08\/Banner-1-portada-imagen-10-1-30.jpg?resize=350%2C200&ssl=1 1x, https:\/\/i0.wp.com\/webdelmaestrocmf.com\/portal\/wp-content\/uploads\/2023\/08\/Banner-1-portada-imagen-10-1-30.jpg?resize=525%2C300&ssl=1 1.5x, https:\/\/i0.wp.com\/webdelmaestrocmf.com\/portal\/wp-content\/uploads\/2023\/08\/Banner-1-portada-imagen-10-1-30.jpg?resize=700%2C400&ssl=1 2x"},"classes":[]},{"id":108072,"url":"https:\/\/webdelmaestrocmf.com\/portal\/el-desarrollo-de-la-oralidad-en-el-aula-procesos-didacticos-y-estrategias\/","url_meta":{"origin":101705,"position":1},"title":"El desarrollo de la oralidad en el aula: procesos did\u00e1cticos y estrategias","author":"Web del Maestro CMF","date":"21 febrero, 2025","format":false,"excerpt":"La oralidad es una de las competencias fundamentales en el desarrollo del lenguaje y la comunicaci\u00f3n de los estudiantes. No solo implica la capacidad de expresarse verbalmente, sino tambi\u00e9n la habilidad de escuchar, interpretar y reflexionar sobre los mensajes que se intercambian en distintos contextos. Para fortalecer esta habilidad en\u2026","rel":"","context":"En \u00abDescargas Manuales PDF\u00bb","block_context":{"text":"Descargas Manuales PDF","link":"https:\/\/webdelmaestrocmf.com\/portal\/category\/pedagogia\/descargas-manuales-pdf\/"},"img":{"alt_text":"","src":"https:\/\/i0.wp.com\/webdelmaestrocmf.com\/portal\/wp-content\/uploads\/2025\/02\/1A-Banner-1-portada-imagen-10-1-87.jpg?resize=350%2C200&ssl=1","width":350,"height":200,"srcset":"https:\/\/i0.wp.com\/webdelmaestrocmf.com\/portal\/wp-content\/uploads\/2025\/02\/1A-Banner-1-portada-imagen-10-1-87.jpg?resize=350%2C200&ssl=1 1x, https:\/\/i0.wp.com\/webdelmaestrocmf.com\/portal\/wp-content\/uploads\/2025\/02\/1A-Banner-1-portada-imagen-10-1-87.jpg?resize=525%2C300&ssl=1 1.5x, https:\/\/i0.wp.com\/webdelmaestrocmf.com\/portal\/wp-content\/uploads\/2025\/02\/1A-Banner-1-portada-imagen-10-1-87.jpg?resize=700%2C400&ssl=1 2x"},"classes":[]},{"id":102696,"url":"https:\/\/webdelmaestrocmf.com\/portal\/como-dar-una-clase-efectiva-consejos-para-docentes\/","url_meta":{"origin":101705,"position":2},"title":"C\u00f3mo dar una clase efectiva: consejos para docentes","author":"Web del Maestro CMF","date":"19 junio, 2025","format":false,"excerpt":"Planear y dar una clase efectiva no es una tarea sencilla; implica considerar numerosos aspectos que van desde las caracter\u00edsticas de los alumnos hasta el contexto y los recursos disponibles. Ya seas un experimentado docente o te est\u00e9s iniciando en esta noble profesi\u00f3n, siempre surgir\u00e1n dudas acerca de c\u00f3mo abordar\u2026","rel":"","context":"En \u00abClases\u00bb","block_context":{"text":"Clases","link":"https:\/\/webdelmaestrocmf.com\/portal\/category\/pedagogia\/clases\/"},"img":{"alt_text":"clase efectiva","src":"https:\/\/i0.wp.com\/webdelmaestrocmf.com\/portal\/wp-content\/uploads\/2024\/01\/Banner-1-portada-imagen-10-8.jpg?resize=350%2C200&ssl=1","width":350,"height":200,"srcset":"https:\/\/i0.wp.com\/webdelmaestrocmf.com\/portal\/wp-content\/uploads\/2024\/01\/Banner-1-portada-imagen-10-8.jpg?resize=350%2C200&ssl=1 1x, https:\/\/i0.wp.com\/webdelmaestrocmf.com\/portal\/wp-content\/uploads\/2024\/01\/Banner-1-portada-imagen-10-8.jpg?resize=525%2C300&ssl=1 1.5x, https:\/\/i0.wp.com\/webdelmaestrocmf.com\/portal\/wp-content\/uploads\/2024\/01\/Banner-1-portada-imagen-10-8.jpg?resize=700%2C400&ssl=1 2x"},"classes":[]},{"id":98522,"url":"https:\/\/webdelmaestrocmf.com\/portal\/como-identificar-las-barreras-para-el-aprendizaje-y-la-participacion-bap\/","url_meta":{"origin":101705,"position":3},"title":"C\u00f3mo identificar las Barreras para el Aprendizaje y la Participaci\u00f3n (BAP)","author":"Web del Maestro CMF","date":"25 octubre, 2023","format":false,"excerpt":"La promoci\u00f3n de la educaci\u00f3n inclusiva es un imperativo en la sociedad actual. Para lograrlo, es esencial abordar y superar las Barreras para el Aprendizaje y la Participaci\u00f3n (BAP) que pueden limitar el acceso a la educaci\u00f3n y la participaci\u00f3n plena en el entorno escolar. Estas barreras, que pueden manifestarse\u2026","rel":"","context":"En \u00abBarreras para el Aprendizaje y la Participaci\u00f3n\u00bb","block_context":{"text":"Barreras para el Aprendizaje y la Participaci\u00f3n","link":"https:\/\/webdelmaestrocmf.com\/portal\/category\/pedagogia\/barreras-para-el-aprendizaje-y-la-participacion\/"},"img":{"alt_text":"Barreras para el Aprendizaje y la Participaci\u00f3n","src":"https:\/\/i0.wp.com\/webdelmaestrocmf.com\/portal\/wp-content\/uploads\/2023\/10\/A12B3C4D-39-1.jpg?resize=350%2C200&ssl=1","width":350,"height":200,"srcset":"https:\/\/i0.wp.com\/webdelmaestrocmf.com\/portal\/wp-content\/uploads\/2023\/10\/A12B3C4D-39-1.jpg?resize=350%2C200&ssl=1 1x, https:\/\/i0.wp.com\/webdelmaestrocmf.com\/portal\/wp-content\/uploads\/2023\/10\/A12B3C4D-39-1.jpg?resize=525%2C300&ssl=1 1.5x, https:\/\/i0.wp.com\/webdelmaestrocmf.com\/portal\/wp-content\/uploads\/2023\/10\/A12B3C4D-39-1.jpg?resize=700%2C400&ssl=1 2x"},"classes":[]},{"id":89665,"url":"https:\/\/webdelmaestrocmf.com\/portal\/competencias-docentes-para-la-evaluacion-cualitativa-del-aprendizaje\/","url_meta":{"origin":101705,"position":4},"title":"Competencias docentes para la evaluaci\u00f3n cualitativa del aprendizaje","author":"Web del Maestro CMF","date":"22 abril, 2026","format":false,"excerpt":"La investigaci\u00f3n cualitativa permite comprender la complejidad de las experiencias humanas desde una perspectiva hol\u00edstica, interpretativa y contextual, generando conocimiento profundo a partir de significados, narrativas y realidades sociales.","rel":"","context":"En \u00abCompetencias\u00bb","block_context":{"text":"Competencias","link":"https:\/\/webdelmaestrocmf.com\/portal\/category\/pedagogia\/competencias\/"},"img":{"alt_text":"","src":"https:\/\/i0.wp.com\/webdelmaestrocmf.com\/portal\/wp-content\/uploads\/2026\/04\/1AA-Banner-1-portada-imagen-10-1-copia-2-6.webp?resize=350%2C200&ssl=1","width":350,"height":200,"srcset":"https:\/\/i0.wp.com\/webdelmaestrocmf.com\/portal\/wp-content\/uploads\/2026\/04\/1AA-Banner-1-portada-imagen-10-1-copia-2-6.webp?resize=350%2C200&ssl=1 1x, https:\/\/i0.wp.com\/webdelmaestrocmf.com\/portal\/wp-content\/uploads\/2026\/04\/1AA-Banner-1-portada-imagen-10-1-copia-2-6.webp?resize=525%2C300&ssl=1 1.5x, https:\/\/i0.wp.com\/webdelmaestrocmf.com\/portal\/wp-content\/uploads\/2026\/04\/1AA-Banner-1-portada-imagen-10-1-copia-2-6.webp?resize=700%2C400&ssl=1 2x, https:\/\/i0.wp.com\/webdelmaestrocmf.com\/portal\/wp-content\/uploads\/2026\/04\/1AA-Banner-1-portada-imagen-10-1-copia-2-6.webp?resize=1050%2C600&ssl=1 3x"},"classes":[]},{"id":100374,"url":"https:\/\/webdelmaestrocmf.com\/portal\/estrategias-y-herramientas-para-evaluacion-formativa\/","url_meta":{"origin":101705,"position":5},"title":"Estrategias y herramientas para evaluaci\u00f3n formativa","author":"Web del Maestro CMF","date":"17 noviembre, 2023","format":false,"excerpt":"La evaluaci\u00f3n formativa se erige como un pilar fundamental en el proceso educativo, siendo una herramienta clave para medir el progreso y guiar el aprendizaje continuo de los estudiantes. Este enfoque va m\u00e1s all\u00e1 de las tradicionales calificaciones, buscando comprender el proceso de aprendizaje y adaptarse en consecuencia usando estrategias\u2026","rel":"","context":"En \u00abEvaluaci\u00f3n formativa\u00bb","block_context":{"text":"Evaluaci\u00f3n formativa","link":"https:\/\/webdelmaestrocmf.com\/portal\/category\/pedagogia\/evaluacion-formativa\/"},"img":{"alt_text":"Estrategias y herramientas evaluaci\u00f3n formativa","src":"https:\/\/i0.wp.com\/webdelmaestrocmf.com\/portal\/wp-content\/uploads\/2023\/11\/A12B3C4D-9-2.jpg?resize=350%2C200&ssl=1","width":350,"height":200,"srcset":"https:\/\/i0.wp.com\/webdelmaestrocmf.com\/portal\/wp-content\/uploads\/2023\/11\/A12B3C4D-9-2.jpg?resize=350%2C200&ssl=1 1x, https:\/\/i0.wp.com\/webdelmaestrocmf.com\/portal\/wp-content\/uploads\/2023\/11\/A12B3C4D-9-2.jpg?resize=525%2C300&ssl=1 1.5x, https:\/\/i0.wp.com\/webdelmaestrocmf.com\/portal\/wp-content\/uploads\/2023\/11\/A12B3C4D-9-2.jpg?resize=700%2C400&ssl=1 2x"},"classes":[]}],"_links":{"self":[{"href":"https:\/\/webdelmaestrocmf.com\/portal\/wp-json\/wp\/v2\/posts\/101705","targetHints":{"allow":["GET"]}}],"collection":[{"href":"https:\/\/webdelmaestrocmf.com\/portal\/wp-json\/wp\/v2\/posts"}],"about":[{"href":"https:\/\/webdelmaestrocmf.com\/portal\/wp-json\/wp\/v2\/types\/post"}],"author":[{"embeddable":true,"href":"https:\/\/webdelmaestrocmf.com\/portal\/wp-json\/wp\/v2\/users\/1"}],"replies":[{"embeddable":true,"href":"https:\/\/webdelmaestrocmf.com\/portal\/wp-json\/wp\/v2\/comments?post=101705"}],"version-history":[{"count":0,"href":"https:\/\/webdelmaestrocmf.com\/portal\/wp-json\/wp\/v2\/posts\/101705\/revisions"}],"wp:featuredmedia":[{"embeddable":true,"href":"https:\/\/webdelmaestrocmf.com\/portal\/wp-json\/wp\/v2\/media\/101712"}],"wp:attachment":[{"href":"https:\/\/webdelmaestrocmf.com\/portal\/wp-json\/wp\/v2\/media?parent=101705"}],"wp:term":[{"taxonomy":"category","embeddable":true,"href":"https:\/\/webdelmaestrocmf.com\/portal\/wp-json\/wp\/v2\/categories?post=101705"},{"taxonomy":"post_tag","embeddable":true,"href":"https:\/\/webdelmaestrocmf.com\/portal\/wp-json\/wp\/v2\/tags?post=101705"}],"curies":[{"name":"wp","href":"https:\/\/api.w.org\/{rel}","templated":true}]}}