{"id":101574,"date":"2023-12-08T23:07:44","date_gmt":"2023-12-09T02:07:44","guid":{"rendered":"https:\/\/webdelmaestrocmf.com\/portal\/?p=101574"},"modified":"2023-12-08T23:15:05","modified_gmt":"2023-12-09T02:15:05","slug":"carlos-gonzalez-la-clave-para-la-educacion-de-los-hijos-es-dedicarles-tiempo","status":"publish","type":"post","link":"https:\/\/webdelmaestrocmf.com\/portal\/carlos-gonzalez-la-clave-para-la-educacion-de-los-hijos-es-dedicarles-tiempo\/","title":{"rendered":"Carlos Gonz\u00e1lez: La clave para la educaci\u00f3n de los hijos es dedicarles tiempo"},"content":{"rendered":"<p style=\"text-align: justify;\"><strong>Carlos Gonz\u00e1lez, renombrado pediatra, prol\u00edfico escritor y l\u00edder de la Asociaci\u00f3n Catalana Pro Lactancia Materna (ACPAM), es una figura influyente que aborda la crianza desde una perspectiva \u00fanica. Con 11 libros publicados y conferencias impartidas en m\u00e1s de veinte pa\u00edses, su enfoque se distancia de las convenciones m\u00e9dicas al sostener que los padres ya poseen la autoridad necesaria para guiar a sus hijos, sin necesidad de reafirmarla constantemente.<\/strong><!--more--><\/p>\n<p style=\"text-align: justify;\">En una charla reciente en las Jornadas de Educaci\u00f3n Infantil del centro Dolores Ramos \u2013 Manuel Peleteiro, Gonz\u00e1lez explor\u00f3 el tema de la autoridad y los l\u00edmites en la crianza. A diferencia de la percepci\u00f3n com\u00fan de que los padres modernos son m\u00e1s laxos en la disciplina, Gonz\u00e1lez argumenta que, parad\u00f3jicamente, los ni\u00f1os de hoy pasan m\u00e1s tiempo separados de sus padres que nunca. Aunque pueden tener m\u00e1s juguetes y dulces, anhelan la conexi\u00f3n emocional y el tiempo de calidad que a menudo se ve comprometido.<\/p>\n<p>Art\u00edculo relacionado: <a href=\"https:\/\/webdelmaestrocmf.com\/portal\/10-reglas-de-crianza-que-distinguen-una-familia-sabia-de-una-familia-comun\/\" target=\"_top\" rel=\"noopener\">10 reglas de crianza que distinguen una familia sabia de una familia com\u00fan<\/a><\/p>\n<p style=\"text-align: justify;\">En cuanto a la noci\u00f3n del \u00abpadre perfecto\u00bb, Gonz\u00e1lez desestima la idea, enfatizando que no hay un modelo \u00fanico y que, en general, si los ni\u00f1os est\u00e1n prosperando, es probable que los padres est\u00e9n haciendo muchas cosas bien. La clave, seg\u00fan \u00e9l, es dedicar tiempo a los hijos, ya que la crianza no tiene reglas fijas, y cada familia puede encontrar su propio camino.<\/p>\n<p><img loading=\"lazy\" decoding=\"async\" class=\"alignnone wp-image-101578 size-full\" src=\"https:\/\/webdelmaestrocmf.com\/portal\/wp-content\/uploads\/2023\/12\/A12B3C4D-22.jpg\" alt=\"Carlos Gonz\u00e1lez\" width=\"900\" height=\"556\" srcset=\"https:\/\/webdelmaestrocmf.com\/portal\/wp-content\/uploads\/2023\/12\/A12B3C4D-22.jpg 900w, https:\/\/webdelmaestrocmf.com\/portal\/wp-content\/uploads\/2023\/12\/A12B3C4D-22-300x185.jpg 300w, https:\/\/webdelmaestrocmf.com\/portal\/wp-content\/uploads\/2023\/12\/A12B3C4D-22-768x474.jpg 768w, https:\/\/webdelmaestrocmf.com\/portal\/wp-content\/uploads\/2023\/12\/A12B3C4D-22-380x235.jpg 380w, https:\/\/webdelmaestrocmf.com\/portal\/wp-content\/uploads\/2023\/12\/A12B3C4D-22-550x340.jpg 550w, https:\/\/webdelmaestrocmf.com\/portal\/wp-content\/uploads\/2023\/12\/A12B3C4D-22-800x494.jpg 800w\" sizes=\"auto, (max-width: 900px) 100vw, 900px\" \/><\/p>\n<p style=\"text-align: justify;\">Respecto a la imposici\u00f3n de l\u00edmites, Gonz\u00e1lez destaca la existencia de l\u00edmites naturales y espont\u00e1neos inherentes a la vida, como la incapacidad de un ni\u00f1o para volar. Sin embargo, advierte contra la creciente preocupaci\u00f3n de establecer l\u00edmites excesivos, argumentando que los padres ya han establecido los l\u00edmites esenciales y que los dem\u00e1s pueden ser irracionales.<\/p>\n<p style=\"text-align: justify;\">En cuanto a la autoridad, Gonz\u00e1lez espera que no se base en el miedo a represalias. Cree que los ni\u00f1os est\u00e1n deseando obedecer a sus padres y que el miedo como motivador no es saludable para la relaci\u00f3n entre padres e hijos.<\/p>\n<p style=\"text-align: justify;\">En el \u00e1mbito de las prohibiciones, Gonz\u00e1lez respalda la idea de que premios y castigos no son efectivos para modificar el comportamiento humano, ya que esto puede matar el deseo intr\u00ednseco de aprender o realizar tareas.<\/p>\n<p style=\"text-align: justify;\">En \u00faltima instancia, Gonz\u00e1lez desaf\u00eda la noci\u00f3n de un modelo educativo \u00abmejor\u00bb en el pasado, destacando que tanto en la actualidad como en \u00e9pocas anteriores, existen casos de maltrato infantil y de ni\u00f1os tratados con amor y respeto. Adem\u00e1s, aboga por la normalizaci\u00f3n de las muestras de afecto entre padres e hijos, argumentando que penalizar el afecto puede afectar negativamente las relaciones familiares.<\/p>\n<p><strong>Si desea ampliar la infromaci\u00f3n, puede hacerl en el siguiente enlace: <a href=\"https:\/\/www.farodevigo.es\/faroeduca\/2023\/11\/29\/carlos-gonzalez-clave-educacion-hijos-95231860.html\" target=\"_blank\" rel=\"noopener\">farodevigo.es<\/a><\/strong><\/p>\n","protected":false},"excerpt":{"rendered":"Carlos Gonz\u00e1lez, renombrado pediatra, prol\u00edfico escritor y l\u00edder de la Asociaci\u00f3n Catalana Pro Lactancia Materna (ACPAM), es una&hellip;","protected":false},"author":1,"featured_media":101579,"comment_status":"open","ping_status":"closed","sticky":false,"template":"","format":"standard","meta":{"csco_display_header_overlay":false,"csco_singular_sidebar":"disabled","csco_page_header_type":"large","csco_page_load_nextpost":"","csco_post_video_location":[],"csco_post_video_location_hash":"","csco_post_video_url":"","csco_post_video_bg_start_time":0,"csco_post_video_bg_end_time":0,"csco_post_video_bg_volume":false,"_jetpack_memberships_contains_paid_content":false,"footnotes":""},"categories":[48,47],"tags":[23275,275,23276,55,311,2950],"class_list":{"0":"post-101574","1":"post","2":"type-post","3":"status-publish","4":"format-standard","5":"has-post-thumbnail","7":"category-entrevistas","8":"category-noticias","9":"tag-carlos-gonzalez","10":"tag-clave","11":"tag-dedicarles","12":"tag-educacion","13":"tag-hijos","14":"tag-tiempo","15":"cs-entry","16":"cs-video-wrap"},"yoast_head":"<!-- This site is optimized with the Yoast SEO plugin v27.5 - https:\/\/yoast.com\/product\/yoast-seo-wordpress\/ -->\n<title>Carlos Gonz\u00e1lez: La clave para la educaci\u00f3n de los hijos es dedicarles tiempo - 2026<\/title>\n<meta name=\"description\" content=\"Conozca el enfoque \u00fanico de Carlos Gonz\u00e1lez sobre crianza de ni\u00f1os, disipando el mito de una generaci\u00f3n modernde padres laxos\" \/>\n<meta name=\"robots\" content=\"index, follow, max-snippet:-1, max-image-preview:large, max-video-preview:-1\" \/>\n<link rel=\"canonical\" href=\"https:\/\/webdelmaestrocmf.com\/portal\/carlos-gonzalez-la-clave-para-la-educacion-de-los-hijos-es-dedicarles-tiempo\/\" \/>\n<meta property=\"og:locale\" content=\"es_ES\" \/>\n<meta property=\"og:type\" content=\"article\" \/>\n<meta property=\"og:title\" content=\"Carlos Gonz\u00e1lez: La clave para la educaci\u00f3n de los hijos es dedicarles tiempo - 2026\" \/>\n<meta property=\"og:description\" content=\"Conozca el enfoque \u00fanico de Carlos Gonz\u00e1lez sobre crianza de ni\u00f1os, disipando el mito de una generaci\u00f3n modernde padres laxos\" \/>\n<meta property=\"og:url\" content=\"https:\/\/webdelmaestrocmf.com\/portal\/carlos-gonzalez-la-clave-para-la-educacion-de-los-hijos-es-dedicarles-tiempo\/\" \/>\n<meta property=\"og:site_name\" content=\"Web del Maestro CMF\" \/>\n<meta property=\"article:publisher\" content=\"https:\/\/www.facebook.com\/WebdelMaestroCMF\/\" \/>\n<meta property=\"article:author\" content=\"https:\/\/www.facebook.com\/WebdelMaestroCMF\/\" \/>\n<meta property=\"article:published_time\" content=\"2023-12-09T02:07:44+00:00\" \/>\n<meta property=\"article:modified_time\" content=\"2023-12-09T02:15:05+00:00\" \/>\n<meta property=\"og:image\" content=\"https:\/\/webdelmaestrocmf.com\/portal\/wp-content\/uploads\/2023\/12\/A12B3C4D-23.jpg\" \/>\n\t<meta property=\"og:image:width\" content=\"900\" \/>\n\t<meta property=\"og:image:height\" content=\"556\" \/>\n\t<meta property=\"og:image:type\" content=\"image\/jpeg\" \/>\n<meta name=\"author\" content=\"Web del Maestro CMF\" \/>\n<meta name=\"twitter:card\" content=\"summary_large_image\" \/>\n<meta name=\"twitter:creator\" content=\"@cmf_w\" \/>\n<meta name=\"twitter:site\" content=\"@cmf_w\" \/>\n<script type=\"application\/ld+json\" class=\"yoast-schema-graph\">{\"@context\":\"https:\\\/\\\/schema.org\",\"@graph\":[{\"@type\":\"ScholarlyArticle\",\"@id\":\"https:\\\/\\\/webdelmaestrocmf.com\\\/portal\\\/carlos-gonzalez-la-clave-para-la-educacion-de-los-hijos-es-dedicarles-tiempo\\\/#article\",\"isPartOf\":{\"@id\":\"https:\\\/\\\/webdelmaestrocmf.com\\\/portal\\\/carlos-gonzalez-la-clave-para-la-educacion-de-los-hijos-es-dedicarles-tiempo\\\/\"},\"author\":{\"name\":\"Web del Maestro CMF\",\"@id\":\"https:\\\/\\\/webdelmaestrocmf.com\\\/portal\\\/#\\\/schema\\\/person\\\/1072a2ed7bd960df8ef99a551fa35dc5\"},\"headline\":\"Carlos Gonz\u00e1lez: La clave para la educaci\u00f3n de los hijos es dedicarles tiempo\",\"datePublished\":\"2023-12-09T02:07:44+00:00\",\"dateModified\":\"2023-12-09T02:15:05+00:00\",\"mainEntityOfPage\":{\"@id\":\"https:\\\/\\\/webdelmaestrocmf.com\\\/portal\\\/carlos-gonzalez-la-clave-para-la-educacion-de-los-hijos-es-dedicarles-tiempo\\\/\"},\"wordCount\":504,\"commentCount\":0,\"publisher\":{\"@id\":\"https:\\\/\\\/webdelmaestrocmf.com\\\/portal\\\/#organization\"},\"image\":{\"@id\":\"https:\\\/\\\/webdelmaestrocmf.com\\\/portal\\\/carlos-gonzalez-la-clave-para-la-educacion-de-los-hijos-es-dedicarles-tiempo\\\/#primaryimage\"},\"thumbnailUrl\":\"https:\\\/\\\/webdelmaestrocmf.com\\\/portal\\\/wp-content\\\/uploads\\\/2023\\\/12\\\/A12B3C4D-23.jpg\",\"keywords\":[\"Carlos Gonz\u00e1lez\",\"CLAVE\",\"dedicarles\",\"EDUCACI\u00d3N\",\"hijos\",\"TIEMPO\"],\"articleSection\":[\"Entrevistas\",\"Noticias\"],\"inLanguage\":\"es\",\"potentialAction\":[{\"@type\":\"CommentAction\",\"name\":\"Comment\",\"target\":[\"https:\\\/\\\/webdelmaestrocmf.com\\\/portal\\\/carlos-gonzalez-la-clave-para-la-educacion-de-los-hijos-es-dedicarles-tiempo\\\/#respond\"]}]},{\"@type\":\"WebPage\",\"@id\":\"https:\\\/\\\/webdelmaestrocmf.com\\\/portal\\\/carlos-gonzalez-la-clave-para-la-educacion-de-los-hijos-es-dedicarles-tiempo\\\/\",\"url\":\"https:\\\/\\\/webdelmaestrocmf.com\\\/portal\\\/carlos-gonzalez-la-clave-para-la-educacion-de-los-hijos-es-dedicarles-tiempo\\\/\",\"name\":\"Carlos Gonz\u00e1lez: La clave para la educaci\u00f3n de los hijos es dedicarles tiempo - 2026\",\"isPartOf\":{\"@id\":\"https:\\\/\\\/webdelmaestrocmf.com\\\/portal\\\/#website\"},\"primaryImageOfPage\":{\"@id\":\"https:\\\/\\\/webdelmaestrocmf.com\\\/portal\\\/carlos-gonzalez-la-clave-para-la-educacion-de-los-hijos-es-dedicarles-tiempo\\\/#primaryimage\"},\"image\":{\"@id\":\"https:\\\/\\\/webdelmaestrocmf.com\\\/portal\\\/carlos-gonzalez-la-clave-para-la-educacion-de-los-hijos-es-dedicarles-tiempo\\\/#primaryimage\"},\"thumbnailUrl\":\"https:\\\/\\\/webdelmaestrocmf.com\\\/portal\\\/wp-content\\\/uploads\\\/2023\\\/12\\\/A12B3C4D-23.jpg\",\"datePublished\":\"2023-12-09T02:07:44+00:00\",\"dateModified\":\"2023-12-09T02:15:05+00:00\",\"description\":\"Conozca el enfoque \u00fanico de Carlos Gonz\u00e1lez sobre crianza de ni\u00f1os, disipando el mito de una generaci\u00f3n modernde padres laxos\",\"breadcrumb\":{\"@id\":\"https:\\\/\\\/webdelmaestrocmf.com\\\/portal\\\/carlos-gonzalez-la-clave-para-la-educacion-de-los-hijos-es-dedicarles-tiempo\\\/#breadcrumb\"},\"inLanguage\":\"es\",\"potentialAction\":[{\"@type\":\"ReadAction\",\"target\":[\"https:\\\/\\\/webdelmaestrocmf.com\\\/portal\\\/carlos-gonzalez-la-clave-para-la-educacion-de-los-hijos-es-dedicarles-tiempo\\\/\"]}]},{\"@type\":\"ImageObject\",\"inLanguage\":\"es\",\"@id\":\"https:\\\/\\\/webdelmaestrocmf.com\\\/portal\\\/carlos-gonzalez-la-clave-para-la-educacion-de-los-hijos-es-dedicarles-tiempo\\\/#primaryimage\",\"url\":\"https:\\\/\\\/webdelmaestrocmf.com\\\/portal\\\/wp-content\\\/uploads\\\/2023\\\/12\\\/A12B3C4D-23.jpg\",\"contentUrl\":\"https:\\\/\\\/webdelmaestrocmf.com\\\/portal\\\/wp-content\\\/uploads\\\/2023\\\/12\\\/A12B3C4D-23.jpg\",\"width\":900,\"height\":556,\"caption\":\"Carlos Gonz\u00e1lez\"},{\"@type\":\"BreadcrumbList\",\"@id\":\"https:\\\/\\\/webdelmaestrocmf.com\\\/portal\\\/carlos-gonzalez-la-clave-para-la-educacion-de-los-hijos-es-dedicarles-tiempo\\\/#breadcrumb\",\"itemListElement\":[{\"@type\":\"ListItem\",\"position\":1,\"name\":\"Portada\",\"item\":\"https:\\\/\\\/webdelmaestrocmf.com\\\/portal\\\/\"},{\"@type\":\"ListItem\",\"position\":2,\"name\":\"Noticias\",\"item\":\"https:\\\/\\\/webdelmaestrocmf.com\\\/portal\\\/category\\\/noticias\\\/\"},{\"@type\":\"ListItem\",\"position\":3,\"name\":\"Carlos Gonz\u00e1lez: La clave para la educaci\u00f3n de los hijos es dedicarles tiempo\"}]},{\"@type\":\"WebSite\",\"@id\":\"https:\\\/\\\/webdelmaestrocmf.com\\\/portal\\\/#website\",\"url\":\"https:\\\/\\\/webdelmaestrocmf.com\\\/portal\\\/\",\"name\":\"Web del Maestro CMF\",\"description\":\"Maestros al servicio de la educaci\u00f3n\",\"publisher\":{\"@id\":\"https:\\\/\\\/webdelmaestrocmf.com\\\/portal\\\/#organization\"},\"alternateName\":\"WMCMF\",\"potentialAction\":[{\"@type\":\"SearchAction\",\"target\":{\"@type\":\"EntryPoint\",\"urlTemplate\":\"https:\\\/\\\/webdelmaestrocmf.com\\\/portal\\\/?s={search_term_string}\"},\"query-input\":{\"@type\":\"PropertyValueSpecification\",\"valueRequired\":true,\"valueName\":\"search_term_string\"}}],\"inLanguage\":\"es\"},{\"@type\":\"Organization\",\"@id\":\"https:\\\/\\\/webdelmaestrocmf.com\\\/portal\\\/#organization\",\"name\":\"Web del Maestro CMF\",\"alternateName\":\"WMCMF\",\"url\":\"https:\\\/\\\/webdelmaestrocmf.com\\\/portal\\\/\",\"logo\":{\"@type\":\"ImageObject\",\"inLanguage\":\"es\",\"@id\":\"https:\\\/\\\/webdelmaestrocmf.com\\\/portal\\\/#\\\/schema\\\/logo\\\/image\\\/\",\"url\":\"https:\\\/\\\/webdelmaestrocmf.com\\\/portal\\\/wp-content\\\/uploads\\\/2023\\\/01\\\/logo-wmcmf-2.png\",\"contentUrl\":\"https:\\\/\\\/webdelmaestrocmf.com\\\/portal\\\/wp-content\\\/uploads\\\/2023\\\/01\\\/logo-wmcmf-2.png\",\"width\":200,\"height\":60,\"caption\":\"Web del Maestro CMF\"},\"image\":{\"@id\":\"https:\\\/\\\/webdelmaestrocmf.com\\\/portal\\\/#\\\/schema\\\/logo\\\/image\\\/\"},\"sameAs\":[\"https:\\\/\\\/www.facebook.com\\\/WebdelMaestroCMF\\\/\",\"https:\\\/\\\/x.com\\\/cmf_w\",\"https:\\\/\\\/www.pinterest.com\\\/WMCMF\\\/\",\"https:\\\/\\\/www.linkedin.com\\\/company\\\/web-del-maestro-cmf\\\/\",\"https:\\\/\\\/www.instagram.com\\\/wmcmf\\\/\",\"https:\\\/\\\/www.youtube.com\\\/channel\\\/UCDPSvjbdodE5sHnC3OxutHw\",\"https:\\\/\\\/mastodon.social\\\/@wmcmf\",\"https:\\\/\\\/www.tiktok.com\\\/@webdelmaestrocmf\"]},{\"@type\":\"Person\",\"@id\":\"https:\\\/\\\/webdelmaestrocmf.com\\\/portal\\\/#\\\/schema\\\/person\\\/1072a2ed7bd960df8ef99a551fa35dc5\",\"name\":\"Web del Maestro CMF\",\"image\":{\"@type\":\"ImageObject\",\"inLanguage\":\"es\",\"@id\":\"https:\\\/\\\/secure.gravatar.com\\\/avatar\\\/23291dd5b5ae1077dcff3dbb04c3e02bd28403fa75af6d8787d5e97c5bbbe30b?s=96&d=mm&r=g\",\"url\":\"https:\\\/\\\/secure.gravatar.com\\\/avatar\\\/23291dd5b5ae1077dcff3dbb04c3e02bd28403fa75af6d8787d5e97c5bbbe30b?s=96&d=mm&r=g\",\"contentUrl\":\"https:\\\/\\\/secure.gravatar.com\\\/avatar\\\/23291dd5b5ae1077dcff3dbb04c3e02bd28403fa75af6d8787d5e97c5bbbe30b?s=96&d=mm&r=g\",\"caption\":\"Web del Maestro CMF\"},\"description\":\"Esta Web se cre\u00f3 sin fines de lucro, con fines educativos, cient\u00edficos y acad\u00e9micos, para personas que tengan dificultades y\\\/o inconvenientes en visualizar el material original. El objetivo es entregar recursos, compartir experiencias y materiales que ayuden a los padres de familia, maestros y estudiantes en su actualizaci\u00f3n y formaci\u00f3n permanente, en bien de la Educaci\u00f3n.\",\"sameAs\":[\"http:\\\/\\\/webdelmaestrocmf.com\\\/portal\",\"https:\\\/\\\/www.facebook.com\\\/WebdelMaestroCMF\\\/\",\"https:\\\/\\\/www.instagram.com\\\/wmcmf\\\/\",\"https:\\\/\\\/cl.linkedin.com\\\/company\\\/web-del-maestro-cmf\",\"https:\\\/\\\/www.pinterest.com\\\/WMCMF\\\/publicaciones\\\/\",\"https:\\\/\\\/x.com\\\/cmf_w\",\"https:\\\/\\\/www.youtube.com\\\/@WMCMF\"]}]}<\/script>\n<!-- \/ Yoast SEO plugin. -->","yoast_head_json":{"title":"Carlos Gonz\u00e1lez: La clave para la educaci\u00f3n de los hijos es dedicarles tiempo - 2026","description":"Conozca el enfoque \u00fanico de Carlos Gonz\u00e1lez sobre crianza de ni\u00f1os, disipando el mito de una generaci\u00f3n modernde padres laxos","robots":{"index":"index","follow":"follow","max-snippet":"max-snippet:-1","max-image-preview":"max-image-preview:large","max-video-preview":"max-video-preview:-1"},"canonical":"https:\/\/webdelmaestrocmf.com\/portal\/carlos-gonzalez-la-clave-para-la-educacion-de-los-hijos-es-dedicarles-tiempo\/","og_locale":"es_ES","og_type":"article","og_title":"Carlos Gonz\u00e1lez: La clave para la educaci\u00f3n de los hijos es dedicarles tiempo - 2026","og_description":"Conozca el enfoque \u00fanico de Carlos Gonz\u00e1lez sobre crianza de ni\u00f1os, disipando el mito de una generaci\u00f3n modernde padres laxos","og_url":"https:\/\/webdelmaestrocmf.com\/portal\/carlos-gonzalez-la-clave-para-la-educacion-de-los-hijos-es-dedicarles-tiempo\/","og_site_name":"Web del Maestro CMF","article_publisher":"https:\/\/www.facebook.com\/WebdelMaestroCMF\/","article_author":"https:\/\/www.facebook.com\/WebdelMaestroCMF\/","article_published_time":"2023-12-09T02:07:44+00:00","article_modified_time":"2023-12-09T02:15:05+00:00","og_image":[{"width":900,"height":556,"url":"https:\/\/webdelmaestrocmf.com\/portal\/wp-content\/uploads\/2023\/12\/A12B3C4D-23.jpg","type":"image\/jpeg"}],"author":"Web del Maestro CMF","twitter_card":"summary_large_image","twitter_creator":"@cmf_w","twitter_site":"@cmf_w","schema":{"@context":"https:\/\/schema.org","@graph":[{"@type":"ScholarlyArticle","@id":"https:\/\/webdelmaestrocmf.com\/portal\/carlos-gonzalez-la-clave-para-la-educacion-de-los-hijos-es-dedicarles-tiempo\/#article","isPartOf":{"@id":"https:\/\/webdelmaestrocmf.com\/portal\/carlos-gonzalez-la-clave-para-la-educacion-de-los-hijos-es-dedicarles-tiempo\/"},"author":{"name":"Web del Maestro CMF","@id":"https:\/\/webdelmaestrocmf.com\/portal\/#\/schema\/person\/1072a2ed7bd960df8ef99a551fa35dc5"},"headline":"Carlos Gonz\u00e1lez: La clave para la educaci\u00f3n de los hijos es dedicarles tiempo","datePublished":"2023-12-09T02:07:44+00:00","dateModified":"2023-12-09T02:15:05+00:00","mainEntityOfPage":{"@id":"https:\/\/webdelmaestrocmf.com\/portal\/carlos-gonzalez-la-clave-para-la-educacion-de-los-hijos-es-dedicarles-tiempo\/"},"wordCount":504,"commentCount":0,"publisher":{"@id":"https:\/\/webdelmaestrocmf.com\/portal\/#organization"},"image":{"@id":"https:\/\/webdelmaestrocmf.com\/portal\/carlos-gonzalez-la-clave-para-la-educacion-de-los-hijos-es-dedicarles-tiempo\/#primaryimage"},"thumbnailUrl":"https:\/\/webdelmaestrocmf.com\/portal\/wp-content\/uploads\/2023\/12\/A12B3C4D-23.jpg","keywords":["Carlos Gonz\u00e1lez","CLAVE","dedicarles","EDUCACI\u00d3N","hijos","TIEMPO"],"articleSection":["Entrevistas","Noticias"],"inLanguage":"es","potentialAction":[{"@type":"CommentAction","name":"Comment","target":["https:\/\/webdelmaestrocmf.com\/portal\/carlos-gonzalez-la-clave-para-la-educacion-de-los-hijos-es-dedicarles-tiempo\/#respond"]}]},{"@type":"WebPage","@id":"https:\/\/webdelmaestrocmf.com\/portal\/carlos-gonzalez-la-clave-para-la-educacion-de-los-hijos-es-dedicarles-tiempo\/","url":"https:\/\/webdelmaestrocmf.com\/portal\/carlos-gonzalez-la-clave-para-la-educacion-de-los-hijos-es-dedicarles-tiempo\/","name":"Carlos Gonz\u00e1lez: La clave para la educaci\u00f3n de los hijos es dedicarles tiempo - 2026","isPartOf":{"@id":"https:\/\/webdelmaestrocmf.com\/portal\/#website"},"primaryImageOfPage":{"@id":"https:\/\/webdelmaestrocmf.com\/portal\/carlos-gonzalez-la-clave-para-la-educacion-de-los-hijos-es-dedicarles-tiempo\/#primaryimage"},"image":{"@id":"https:\/\/webdelmaestrocmf.com\/portal\/carlos-gonzalez-la-clave-para-la-educacion-de-los-hijos-es-dedicarles-tiempo\/#primaryimage"},"thumbnailUrl":"https:\/\/webdelmaestrocmf.com\/portal\/wp-content\/uploads\/2023\/12\/A12B3C4D-23.jpg","datePublished":"2023-12-09T02:07:44+00:00","dateModified":"2023-12-09T02:15:05+00:00","description":"Conozca el enfoque \u00fanico de Carlos Gonz\u00e1lez sobre crianza de ni\u00f1os, disipando el mito de una generaci\u00f3n modernde padres laxos","breadcrumb":{"@id":"https:\/\/webdelmaestrocmf.com\/portal\/carlos-gonzalez-la-clave-para-la-educacion-de-los-hijos-es-dedicarles-tiempo\/#breadcrumb"},"inLanguage":"es","potentialAction":[{"@type":"ReadAction","target":["https:\/\/webdelmaestrocmf.com\/portal\/carlos-gonzalez-la-clave-para-la-educacion-de-los-hijos-es-dedicarles-tiempo\/"]}]},{"@type":"ImageObject","inLanguage":"es","@id":"https:\/\/webdelmaestrocmf.com\/portal\/carlos-gonzalez-la-clave-para-la-educacion-de-los-hijos-es-dedicarles-tiempo\/#primaryimage","url":"https:\/\/webdelmaestrocmf.com\/portal\/wp-content\/uploads\/2023\/12\/A12B3C4D-23.jpg","contentUrl":"https:\/\/webdelmaestrocmf.com\/portal\/wp-content\/uploads\/2023\/12\/A12B3C4D-23.jpg","width":900,"height":556,"caption":"Carlos Gonz\u00e1lez"},{"@type":"BreadcrumbList","@id":"https:\/\/webdelmaestrocmf.com\/portal\/carlos-gonzalez-la-clave-para-la-educacion-de-los-hijos-es-dedicarles-tiempo\/#breadcrumb","itemListElement":[{"@type":"ListItem","position":1,"name":"Portada","item":"https:\/\/webdelmaestrocmf.com\/portal\/"},{"@type":"ListItem","position":2,"name":"Noticias","item":"https:\/\/webdelmaestrocmf.com\/portal\/category\/noticias\/"},{"@type":"ListItem","position":3,"name":"Carlos Gonz\u00e1lez: La clave para la educaci\u00f3n de los hijos es dedicarles tiempo"}]},{"@type":"WebSite","@id":"https:\/\/webdelmaestrocmf.com\/portal\/#website","url":"https:\/\/webdelmaestrocmf.com\/portal\/","name":"Web del Maestro CMF","description":"Maestros al servicio de la educaci\u00f3n","publisher":{"@id":"https:\/\/webdelmaestrocmf.com\/portal\/#organization"},"alternateName":"WMCMF","potentialAction":[{"@type":"SearchAction","target":{"@type":"EntryPoint","urlTemplate":"https:\/\/webdelmaestrocmf.com\/portal\/?s={search_term_string}"},"query-input":{"@type":"PropertyValueSpecification","valueRequired":true,"valueName":"search_term_string"}}],"inLanguage":"es"},{"@type":"Organization","@id":"https:\/\/webdelmaestrocmf.com\/portal\/#organization","name":"Web del Maestro CMF","alternateName":"WMCMF","url":"https:\/\/webdelmaestrocmf.com\/portal\/","logo":{"@type":"ImageObject","inLanguage":"es","@id":"https:\/\/webdelmaestrocmf.com\/portal\/#\/schema\/logo\/image\/","url":"https:\/\/webdelmaestrocmf.com\/portal\/wp-content\/uploads\/2023\/01\/logo-wmcmf-2.png","contentUrl":"https:\/\/webdelmaestrocmf.com\/portal\/wp-content\/uploads\/2023\/01\/logo-wmcmf-2.png","width":200,"height":60,"caption":"Web del Maestro CMF"},"image":{"@id":"https:\/\/webdelmaestrocmf.com\/portal\/#\/schema\/logo\/image\/"},"sameAs":["https:\/\/www.facebook.com\/WebdelMaestroCMF\/","https:\/\/x.com\/cmf_w","https:\/\/www.pinterest.com\/WMCMF\/","https:\/\/www.linkedin.com\/company\/web-del-maestro-cmf\/","https:\/\/www.instagram.com\/wmcmf\/","https:\/\/www.youtube.com\/channel\/UCDPSvjbdodE5sHnC3OxutHw","https:\/\/mastodon.social\/@wmcmf","https:\/\/www.tiktok.com\/@webdelmaestrocmf"]},{"@type":"Person","@id":"https:\/\/webdelmaestrocmf.com\/portal\/#\/schema\/person\/1072a2ed7bd960df8ef99a551fa35dc5","name":"Web del Maestro CMF","image":{"@type":"ImageObject","inLanguage":"es","@id":"https:\/\/secure.gravatar.com\/avatar\/23291dd5b5ae1077dcff3dbb04c3e02bd28403fa75af6d8787d5e97c5bbbe30b?s=96&d=mm&r=g","url":"https:\/\/secure.gravatar.com\/avatar\/23291dd5b5ae1077dcff3dbb04c3e02bd28403fa75af6d8787d5e97c5bbbe30b?s=96&d=mm&r=g","contentUrl":"https:\/\/secure.gravatar.com\/avatar\/23291dd5b5ae1077dcff3dbb04c3e02bd28403fa75af6d8787d5e97c5bbbe30b?s=96&d=mm&r=g","caption":"Web del Maestro CMF"},"description":"Esta Web se cre\u00f3 sin fines de lucro, con fines educativos, cient\u00edficos y acad\u00e9micos, para personas que tengan dificultades y\/o inconvenientes en visualizar el material original. El objetivo es entregar recursos, compartir experiencias y materiales que ayuden a los padres de familia, maestros y estudiantes en su actualizaci\u00f3n y formaci\u00f3n permanente, en bien de la Educaci\u00f3n.","sameAs":["http:\/\/webdelmaestrocmf.com\/portal","https:\/\/www.facebook.com\/WebdelMaestroCMF\/","https:\/\/www.instagram.com\/wmcmf\/","https:\/\/cl.linkedin.com\/company\/web-del-maestro-cmf","https:\/\/www.pinterest.com\/WMCMF\/publicaciones\/","https:\/\/x.com\/cmf_w","https:\/\/www.youtube.com\/@WMCMF"]}]}},"jetpack_featured_media_url":"https:\/\/webdelmaestrocmf.com\/portal\/wp-content\/uploads\/2023\/12\/A12B3C4D-23.jpg","jetpack_sharing_enabled":true,"jetpack-related-posts":[{"id":67009,"url":"https:\/\/webdelmaestrocmf.com\/portal\/ernesto-gonzalez-mi-papa-nos-atiende\/","url_meta":{"origin":101574,"position":0},"title":"[Ernesto Gonz\u00e1lez] \u00bfMi pap\u00e1 nos atiende?","author":"Web del Maestro CMF","date":"24 agosto, 2021","format":false,"excerpt":"A veces, en ciertas ocasiones es frecuente o\u00edr a los hijos comentarios como: \u00a1Mi padre llega muy tarde a casa por las noches!; \u00a1Mi padre no ha podido firmarme las notas en el bolet\u00edn!; \u00a1Profe, mi padre me dice que \u00e9l no tiene tiempo de ayudarme con las tareas que\u2026","rel":"","context":"En \u00abZ-Colaboradores\u00bb","block_context":{"text":"Z-Colaboradores","link":"https:\/\/webdelmaestrocmf.com\/portal\/category\/colaborador\/"},"img":{"alt_text":"","src":"https:\/\/i0.wp.com\/webdelmaestrocmf.com\/portal\/wp-content\/uploads\/2021\/08\/1-163.jpg?resize=350%2C200&ssl=1","width":350,"height":200,"srcset":"https:\/\/i0.wp.com\/webdelmaestrocmf.com\/portal\/wp-content\/uploads\/2021\/08\/1-163.jpg?resize=350%2C200&ssl=1 1x, https:\/\/i0.wp.com\/webdelmaestrocmf.com\/portal\/wp-content\/uploads\/2021\/08\/1-163.jpg?resize=525%2C300&ssl=1 1.5x, https:\/\/i0.wp.com\/webdelmaestrocmf.com\/portal\/wp-content\/uploads\/2021\/08\/1-163.jpg?resize=700%2C400&ssl=1 2x, https:\/\/i0.wp.com\/webdelmaestrocmf.com\/portal\/wp-content\/uploads\/2021\/08\/1-163.jpg?resize=1050%2C600&ssl=1 3x"},"classes":[]},{"id":7314,"url":"https:\/\/webdelmaestrocmf.com\/portal\/como-ser-un-papa-activo-afectivo-y-corresponsable\/","url_meta":{"origin":101574,"position":1},"title":"Un pap\u00e1 responsable, afectivo, activo y con tiempo, \u00bfC\u00f3mo ayuda en la educaci\u00f3n de su hijo?","author":"Web del Maestro CMF","date":"14 octubre, 2024","format":false,"excerpt":"Se cre\u00eda que la crianza de los hijos e hijas no era cuesti\u00f3n de hombres, con los a\u00f1os esto ha cambiado para bien. Ser padre es mucho m\u00e1s que solo procrear. Durante muchos siglos y hasta hace pocos a\u00f1os, el pap\u00e1 no se involucraba en tareas dom\u00e9sticas, pues ello no\u2026","rel":"","context":"En \u00abBienestar Familiar\u00bb","block_context":{"text":"Bienestar Familiar","link":"https:\/\/webdelmaestrocmf.com\/portal\/category\/pedagogia\/bienestar-familiar\/"},"img":{"alt_text":"","src":"https:\/\/i0.wp.com\/webdelmaestrocmf.com\/portal\/wp-content\/uploads\/2016\/06\/Banner-1-portada-imagen-10-1-35.jpg?resize=350%2C200&ssl=1","width":350,"height":200,"srcset":"https:\/\/i0.wp.com\/webdelmaestrocmf.com\/portal\/wp-content\/uploads\/2016\/06\/Banner-1-portada-imagen-10-1-35.jpg?resize=350%2C200&ssl=1 1x, https:\/\/i0.wp.com\/webdelmaestrocmf.com\/portal\/wp-content\/uploads\/2016\/06\/Banner-1-portada-imagen-10-1-35.jpg?resize=525%2C300&ssl=1 1.5x, https:\/\/i0.wp.com\/webdelmaestrocmf.com\/portal\/wp-content\/uploads\/2016\/06\/Banner-1-portada-imagen-10-1-35.jpg?resize=700%2C400&ssl=1 2x"},"classes":[]},{"id":35550,"url":"https:\/\/webdelmaestrocmf.com\/portal\/ernesto-gonzalez-inquieto-o-hiperactivo\/","url_meta":{"origin":101574,"position":2},"title":"[ERNESTO GONZ\u00c1LEZ] \u00bfINQUIETO O HIPERACTIVO?","author":"Web del Maestro CMF","date":"8 marzo, 2019","format":false,"excerpt":"No deja de moverse en la silla, tarda una eternidad en hacer los deberes, se distrae por tonter\u00edas, he de estar constantemente a su lado, he de repetir la misma orden cinco veces para que obedezca (si es que obedece) ... \u00bfte suenan estas quejas? La mayor\u00eda de padres y\u2026","rel":"","context":"En \u00abZ-Colaboradores\u00bb","block_context":{"text":"Z-Colaboradores","link":"https:\/\/webdelmaestrocmf.com\/portal\/category\/colaborador\/"},"img":{"alt_text":"","src":"https:\/\/i0.wp.com\/webdelmaestrocmf.com\/portal\/wp-content\/uploads\/2019\/03\/1-19.jpg?resize=350%2C200&ssl=1","width":350,"height":200,"srcset":"https:\/\/i0.wp.com\/webdelmaestrocmf.com\/portal\/wp-content\/uploads\/2019\/03\/1-19.jpg?resize=350%2C200&ssl=1 1x, https:\/\/i0.wp.com\/webdelmaestrocmf.com\/portal\/wp-content\/uploads\/2019\/03\/1-19.jpg?resize=525%2C300&ssl=1 1.5x, https:\/\/i0.wp.com\/webdelmaestrocmf.com\/portal\/wp-content\/uploads\/2019\/03\/1-19.jpg?resize=700%2C400&ssl=1 2x, https:\/\/i0.wp.com\/webdelmaestrocmf.com\/portal\/wp-content\/uploads\/2019\/03\/1-19.jpg?resize=1050%2C600&ssl=1 3x"},"classes":[]},{"id":43483,"url":"https:\/\/webdelmaestrocmf.com\/portal\/ernesto-gonzalez-debo-participar-en-las-actividades-de-la-escuela-iiparte\/","url_meta":{"origin":101574,"position":3},"title":"[Ernesto Gonz\u00e1lez] \u00bfDebo participar en las actividades de la escuela? (II parte)","author":"Web del Maestro CMF","date":"15 enero, 2020","format":false,"excerpt":"La semana anterior hicimos referencia a algunas actividades posibles a realizar por el centro en aras de incorporar a padres y madres como parte de la vida del centro. Hoy analizaremos otras. Citar a los padres de forma individual para hablar particularmente sobre su hijo, su desarrollo, su comportamiento, sus\u2026","rel":"","context":"En \u00abZ-Colaboradores\u00bb","block_context":{"text":"Z-Colaboradores","link":"https:\/\/webdelmaestrocmf.com\/portal\/category\/colaborador\/"},"img":{"alt_text":"","src":"https:\/\/i0.wp.com\/webdelmaestrocmf.com\/portal\/wp-content\/uploads\/2020\/01\/1.jpeg?resize=350%2C200&ssl=1","width":350,"height":200,"srcset":"https:\/\/i0.wp.com\/webdelmaestrocmf.com\/portal\/wp-content\/uploads\/2020\/01\/1.jpeg?resize=350%2C200&ssl=1 1x, https:\/\/i0.wp.com\/webdelmaestrocmf.com\/portal\/wp-content\/uploads\/2020\/01\/1.jpeg?resize=525%2C300&ssl=1 1.5x, https:\/\/i0.wp.com\/webdelmaestrocmf.com\/portal\/wp-content\/uploads\/2020\/01\/1.jpeg?resize=700%2C400&ssl=1 2x, https:\/\/i0.wp.com\/webdelmaestrocmf.com\/portal\/wp-content\/uploads\/2020\/01\/1.jpeg?resize=1050%2C600&ssl=1 3x"},"classes":[]},{"id":104297,"url":"https:\/\/webdelmaestrocmf.com\/portal\/arturo-gonzalez-que-rasgos-de-la-salud-en-tu-hijo-te-indican-que-estas-haciendo-un-buen-trabajo-como-padre\/","url_meta":{"origin":101574,"position":4},"title":"[Arturo Gonz\u00e1lez] \u00bfQu\u00e9 rasgos de la salud en tu hijo te indican que est\u00e1s haciendo un buen trabajo como padre?","author":"Web del Maestro CMF","date":"25 febrero, 2024","format":false,"excerpt":"En general el estado f\u00edsico-atl\u00e9tico de tu hijo es responsabilidad de los padres hasta cierta edad, despu\u00e9s de los 12 a\u00f1os ser\u00e1 una responsabilidad compartida padre-hijo; cuidar algunos rubros ayudar\u00e1 a que en un futuro su calidad de vida se vea favorecida; aqu\u00ed algunas sugerencias: Ortopedia. La condici\u00f3n anat\u00f3mica de\u2026","rel":"","context":"En \u00abz-Colaborador-Arturo Gonz\u00e1lez\u00bb","block_context":{"text":"z-Colaborador-Arturo Gonz\u00e1lez","link":"https:\/\/webdelmaestrocmf.com\/portal\/category\/colaborador\/z-colaborador-arturo-gonzalez\/"},"img":{"alt_text":"","src":"https:\/\/i0.wp.com\/webdelmaestrocmf.com\/portal\/wp-content\/uploads\/2024\/02\/Banner-1-portada-imagen-10-1-53.jpg?resize=350%2C200&ssl=1","width":350,"height":200,"srcset":"https:\/\/i0.wp.com\/webdelmaestrocmf.com\/portal\/wp-content\/uploads\/2024\/02\/Banner-1-portada-imagen-10-1-53.jpg?resize=350%2C200&ssl=1 1x, https:\/\/i0.wp.com\/webdelmaestrocmf.com\/portal\/wp-content\/uploads\/2024\/02\/Banner-1-portada-imagen-10-1-53.jpg?resize=525%2C300&ssl=1 1.5x, https:\/\/i0.wp.com\/webdelmaestrocmf.com\/portal\/wp-content\/uploads\/2024\/02\/Banner-1-portada-imagen-10-1-53.jpg?resize=700%2C400&ssl=1 2x"},"classes":[]},{"id":77199,"url":"https:\/\/webdelmaestrocmf.com\/portal\/ernesto-gonzalez-tienes-autoridad-suficiente\/","url_meta":{"origin":101574,"position":5},"title":"[Ernesto Gonz\u00e1lez] \u00bfTienes autoridad suficiente?","author":"Web del Maestro CMF","date":"31 mayo, 2022","format":false,"excerpt":"\u201cMire profesora mi hijo, no me hace caso\u2026 \u00bfusted me puede ayudar? La frase antes mencionada, que no es primera vez que se me presenta o escucho en la televisi\u00f3n, en las redes, en los barrios, inclusive en conflictos cuyas consecuencias al no ser atajadas a tiempo conlleva a resultados\u2026","rel":"","context":"En \u00abZ-Colaboradores\u00bb","block_context":{"text":"Z-Colaboradores","link":"https:\/\/webdelmaestrocmf.com\/portal\/category\/colaborador\/"},"img":{"alt_text":"","src":"https:\/\/i0.wp.com\/webdelmaestrocmf.com\/portal\/wp-content\/uploads\/2022\/05\/0-3.jpg?resize=350%2C200&ssl=1","width":350,"height":200,"srcset":"https:\/\/i0.wp.com\/webdelmaestrocmf.com\/portal\/wp-content\/uploads\/2022\/05\/0-3.jpg?resize=350%2C200&ssl=1 1x, https:\/\/i0.wp.com\/webdelmaestrocmf.com\/portal\/wp-content\/uploads\/2022\/05\/0-3.jpg?resize=525%2C300&ssl=1 1.5x, https:\/\/i0.wp.com\/webdelmaestrocmf.com\/portal\/wp-content\/uploads\/2022\/05\/0-3.jpg?resize=700%2C400&ssl=1 2x, https:\/\/i0.wp.com\/webdelmaestrocmf.com\/portal\/wp-content\/uploads\/2022\/05\/0-3.jpg?resize=1050%2C600&ssl=1 3x"},"classes":[]}],"_links":{"self":[{"href":"https:\/\/webdelmaestrocmf.com\/portal\/wp-json\/wp\/v2\/posts\/101574","targetHints":{"allow":["GET"]}}],"collection":[{"href":"https:\/\/webdelmaestrocmf.com\/portal\/wp-json\/wp\/v2\/posts"}],"about":[{"href":"https:\/\/webdelmaestrocmf.com\/portal\/wp-json\/wp\/v2\/types\/post"}],"author":[{"embeddable":true,"href":"https:\/\/webdelmaestrocmf.com\/portal\/wp-json\/wp\/v2\/users\/1"}],"replies":[{"embeddable":true,"href":"https:\/\/webdelmaestrocmf.com\/portal\/wp-json\/wp\/v2\/comments?post=101574"}],"version-history":[{"count":0,"href":"https:\/\/webdelmaestrocmf.com\/portal\/wp-json\/wp\/v2\/posts\/101574\/revisions"}],"wp:featuredmedia":[{"embeddable":true,"href":"https:\/\/webdelmaestrocmf.com\/portal\/wp-json\/wp\/v2\/media\/101579"}],"wp:attachment":[{"href":"https:\/\/webdelmaestrocmf.com\/portal\/wp-json\/wp\/v2\/media?parent=101574"}],"wp:term":[{"taxonomy":"category","embeddable":true,"href":"https:\/\/webdelmaestrocmf.com\/portal\/wp-json\/wp\/v2\/categories?post=101574"},{"taxonomy":"post_tag","embeddable":true,"href":"https:\/\/webdelmaestrocmf.com\/portal\/wp-json\/wp\/v2\/tags?post=101574"}],"curies":[{"name":"wp","href":"https:\/\/api.w.org\/{rel}","templated":true}]}}