{"id":101530,"date":"2023-12-07T11:16:21","date_gmt":"2023-12-07T14:16:21","guid":{"rendered":"https:\/\/webdelmaestrocmf.com\/portal\/?p=101530"},"modified":"2023-12-07T11:28:06","modified_gmt":"2023-12-07T14:28:06","slug":"cuaderno-para-reforzar-la-lectura-en-vacaciones","status":"publish","type":"post","link":"https:\/\/webdelmaestrocmf.com\/portal\/cuaderno-para-reforzar-la-lectura-en-vacaciones\/","title":{"rendered":"Cuaderno para reforzar la lectura en vacaciones"},"content":{"rendered":"<p style=\"text-align: justify;\"><strong>Las vacaciones son el momento perfecto para relajarse, recargar energ\u00edas y, \u00bfpor qu\u00e9 no?, potenciar nuestras habilidades en la lectura. En este sentido, un aliado indispensable se presenta en forma de un cuaderno dise\u00f1ado espec\u00edficamente para reforzar la lectura a ni\u00f1os de primaria.<\/strong><!--more--><\/p>\n<p style=\"text-align: justify;\">Este cuaderno no es solo un conjunto de hojas y ejercicios; es una herramienta estrat\u00e9gica para que los estudiantes aprovechen al m\u00e1ximo su tiempo libre. Este recurso no solo ayuda a consolidar lo aprendido durante el a\u00f1o escolar, sino que tambi\u00e9n a\u00f1ade un toque de diversi\u00f3n al proceso de lectura.<\/p>\n<p>Art\u00edculo relacionado: <a title=\"Ir a WMCMF\" href=\"https:\/\/webdelmaestrocmf.com\/portal\/cuaderno-de-refuerzo-en-lectoescritura-para-salvar-el-ano\/\" target=\"_top\" rel=\"dofollow noopener\">Cuaderno de refuerzo en lectoescritura para salvar el a\u00f1o<\/a><\/p>\n<p style=\"text-align: justify;\">Una de las principales ventajas de este cuaderno es que se adapta a diversos niveles de habilidad. Ya sea que el ni\u00f1o est\u00e9 dando tus primeros pasos en la lectura o que busque desaf\u00edos m\u00e1s avanzados, encontrar\u00e1 actividades que se ajustan a las necesidades de los ni\u00f1os. Adem\u00e1s, la progresi\u00f3n gradual de dificultad permite un aprendizaje constante y sin sobresaltos.<\/p>\n<h2 style=\"text-align: left;\"><strong>Cuaderno para reforzar la lectura<\/strong><\/h2>\n<p style=\"text-align: justify;\">En primer lugar, el cuaderno ofrece una variedad de ejercicios dise\u00f1ados para mejorar la comprensi\u00f3n lectora. Las actividades van m\u00e1s all\u00e1 de la simple decodificaci\u00f3n de palabras; se centran en el entendimiento profundo de textos, promoviendo el an\u00e1lisis cr\u00edtico y la capacidad de s\u00edntesis.<\/p>\n<p>Art\u00edculo relacionado: <a title=\"Ir a WMCMF\" href=\"https:\/\/webdelmaestrocmf.com\/portal\/cuaderno-de-matematicas-para-vacaciones-1o-grado\/\" target=\"_top\" rel=\"dofollow noopener\">Cuaderno de matem\u00e1ticas para vacaciones: 1\u00ba grado<\/a><\/p>\n<p style=\"text-align: justify;\">Estos cuadernos no se andan con rodeos. Aqu\u00ed est\u00e1 lo que abordan, seg\u00fan la edad:<\/p>\n<ul style=\"text-align: justify;\">\n<li><strong>Conceptos b\u00e1sicos, espaciales y cuantitativos:<\/strong> Fundamental, desde lo simple hasta lo cuantitativo. No solo aprendes, sino que aplicas esto en la vida diaria.<\/li>\n<li><strong>Atenci\u00f3n y funciones ejecutivas:<\/strong> Punto clave en desarrollo cognitivo. Despierta inter\u00e9s y mejora concentraci\u00f3n y organizaci\u00f3n.<\/li>\n<li><strong>Razonamiento l\u00f3gico:<\/strong> No es solo aprender a pensar, es aprender a resolver problemas de forma l\u00f3gica y reconocer patrones.<\/li>\n<li><strong>Vocabulario:<\/strong> Mejora constante. A trav\u00e9s de lecturas y ejercicios espec\u00edficos, expandimos tu repertorio para expresarte mejor.<\/li>\n<li><strong>Grafomotricidad y escritura:<\/strong> No solo t\u00e9cnicas, sino tambi\u00e9n expresi\u00f3n creativa. Perfeccionamos la escritura paso a paso.<\/li>\n<li><strong>Orientaci\u00f3n espacial y numeraci\u00f3n:<\/strong> Espacialidad y n\u00fameros son esenciales. Ejercicios para desafiar la percepci\u00f3n espacial y reforzar destrezas num\u00e9ricas.<\/li>\n<li><strong>Tareas RAN y conciencia fonol\u00f3gica:<\/strong> Velocidad de procesamiento y comprensi\u00f3n auditiva de sonidos del lenguaje. Crucial para leer y escribir.<\/li>\n<li><strong>Lectura y comprensi\u00f3n de palabras:<\/strong> La esencia del cuaderno. Textos cautivadores y actividades que no solo mejoran la lectura, sino que profundizan la comprensi\u00f3n.<\/li>\n<\/ul>\n<h2 style=\"text-align: left;\"><strong>\u00bfY qu\u00e9 hay de la diversi\u00f3n?<\/strong><\/h2>\n<p style=\"text-align: justify;\">El cuaderno para reforzar la lectura en vacaciones no es solo sobre aprender; tambi\u00e9n se trata de disfrutar el proceso. Incorpora juegos, acertijos y desaf\u00edos que hacen que cada p\u00e1gina sea una aventura \u00fanica. La combinaci\u00f3n de aprendizaje y diversi\u00f3n asegura que los estudiantes no solo mantengan, sino que tambi\u00e9n aumenten su inter\u00e9s por la lectura.<\/p>\n<p style=\"text-align: justify;\">Otro aspecto destacado es la flexibilidad del cuaderno. Puedes llevarlo contigo a donde vayas, ya sea en un viaje familiar o en una escapada de fin de semana. No requiere conexi\u00f3n a internet ni dispositivos electr\u00f3nicos, lo que lo convierte en un compa\u00f1ero ideal para disfrutar de la lectura en cualquier lugar y momento.<\/p>\n<p><img loading=\"lazy\" decoding=\"async\" class=\"alignnone wp-image-101531 size-full\" src=\"https:\/\/webdelmaestrocmf.com\/portal\/wp-content\/uploads\/2023\/12\/A12B3C4D-4-1.jpg\" alt=\"reforzar la lectura en vacaciones\" width=\"900\" height=\"556\" srcset=\"https:\/\/webdelmaestrocmf.com\/portal\/wp-content\/uploads\/2023\/12\/A12B3C4D-4-1.jpg 900w, https:\/\/webdelmaestrocmf.com\/portal\/wp-content\/uploads\/2023\/12\/A12B3C4D-4-1-300x185.jpg 300w, https:\/\/webdelmaestrocmf.com\/portal\/wp-content\/uploads\/2023\/12\/A12B3C4D-4-1-768x474.jpg 768w, https:\/\/webdelmaestrocmf.com\/portal\/wp-content\/uploads\/2023\/12\/A12B3C4D-4-1-380x235.jpg 380w, https:\/\/webdelmaestrocmf.com\/portal\/wp-content\/uploads\/2023\/12\/A12B3C4D-4-1-550x340.jpg 550w, https:\/\/webdelmaestrocmf.com\/portal\/wp-content\/uploads\/2023\/12\/A12B3C4D-4-1-800x494.jpg 800w\" sizes=\"auto, (max-width: 900px) 100vw, 900px\" \/><\/p>\n<h2 style=\"text-align: left;\"><strong>Conclusi\u00f3n:<\/strong><\/h2>\n<p style=\"text-align: justify;\"><strong>El cuaderno para reforzar la lectura en <a title=\"Ir a wikipedia\" href=\"https:\/\/es.wikipedia.org\/wiki\/Vacaci%C3%B3n\" target=\"_blank\" rel=\"dofollow noopener\">vacaciones<\/a> es una herramienta educativa invaluable que combina a la perfecci\u00f3n el aprendizaje y la diversi\u00f3n.<\/strong> Al ofrecer actividades adaptadas a diferentes niveles y estimular el amor por la lectura, se convierte en un aliado perfecto para aprovechar al m\u00e1ximo las vacaciones. No solo refuerza las habilidades de lectura, sino que tambi\u00e9n crea un ambiente propicio para el crecimiento intelectual y el disfrute genuino de la lectura.<\/p>\n<p style=\"text-align: center;\"><strong>ENLACE DE LECTURA:\u00a0<\/strong><a title=\"Ir a MEGA\" href=\"https:\/\/mega.nz\/folder\/TElXTQba#HH8iWHC252YwdN4UNp0RXg\" target=\"_blank\" rel=\"nofollow noopener\">CUADERNO PARA REFORZAR LA LECTURA EN VACACIONES<\/a><\/p>\n\t\t<div class=\"pk-inline-posts\">\n\t\t\t\n\t\t\t<div class=\"pk-inline-posts-container pk-inline-posts-template-list\"\n\t\t\t\tdata-columns=\"1\">\n\t\t\t\t\t\t<article id=\"post-118051\" class=\"post-118051 post type-post status-publish format-standard has-post-thumbnail category-lectoescritura category-leer category-libros category-pedagogia tag-aula tag-comprension-lectora tag-creatividad tag-dia-del-libro tag-docentes tag-fichas-educativas tag-lectura tag-manualidades tag-material-didactico tag-recursos-educativos cs-entry cs-video-wrap\">\n\t\t\t<div class=\"pk-post-outer\">\n\n\t\t\t\t\t\t\t\t<div class=\"pk-post-inner\">\n\t\t\t\t\t<div class=\"entry-thumbnail\">\n\t\t\t\t\t\t<div class=\"pk-overlay pk-overlay-ratio pk-ratio-landscape\">\n\t\t\t\t\t\t\t<div class=\"pk-overlay-background\">\n\t\t\t\t\t\t\t\t<a href=\"https:\/\/webdelmaestrocmf.com\/portal\/dia-del-libro-23-de-abril-descarga-las-actividades-recursos-fichas-manualidades-y-materiales-motivadores-para-transformar-la-lectura-en-el-aula\/\" class=\"pk-overlay-link\">\n\t\t\t\t\t\t\t\t\t<img loading=\"lazy\" decoding=\"async\" width=\"300\" height=\"225\" src=\"https:\/\/webdelmaestrocmf.com\/portal\/wp-content\/uploads\/2026\/04\/1AA-Banner-1-portada-imagen-10-1-copia-23-300x225.webp\" class=\"attachment-pk-thumbnail size-pk-thumbnail wp-post-image\" alt=\"\" \/>\t\t\t\t\t\t\t\t<\/a>\n\t\t\t\t\t\t\t<\/div>\n\t\t\t\t\t\t<\/div>\n\t\t\t\t\t<\/div>\n\t\t\t\t<\/div>\n\t\t\t\t\n\t\t\t\t<div class=\"pk-post-inner\">\n\t\t\t\t\t<header>\n\t\t\t\t\t\t<h3 class=\"pk-title\"><a href=\"https:\/\/webdelmaestrocmf.com\/portal\/dia-del-libro-23-de-abril-descarga-las-actividades-recursos-fichas-manualidades-y-materiales-motivadores-para-transformar-la-lectura-en-el-aula\/\" rel=\"bookmark\">D\u00eda del Libro (23 de abril): Descarga las actividades, recursos, fichas, manualidades, materiales y pulseras motivadores para transformar la lectura en el aula<\/a><\/h3>\t\t\t\t\t<\/header><!-- .entry-header -->\n\t\t\t\t<\/div><!-- .post-inner -->\n\n\t\t\t<\/div><!-- .post-outer -->\n\t\t<\/article>\n\t\t\t<article id=\"post-85254\" class=\"post-85254 post type-post status-publish format-standard has-post-thumbnail category-lectoescritura category-pedagogia tag-etapas tag-evaluar tag-lectoescritura cs-entry cs-video-wrap\">\n\t\t\t<div class=\"pk-post-outer\">\n\n\t\t\t\t\t\t\t\t<div class=\"pk-post-inner\">\n\t\t\t\t\t<div class=\"entry-thumbnail\">\n\t\t\t\t\t\t<div class=\"pk-overlay pk-overlay-ratio pk-ratio-landscape\">\n\t\t\t\t\t\t\t<div class=\"pk-overlay-background\">\n\t\t\t\t\t\t\t\t<a href=\"https:\/\/webdelmaestrocmf.com\/portal\/como-evaluar-las-etapas-de-lectoescritura\/\" class=\"pk-overlay-link\">\n\t\t\t\t\t\t\t\t\t<img loading=\"lazy\" decoding=\"async\" width=\"300\" height=\"225\" src=\"https:\/\/webdelmaestrocmf.com\/portal\/wp-content\/uploads\/2025\/11\/Portada-descarga-3-300x225.jpg\" class=\"attachment-pk-thumbnail size-pk-thumbnail wp-post-image\" alt=\"\" \/>\t\t\t\t\t\t\t\t<\/a>\n\t\t\t\t\t\t\t<\/div>\n\t\t\t\t\t\t<\/div>\n\t\t\t\t\t<\/div>\n\t\t\t\t<\/div>\n\t\t\t\t\n\t\t\t\t<div class=\"pk-post-inner\">\n\t\t\t\t\t<header>\n\t\t\t\t\t\t<h3 class=\"pk-title\"><a href=\"https:\/\/webdelmaestrocmf.com\/portal\/como-evaluar-las-etapas-de-lectoescritura\/\" rel=\"bookmark\">C\u00f3mo evaluar las etapas de lectoescritura: Descarga las gu\u00edas para el desarrollo y la evaluaci\u00f3n<\/a><\/h3>\t\t\t\t\t<\/header><!-- .entry-header -->\n\t\t\t\t<\/div><!-- .post-inner -->\n\n\t\t\t<\/div><!-- .post-outer -->\n\t\t<\/article>\n\t\t\t<article id=\"post-97674\" class=\"post-97674 post type-post status-publish format-standard has-post-thumbnail category-comprencion category-comprension-lectora category-cuadernillos category-lectoescritura category-leer tag-1o-de-primaria tag-2o-de-primaria tag-actividades tag-comprension-lectora tag-cuadernillo tag-cuaderno tag-lecturas cs-entry cs-video-wrap\">\n\t\t\t<div class=\"pk-post-outer\">\n\n\t\t\t\t\t\t\t\t<div class=\"pk-post-inner\">\n\t\t\t\t\t<div class=\"entry-thumbnail\">\n\t\t\t\t\t\t<div class=\"pk-overlay pk-overlay-ratio pk-ratio-landscape\">\n\t\t\t\t\t\t\t<div class=\"pk-overlay-background\">\n\t\t\t\t\t\t\t\t<a href=\"https:\/\/webdelmaestrocmf.com\/portal\/cuadernillo-de-comprension-lectora-lecturas-y-actividades-para-1o-y-2o-de-primaria\/\" class=\"pk-overlay-link\">\n\t\t\t\t\t\t\t\t\t<img loading=\"lazy\" decoding=\"async\" width=\"300\" height=\"225\" src=\"https:\/\/webdelmaestrocmf.com\/portal\/wp-content\/uploads\/2026\/02\/1A-Banner-1-portada-imagen-10-1-copia-1-4-300x225.webp\" class=\"attachment-pk-thumbnail size-pk-thumbnail wp-post-image\" alt=\"\" \/>\t\t\t\t\t\t\t\t<\/a>\n\t\t\t\t\t\t\t<\/div>\n\t\t\t\t\t\t<\/div>\n\t\t\t\t\t<\/div>\n\t\t\t\t<\/div>\n\t\t\t\t\n\t\t\t\t<div class=\"pk-post-inner\">\n\t\t\t\t\t<header>\n\t\t\t\t\t\t<h3 class=\"pk-title\"><a href=\"https:\/\/webdelmaestrocmf.com\/portal\/cuadernillo-de-comprension-lectora-lecturas-y-actividades-para-1o-y-2o-de-primaria\/\" rel=\"bookmark\">Descarga el cuadernillo de comprensi\u00f3n lectora, las 300 lecturas cortas, lecturas piramidales y las actividades para 1\u00ba y 2\u00ba de primaria<\/a><\/h3>\t\t\t\t\t<\/header><!-- .entry-header -->\n\t\t\t\t<\/div><!-- .post-inner -->\n\n\t\t\t<\/div><!-- .post-outer -->\n\t\t<\/article>\n\t\t\t\t<\/div>\n\t\t<\/div>\n\t\t\n","protected":false},"excerpt":{"rendered":"Las vacaciones son el momento perfecto para relajarse, recargar energ\u00edas y, \u00bfpor qu\u00e9 no?, potenciar nuestras habilidades en&hellip;","protected":false},"author":1,"featured_media":101533,"comment_status":"open","ping_status":"closed","sticky":false,"template":"","format":"standard","meta":{"csco_display_header_overlay":false,"csco_singular_sidebar":"","csco_page_header_type":"","csco_page_load_nextpost":"","csco_post_video_location":[],"csco_post_video_location_hash":"","csco_post_video_url":"","csco_post_video_bg_start_time":0,"csco_post_video_bg_end_time":0,"csco_post_video_bg_volume":false,"_jetpack_memberships_contains_paid_content":false,"footnotes":""},"categories":[23266,6864,735,23271],"tags":[3750,406,5672,755],"class_list":{"0":"post-101530","1":"post","2":"type-post","3":"status-publish","4":"format-standard","5":"has-post-thumbnail","7":"category-cuaderno","8":"category-lectoescritura","9":"category-pedagogia","10":"category-reforzar-la-lectura","11":"tag-cuaderno","12":"tag-lectura","13":"tag-reforzar","14":"tag-vacaciones","15":"cs-entry","16":"cs-video-wrap"},"yoast_head":"<!-- This site is optimized with the Yoast SEO plugin v27.5 - https:\/\/yoast.com\/product\/yoast-seo-wordpress\/ -->\n<title>Cuaderno para reforzar la lectura en vacaciones - 2026<\/title>\n<meta name=\"description\" content=\"El cuaderno ideal para reforzar la lectura de ni\u00f1os de primaria durante sus vacaciones. Explora niveles de habilidad,diversi\u00f3n y aprendizaje!.\" \/>\n<meta name=\"robots\" content=\"index, follow, max-snippet:-1, max-image-preview:large, max-video-preview:-1\" \/>\n<link rel=\"canonical\" href=\"https:\/\/webdelmaestrocmf.com\/portal\/cuaderno-para-reforzar-la-lectura-en-vacaciones\/\" \/>\n<meta property=\"og:locale\" content=\"es_ES\" \/>\n<meta property=\"og:type\" content=\"article\" \/>\n<meta property=\"og:title\" content=\"Cuaderno para reforzar la lectura en vacaciones - 2026\" \/>\n<meta property=\"og:description\" content=\"El cuaderno ideal para reforzar la lectura de ni\u00f1os de primaria durante sus vacaciones. Explora niveles de habilidad,diversi\u00f3n y aprendizaje!.\" \/>\n<meta property=\"og:url\" content=\"https:\/\/webdelmaestrocmf.com\/portal\/cuaderno-para-reforzar-la-lectura-en-vacaciones\/\" \/>\n<meta property=\"og:site_name\" content=\"Web del Maestro CMF\" \/>\n<meta property=\"article:publisher\" content=\"https:\/\/www.facebook.com\/WebdelMaestroCMF\/\" \/>\n<meta property=\"article:author\" content=\"https:\/\/www.facebook.com\/WebdelMaestroCMF\/\" \/>\n<meta property=\"article:published_time\" content=\"2023-12-07T14:16:21+00:00\" \/>\n<meta property=\"article:modified_time\" content=\"2023-12-07T14:28:06+00:00\" \/>\n<meta property=\"og:image\" content=\"https:\/\/webdelmaestrocmf.com\/portal\/wp-content\/uploads\/2023\/12\/A12B3C4D-5-1.jpg\" \/>\n\t<meta property=\"og:image:width\" content=\"900\" \/>\n\t<meta property=\"og:image:height\" content=\"556\" \/>\n\t<meta property=\"og:image:type\" content=\"image\/jpeg\" \/>\n<meta name=\"author\" content=\"Web del Maestro CMF\" \/>\n<meta name=\"twitter:card\" content=\"summary_large_image\" \/>\n<meta name=\"twitter:creator\" content=\"@cmf_w\" \/>\n<meta name=\"twitter:site\" content=\"@cmf_w\" \/>\n<script type=\"application\/ld+json\" class=\"yoast-schema-graph\">{\"@context\":\"https:\\\/\\\/schema.org\",\"@graph\":[{\"@type\":\"ScholarlyArticle\",\"@id\":\"https:\\\/\\\/webdelmaestrocmf.com\\\/portal\\\/cuaderno-para-reforzar-la-lectura-en-vacaciones\\\/#article\",\"isPartOf\":{\"@id\":\"https:\\\/\\\/webdelmaestrocmf.com\\\/portal\\\/cuaderno-para-reforzar-la-lectura-en-vacaciones\\\/\"},\"author\":{\"name\":\"Web del Maestro CMF\",\"@id\":\"https:\\\/\\\/webdelmaestrocmf.com\\\/portal\\\/#\\\/schema\\\/person\\\/1072a2ed7bd960df8ef99a551fa35dc5\"},\"headline\":\"Cuaderno para reforzar la lectura en vacaciones\",\"datePublished\":\"2023-12-07T14:16:21+00:00\",\"dateModified\":\"2023-12-07T14:28:06+00:00\",\"mainEntityOfPage\":{\"@id\":\"https:\\\/\\\/webdelmaestrocmf.com\\\/portal\\\/cuaderno-para-reforzar-la-lectura-en-vacaciones\\\/\"},\"wordCount\":665,\"commentCount\":0,\"publisher\":{\"@id\":\"https:\\\/\\\/webdelmaestrocmf.com\\\/portal\\\/#organization\"},\"image\":{\"@id\":\"https:\\\/\\\/webdelmaestrocmf.com\\\/portal\\\/cuaderno-para-reforzar-la-lectura-en-vacaciones\\\/#primaryimage\"},\"thumbnailUrl\":\"https:\\\/\\\/webdelmaestrocmf.com\\\/portal\\\/wp-content\\\/uploads\\\/2023\\\/12\\\/A12B3C4D-5-1.jpg\",\"keywords\":[\"CUADERNO\",\"lectura\",\"reforzar\",\"vacaciones\"],\"articleSection\":[\"Cuaderno\",\"Lectoescritura\",\"Recursos\",\"reforzar la lectura\"],\"inLanguage\":\"es\",\"potentialAction\":[{\"@type\":\"CommentAction\",\"name\":\"Comment\",\"target\":[\"https:\\\/\\\/webdelmaestrocmf.com\\\/portal\\\/cuaderno-para-reforzar-la-lectura-en-vacaciones\\\/#respond\"]}]},{\"@type\":\"WebPage\",\"@id\":\"https:\\\/\\\/webdelmaestrocmf.com\\\/portal\\\/cuaderno-para-reforzar-la-lectura-en-vacaciones\\\/\",\"url\":\"https:\\\/\\\/webdelmaestrocmf.com\\\/portal\\\/cuaderno-para-reforzar-la-lectura-en-vacaciones\\\/\",\"name\":\"Cuaderno para reforzar la lectura en vacaciones - 2026\",\"isPartOf\":{\"@id\":\"https:\\\/\\\/webdelmaestrocmf.com\\\/portal\\\/#website\"},\"primaryImageOfPage\":{\"@id\":\"https:\\\/\\\/webdelmaestrocmf.com\\\/portal\\\/cuaderno-para-reforzar-la-lectura-en-vacaciones\\\/#primaryimage\"},\"image\":{\"@id\":\"https:\\\/\\\/webdelmaestrocmf.com\\\/portal\\\/cuaderno-para-reforzar-la-lectura-en-vacaciones\\\/#primaryimage\"},\"thumbnailUrl\":\"https:\\\/\\\/webdelmaestrocmf.com\\\/portal\\\/wp-content\\\/uploads\\\/2023\\\/12\\\/A12B3C4D-5-1.jpg\",\"datePublished\":\"2023-12-07T14:16:21+00:00\",\"dateModified\":\"2023-12-07T14:28:06+00:00\",\"description\":\"El cuaderno ideal para reforzar la lectura de ni\u00f1os de primaria durante sus vacaciones. Explora niveles de habilidad,diversi\u00f3n y aprendizaje!.\",\"breadcrumb\":{\"@id\":\"https:\\\/\\\/webdelmaestrocmf.com\\\/portal\\\/cuaderno-para-reforzar-la-lectura-en-vacaciones\\\/#breadcrumb\"},\"inLanguage\":\"es\",\"potentialAction\":[{\"@type\":\"ReadAction\",\"target\":[\"https:\\\/\\\/webdelmaestrocmf.com\\\/portal\\\/cuaderno-para-reforzar-la-lectura-en-vacaciones\\\/\"]}]},{\"@type\":\"ImageObject\",\"inLanguage\":\"es\",\"@id\":\"https:\\\/\\\/webdelmaestrocmf.com\\\/portal\\\/cuaderno-para-reforzar-la-lectura-en-vacaciones\\\/#primaryimage\",\"url\":\"https:\\\/\\\/webdelmaestrocmf.com\\\/portal\\\/wp-content\\\/uploads\\\/2023\\\/12\\\/A12B3C4D-5-1.jpg\",\"contentUrl\":\"https:\\\/\\\/webdelmaestrocmf.com\\\/portal\\\/wp-content\\\/uploads\\\/2023\\\/12\\\/A12B3C4D-5-1.jpg\",\"width\":900,\"height\":556,\"caption\":\"reforzar la lectura en vacaciones\"},{\"@type\":\"BreadcrumbList\",\"@id\":\"https:\\\/\\\/webdelmaestrocmf.com\\\/portal\\\/cuaderno-para-reforzar-la-lectura-en-vacaciones\\\/#breadcrumb\",\"itemListElement\":[{\"@type\":\"ListItem\",\"position\":1,\"name\":\"Portada\",\"item\":\"https:\\\/\\\/webdelmaestrocmf.com\\\/portal\\\/\"},{\"@type\":\"ListItem\",\"position\":2,\"name\":\"Recursos\",\"item\":\"https:\\\/\\\/webdelmaestrocmf.com\\\/portal\\\/category\\\/pedagogia\\\/\"},{\"@type\":\"ListItem\",\"position\":3,\"name\":\"Cuaderno para reforzar la lectura en vacaciones\"}]},{\"@type\":\"WebSite\",\"@id\":\"https:\\\/\\\/webdelmaestrocmf.com\\\/portal\\\/#website\",\"url\":\"https:\\\/\\\/webdelmaestrocmf.com\\\/portal\\\/\",\"name\":\"Web del Maestro CMF\",\"description\":\"Maestros al servicio de la educaci\u00f3n\",\"publisher\":{\"@id\":\"https:\\\/\\\/webdelmaestrocmf.com\\\/portal\\\/#organization\"},\"alternateName\":\"WMCMF\",\"potentialAction\":[{\"@type\":\"SearchAction\",\"target\":{\"@type\":\"EntryPoint\",\"urlTemplate\":\"https:\\\/\\\/webdelmaestrocmf.com\\\/portal\\\/?s={search_term_string}\"},\"query-input\":{\"@type\":\"PropertyValueSpecification\",\"valueRequired\":true,\"valueName\":\"search_term_string\"}}],\"inLanguage\":\"es\"},{\"@type\":\"Organization\",\"@id\":\"https:\\\/\\\/webdelmaestrocmf.com\\\/portal\\\/#organization\",\"name\":\"Web del Maestro CMF\",\"alternateName\":\"WMCMF\",\"url\":\"https:\\\/\\\/webdelmaestrocmf.com\\\/portal\\\/\",\"logo\":{\"@type\":\"ImageObject\",\"inLanguage\":\"es\",\"@id\":\"https:\\\/\\\/webdelmaestrocmf.com\\\/portal\\\/#\\\/schema\\\/logo\\\/image\\\/\",\"url\":\"https:\\\/\\\/webdelmaestrocmf.com\\\/portal\\\/wp-content\\\/uploads\\\/2023\\\/01\\\/logo-wmcmf-2.png\",\"contentUrl\":\"https:\\\/\\\/webdelmaestrocmf.com\\\/portal\\\/wp-content\\\/uploads\\\/2023\\\/01\\\/logo-wmcmf-2.png\",\"width\":200,\"height\":60,\"caption\":\"Web del Maestro CMF\"},\"image\":{\"@id\":\"https:\\\/\\\/webdelmaestrocmf.com\\\/portal\\\/#\\\/schema\\\/logo\\\/image\\\/\"},\"sameAs\":[\"https:\\\/\\\/www.facebook.com\\\/WebdelMaestroCMF\\\/\",\"https:\\\/\\\/x.com\\\/cmf_w\",\"https:\\\/\\\/www.pinterest.com\\\/WMCMF\\\/\",\"https:\\\/\\\/www.linkedin.com\\\/company\\\/web-del-maestro-cmf\\\/\",\"https:\\\/\\\/www.instagram.com\\\/wmcmf\\\/\",\"https:\\\/\\\/www.youtube.com\\\/channel\\\/UCDPSvjbdodE5sHnC3OxutHw\",\"https:\\\/\\\/mastodon.social\\\/@wmcmf\",\"https:\\\/\\\/www.tiktok.com\\\/@webdelmaestrocmf\"]},{\"@type\":\"Person\",\"@id\":\"https:\\\/\\\/webdelmaestrocmf.com\\\/portal\\\/#\\\/schema\\\/person\\\/1072a2ed7bd960df8ef99a551fa35dc5\",\"name\":\"Web del Maestro CMF\",\"image\":{\"@type\":\"ImageObject\",\"inLanguage\":\"es\",\"@id\":\"https:\\\/\\\/secure.gravatar.com\\\/avatar\\\/23291dd5b5ae1077dcff3dbb04c3e02bd28403fa75af6d8787d5e97c5bbbe30b?s=96&d=mm&r=g\",\"url\":\"https:\\\/\\\/secure.gravatar.com\\\/avatar\\\/23291dd5b5ae1077dcff3dbb04c3e02bd28403fa75af6d8787d5e97c5bbbe30b?s=96&d=mm&r=g\",\"contentUrl\":\"https:\\\/\\\/secure.gravatar.com\\\/avatar\\\/23291dd5b5ae1077dcff3dbb04c3e02bd28403fa75af6d8787d5e97c5bbbe30b?s=96&d=mm&r=g\",\"caption\":\"Web del Maestro CMF\"},\"description\":\"Esta Web se cre\u00f3 sin fines de lucro, con fines educativos, cient\u00edficos y acad\u00e9micos, para personas que tengan dificultades y\\\/o inconvenientes en visualizar el material original. El objetivo es entregar recursos, compartir experiencias y materiales que ayuden a los padres de familia, maestros y estudiantes en su actualizaci\u00f3n y formaci\u00f3n permanente, en bien de la Educaci\u00f3n.\",\"sameAs\":[\"http:\\\/\\\/webdelmaestrocmf.com\\\/portal\",\"https:\\\/\\\/www.facebook.com\\\/WebdelMaestroCMF\\\/\",\"https:\\\/\\\/www.instagram.com\\\/wmcmf\\\/\",\"https:\\\/\\\/cl.linkedin.com\\\/company\\\/web-del-maestro-cmf\",\"https:\\\/\\\/www.pinterest.com\\\/WMCMF\\\/publicaciones\\\/\",\"https:\\\/\\\/x.com\\\/cmf_w\",\"https:\\\/\\\/www.youtube.com\\\/@WMCMF\"]}]}<\/script>\n<!-- \/ Yoast SEO plugin. -->","yoast_head_json":{"title":"Cuaderno para reforzar la lectura en vacaciones - 2026","description":"El cuaderno ideal para reforzar la lectura de ni\u00f1os de primaria durante sus vacaciones. Explora niveles de habilidad,diversi\u00f3n y aprendizaje!.","robots":{"index":"index","follow":"follow","max-snippet":"max-snippet:-1","max-image-preview":"max-image-preview:large","max-video-preview":"max-video-preview:-1"},"canonical":"https:\/\/webdelmaestrocmf.com\/portal\/cuaderno-para-reforzar-la-lectura-en-vacaciones\/","og_locale":"es_ES","og_type":"article","og_title":"Cuaderno para reforzar la lectura en vacaciones - 2026","og_description":"El cuaderno ideal para reforzar la lectura de ni\u00f1os de primaria durante sus vacaciones. Explora niveles de habilidad,diversi\u00f3n y aprendizaje!.","og_url":"https:\/\/webdelmaestrocmf.com\/portal\/cuaderno-para-reforzar-la-lectura-en-vacaciones\/","og_site_name":"Web del Maestro CMF","article_publisher":"https:\/\/www.facebook.com\/WebdelMaestroCMF\/","article_author":"https:\/\/www.facebook.com\/WebdelMaestroCMF\/","article_published_time":"2023-12-07T14:16:21+00:00","article_modified_time":"2023-12-07T14:28:06+00:00","og_image":[{"width":900,"height":556,"url":"https:\/\/webdelmaestrocmf.com\/portal\/wp-content\/uploads\/2023\/12\/A12B3C4D-5-1.jpg","type":"image\/jpeg"}],"author":"Web del Maestro CMF","twitter_card":"summary_large_image","twitter_creator":"@cmf_w","twitter_site":"@cmf_w","schema":{"@context":"https:\/\/schema.org","@graph":[{"@type":"ScholarlyArticle","@id":"https:\/\/webdelmaestrocmf.com\/portal\/cuaderno-para-reforzar-la-lectura-en-vacaciones\/#article","isPartOf":{"@id":"https:\/\/webdelmaestrocmf.com\/portal\/cuaderno-para-reforzar-la-lectura-en-vacaciones\/"},"author":{"name":"Web del Maestro CMF","@id":"https:\/\/webdelmaestrocmf.com\/portal\/#\/schema\/person\/1072a2ed7bd960df8ef99a551fa35dc5"},"headline":"Cuaderno para reforzar la lectura en vacaciones","datePublished":"2023-12-07T14:16:21+00:00","dateModified":"2023-12-07T14:28:06+00:00","mainEntityOfPage":{"@id":"https:\/\/webdelmaestrocmf.com\/portal\/cuaderno-para-reforzar-la-lectura-en-vacaciones\/"},"wordCount":665,"commentCount":0,"publisher":{"@id":"https:\/\/webdelmaestrocmf.com\/portal\/#organization"},"image":{"@id":"https:\/\/webdelmaestrocmf.com\/portal\/cuaderno-para-reforzar-la-lectura-en-vacaciones\/#primaryimage"},"thumbnailUrl":"https:\/\/webdelmaestrocmf.com\/portal\/wp-content\/uploads\/2023\/12\/A12B3C4D-5-1.jpg","keywords":["CUADERNO","lectura","reforzar","vacaciones"],"articleSection":["Cuaderno","Lectoescritura","Recursos","reforzar la lectura"],"inLanguage":"es","potentialAction":[{"@type":"CommentAction","name":"Comment","target":["https:\/\/webdelmaestrocmf.com\/portal\/cuaderno-para-reforzar-la-lectura-en-vacaciones\/#respond"]}]},{"@type":"WebPage","@id":"https:\/\/webdelmaestrocmf.com\/portal\/cuaderno-para-reforzar-la-lectura-en-vacaciones\/","url":"https:\/\/webdelmaestrocmf.com\/portal\/cuaderno-para-reforzar-la-lectura-en-vacaciones\/","name":"Cuaderno para reforzar la lectura en vacaciones - 2026","isPartOf":{"@id":"https:\/\/webdelmaestrocmf.com\/portal\/#website"},"primaryImageOfPage":{"@id":"https:\/\/webdelmaestrocmf.com\/portal\/cuaderno-para-reforzar-la-lectura-en-vacaciones\/#primaryimage"},"image":{"@id":"https:\/\/webdelmaestrocmf.com\/portal\/cuaderno-para-reforzar-la-lectura-en-vacaciones\/#primaryimage"},"thumbnailUrl":"https:\/\/webdelmaestrocmf.com\/portal\/wp-content\/uploads\/2023\/12\/A12B3C4D-5-1.jpg","datePublished":"2023-12-07T14:16:21+00:00","dateModified":"2023-12-07T14:28:06+00:00","description":"El cuaderno ideal para reforzar la lectura de ni\u00f1os de primaria durante sus vacaciones. Explora niveles de habilidad,diversi\u00f3n y aprendizaje!.","breadcrumb":{"@id":"https:\/\/webdelmaestrocmf.com\/portal\/cuaderno-para-reforzar-la-lectura-en-vacaciones\/#breadcrumb"},"inLanguage":"es","potentialAction":[{"@type":"ReadAction","target":["https:\/\/webdelmaestrocmf.com\/portal\/cuaderno-para-reforzar-la-lectura-en-vacaciones\/"]}]},{"@type":"ImageObject","inLanguage":"es","@id":"https:\/\/webdelmaestrocmf.com\/portal\/cuaderno-para-reforzar-la-lectura-en-vacaciones\/#primaryimage","url":"https:\/\/webdelmaestrocmf.com\/portal\/wp-content\/uploads\/2023\/12\/A12B3C4D-5-1.jpg","contentUrl":"https:\/\/webdelmaestrocmf.com\/portal\/wp-content\/uploads\/2023\/12\/A12B3C4D-5-1.jpg","width":900,"height":556,"caption":"reforzar la lectura en vacaciones"},{"@type":"BreadcrumbList","@id":"https:\/\/webdelmaestrocmf.com\/portal\/cuaderno-para-reforzar-la-lectura-en-vacaciones\/#breadcrumb","itemListElement":[{"@type":"ListItem","position":1,"name":"Portada","item":"https:\/\/webdelmaestrocmf.com\/portal\/"},{"@type":"ListItem","position":2,"name":"Recursos","item":"https:\/\/webdelmaestrocmf.com\/portal\/category\/pedagogia\/"},{"@type":"ListItem","position":3,"name":"Cuaderno para reforzar la lectura en vacaciones"}]},{"@type":"WebSite","@id":"https:\/\/webdelmaestrocmf.com\/portal\/#website","url":"https:\/\/webdelmaestrocmf.com\/portal\/","name":"Web del Maestro CMF","description":"Maestros al servicio de la educaci\u00f3n","publisher":{"@id":"https:\/\/webdelmaestrocmf.com\/portal\/#organization"},"alternateName":"WMCMF","potentialAction":[{"@type":"SearchAction","target":{"@type":"EntryPoint","urlTemplate":"https:\/\/webdelmaestrocmf.com\/portal\/?s={search_term_string}"},"query-input":{"@type":"PropertyValueSpecification","valueRequired":true,"valueName":"search_term_string"}}],"inLanguage":"es"},{"@type":"Organization","@id":"https:\/\/webdelmaestrocmf.com\/portal\/#organization","name":"Web del Maestro CMF","alternateName":"WMCMF","url":"https:\/\/webdelmaestrocmf.com\/portal\/","logo":{"@type":"ImageObject","inLanguage":"es","@id":"https:\/\/webdelmaestrocmf.com\/portal\/#\/schema\/logo\/image\/","url":"https:\/\/webdelmaestrocmf.com\/portal\/wp-content\/uploads\/2023\/01\/logo-wmcmf-2.png","contentUrl":"https:\/\/webdelmaestrocmf.com\/portal\/wp-content\/uploads\/2023\/01\/logo-wmcmf-2.png","width":200,"height":60,"caption":"Web del Maestro CMF"},"image":{"@id":"https:\/\/webdelmaestrocmf.com\/portal\/#\/schema\/logo\/image\/"},"sameAs":["https:\/\/www.facebook.com\/WebdelMaestroCMF\/","https:\/\/x.com\/cmf_w","https:\/\/www.pinterest.com\/WMCMF\/","https:\/\/www.linkedin.com\/company\/web-del-maestro-cmf\/","https:\/\/www.instagram.com\/wmcmf\/","https:\/\/www.youtube.com\/channel\/UCDPSvjbdodE5sHnC3OxutHw","https:\/\/mastodon.social\/@wmcmf","https:\/\/www.tiktok.com\/@webdelmaestrocmf"]},{"@type":"Person","@id":"https:\/\/webdelmaestrocmf.com\/portal\/#\/schema\/person\/1072a2ed7bd960df8ef99a551fa35dc5","name":"Web del Maestro CMF","image":{"@type":"ImageObject","inLanguage":"es","@id":"https:\/\/secure.gravatar.com\/avatar\/23291dd5b5ae1077dcff3dbb04c3e02bd28403fa75af6d8787d5e97c5bbbe30b?s=96&d=mm&r=g","url":"https:\/\/secure.gravatar.com\/avatar\/23291dd5b5ae1077dcff3dbb04c3e02bd28403fa75af6d8787d5e97c5bbbe30b?s=96&d=mm&r=g","contentUrl":"https:\/\/secure.gravatar.com\/avatar\/23291dd5b5ae1077dcff3dbb04c3e02bd28403fa75af6d8787d5e97c5bbbe30b?s=96&d=mm&r=g","caption":"Web del Maestro CMF"},"description":"Esta Web se cre\u00f3 sin fines de lucro, con fines educativos, cient\u00edficos y acad\u00e9micos, para personas que tengan dificultades y\/o inconvenientes en visualizar el material original. El objetivo es entregar recursos, compartir experiencias y materiales que ayuden a los padres de familia, maestros y estudiantes en su actualizaci\u00f3n y formaci\u00f3n permanente, en bien de la Educaci\u00f3n.","sameAs":["http:\/\/webdelmaestrocmf.com\/portal","https:\/\/www.facebook.com\/WebdelMaestroCMF\/","https:\/\/www.instagram.com\/wmcmf\/","https:\/\/cl.linkedin.com\/company\/web-del-maestro-cmf","https:\/\/www.pinterest.com\/WMCMF\/publicaciones\/","https:\/\/x.com\/cmf_w","https:\/\/www.youtube.com\/@WMCMF"]}]}},"jetpack_featured_media_url":"https:\/\/webdelmaestrocmf.com\/portal\/wp-content\/uploads\/2023\/12\/A12B3C4D-5-1.jpg","jetpack_sharing_enabled":true,"jetpack-related-posts":[{"id":101322,"url":"https:\/\/webdelmaestrocmf.com\/portal\/cuaderno-de-repaso-en-lectoescritura-para-vacaciones\/","url_meta":{"origin":101530,"position":0},"title":"Cuaderno de repaso en lectoescritura &#8211; Vacaciones","author":"Web del Maestro CMF","date":"2 diciembre, 2023","format":false,"excerpt":"Este verano\/invierno se acercan las vacaciones, prometiendo merecido descanso y diversi\u00f3n para los ni\u00f1os. Sin embargo, tambi\u00e9n es importante afianzar los conocimientos para que, en el pr\u00f3ximo per\u00edodo acad\u00e9mico, los ni\u00f1os o alumnos puedan rendir durante todo el a\u00f1o. Por ello, compartimos los mejores cuadernos de repaso en lectoescritura que\u2026","rel":"","context":"En \u00abCuadernillos\u00bb","block_context":{"text":"Cuadernillos","link":"https:\/\/webdelmaestrocmf.com\/portal\/category\/pedagogia\/cuadernillos\/"},"img":{"alt_text":"repaso en lectoescritura","src":"https:\/\/i0.wp.com\/webdelmaestrocmf.com\/portal\/wp-content\/uploads\/2023\/12\/repaso-en-lectoescritura.jpg?resize=350%2C200&ssl=1","width":350,"height":200,"srcset":"https:\/\/i0.wp.com\/webdelmaestrocmf.com\/portal\/wp-content\/uploads\/2023\/12\/repaso-en-lectoescritura.jpg?resize=350%2C200&ssl=1 1x, https:\/\/i0.wp.com\/webdelmaestrocmf.com\/portal\/wp-content\/uploads\/2023\/12\/repaso-en-lectoescritura.jpg?resize=525%2C300&ssl=1 1.5x, https:\/\/i0.wp.com\/webdelmaestrocmf.com\/portal\/wp-content\/uploads\/2023\/12\/repaso-en-lectoescritura.jpg?resize=700%2C400&ssl=1 2x"},"classes":[]},{"id":101306,"url":"https:\/\/webdelmaestrocmf.com\/portal\/cuaderno-de-refuerzo-en-lectoescritura-para-salvar-el-ano\/","url_meta":{"origin":101530,"position":1},"title":"Cuaderno de refuerzo en lectoescritura para salvar el a\u00f1o","author":"Web del Maestro CMF","date":"1 diciembre, 2023","format":false,"excerpt":"La lectoescritura es el proceso mediante el cual los alumnos aprenden a leer e interpretar textos a trav\u00e9s de la escritura. Su objetivo es que los estudiantes puedan expresar ideas y pensamientos utilizando la escritura, empleando diversos recursos como im\u00e1genes o ejercicios. Este proceso, esencial en el desarrollo inicial de\u2026","rel":"","context":"En \u00abCuadernillos\u00bb","block_context":{"text":"Cuadernillos","link":"https:\/\/webdelmaestrocmf.com\/portal\/category\/pedagogia\/cuadernillos\/"},"img":{"alt_text":"Cuaderno de refuerzo en lectoescritura (1)","src":"https:\/\/i0.wp.com\/webdelmaestrocmf.com\/portal\/wp-content\/uploads\/2023\/12\/Cuaderno-de-refuerzo-en-lectoescritura-1.jpg?resize=350%2C200&ssl=1","width":350,"height":200,"srcset":"https:\/\/i0.wp.com\/webdelmaestrocmf.com\/portal\/wp-content\/uploads\/2023\/12\/Cuaderno-de-refuerzo-en-lectoescritura-1.jpg?resize=350%2C200&ssl=1 1x, https:\/\/i0.wp.com\/webdelmaestrocmf.com\/portal\/wp-content\/uploads\/2023\/12\/Cuaderno-de-refuerzo-en-lectoescritura-1.jpg?resize=525%2C300&ssl=1 1.5x, https:\/\/i0.wp.com\/webdelmaestrocmf.com\/portal\/wp-content\/uploads\/2023\/12\/Cuaderno-de-refuerzo-en-lectoescritura-1.jpg?resize=700%2C400&ssl=1 2x"},"classes":[]},{"id":101451,"url":"https:\/\/webdelmaestrocmf.com\/portal\/cuaderno-de-vacaciones-para-6o-grado-de-primaria\/","url_meta":{"origin":101530,"position":2},"title":"Cuaderno de vacaciones para 6\u00ba grado de primaria","author":"Web del Maestro CMF","date":"5 diciembre, 2023","format":false,"excerpt":"En esta oportunidad, queremos presentarles el Cuaderno de Vacaciones para alumnos del 6\u00ba grado de primaria. Este recurso ofrece un conjunto esencial de 50 fichas dise\u00f1adas para desarrollar de manera integral las \u00e1reas de matem\u00e1ticas, lenguaje, ingl\u00e9s y ciencias. El cuaderno se presenta como una herramienta de apoyo para los\u2026","rel":"","context":"En \u00abCuaderno\u00bb","block_context":{"text":"Cuaderno","link":"https:\/\/webdelmaestrocmf.com\/portal\/category\/pedagogia\/cuaderno\/"},"img":{"alt_text":"Cuaderno de vacaciones","src":"https:\/\/i0.wp.com\/webdelmaestrocmf.com\/portal\/wp-content\/uploads\/2023\/12\/A12B3C4D-1-1.jpg?resize=350%2C200&ssl=1","width":350,"height":200,"srcset":"https:\/\/i0.wp.com\/webdelmaestrocmf.com\/portal\/wp-content\/uploads\/2023\/12\/A12B3C4D-1-1.jpg?resize=350%2C200&ssl=1 1x, https:\/\/i0.wp.com\/webdelmaestrocmf.com\/portal\/wp-content\/uploads\/2023\/12\/A12B3C4D-1-1.jpg?resize=525%2C300&ssl=1 1.5x, https:\/\/i0.wp.com\/webdelmaestrocmf.com\/portal\/wp-content\/uploads\/2023\/12\/A12B3C4D-1-1.jpg?resize=700%2C400&ssl=1 2x"},"classes":[]},{"id":100231,"url":"https:\/\/webdelmaestrocmf.com\/portal\/cuaderno-de-repaso-de-fin-de-ano-para-1o-y-2o-de-primaria\/","url_meta":{"origin":101530,"position":3},"title":"Cuaderno de repaso de fin de a\u00f1o para 1\u00ba y 2\u00ba de Primaria","author":"Web del Maestro CMF","date":"19 noviembre, 2024","format":false,"excerpt":"El fin de a\u00f1o se acerca r\u00e1pidamente, y con \u00e9l, llega el momento de reflexionar sobre todo lo aprendido durante el a\u00f1o escolar. Para los estudiantes de 1\u00ba y 2\u00ba de primaria, este per\u00edodo es crucial para reforzar los conocimientos adquiridos y prepararse para nuevos desaf\u00edos. Un aliado valioso en\u2026","rel":"","context":"En \u00abCuadernillos\u00bb","block_context":{"text":"Cuadernillos","link":"https:\/\/webdelmaestrocmf.com\/portal\/category\/pedagogia\/cuadernillos\/"},"img":{"alt_text":"","src":"https:\/\/i0.wp.com\/webdelmaestrocmf.com\/portal\/wp-content\/uploads\/2023\/11\/doll-with-letter-that-says-it.jpg?resize=350%2C200&ssl=1","width":350,"height":200,"srcset":"https:\/\/i0.wp.com\/webdelmaestrocmf.com\/portal\/wp-content\/uploads\/2023\/11\/doll-with-letter-that-says-it.jpg?resize=350%2C200&ssl=1 1x, https:\/\/i0.wp.com\/webdelmaestrocmf.com\/portal\/wp-content\/uploads\/2023\/11\/doll-with-letter-that-says-it.jpg?resize=525%2C300&ssl=1 1.5x, https:\/\/i0.wp.com\/webdelmaestrocmf.com\/portal\/wp-content\/uploads\/2023\/11\/doll-with-letter-that-says-it.jpg?resize=700%2C400&ssl=1 2x"},"classes":[]},{"id":101432,"url":"https:\/\/webdelmaestrocmf.com\/portal\/cuaderno-de-matematicas-para-vacaciones-1o-grado\/","url_meta":{"origin":101530,"position":4},"title":"Cuaderno de matem\u00e1ticas para vacaciones: 1\u00ba grado","author":"Web del Maestro CMF","date":"4 diciembre, 2023","format":false,"excerpt":"Para este nuevo per\u00edodo de vacaciones, ya sea de verano o invierno (2024), les presentamos un cuaderno de matem\u00e1ticas para imprimir en formato PDF, dise\u00f1ado espec\u00edficamente para alumnos de primer grado de primaria. Listo para descargar de manera gratuita y donde podr\u00e1n aprovechar la oportunidad de repasar los conocimientos adquiridos\u2026","rel":"","context":"En \u00abCuadernillos\u00bb","block_context":{"text":"Cuadernillos","link":"https:\/\/webdelmaestrocmf.com\/portal\/category\/pedagogia\/cuadernillos\/"},"img":{"alt_text":"Cuaderno de matem\u00e1ticas para vacaciones","src":"https:\/\/i0.wp.com\/webdelmaestrocmf.com\/portal\/wp-content\/uploads\/2023\/12\/A12B3C4D-5.jpg?resize=350%2C200&ssl=1","width":350,"height":200,"srcset":"https:\/\/i0.wp.com\/webdelmaestrocmf.com\/portal\/wp-content\/uploads\/2023\/12\/A12B3C4D-5.jpg?resize=350%2C200&ssl=1 1x, https:\/\/i0.wp.com\/webdelmaestrocmf.com\/portal\/wp-content\/uploads\/2023\/12\/A12B3C4D-5.jpg?resize=525%2C300&ssl=1 1.5x, https:\/\/i0.wp.com\/webdelmaestrocmf.com\/portal\/wp-content\/uploads\/2023\/12\/A12B3C4D-5.jpg?resize=700%2C400&ssl=1 2x"},"classes":[]},{"id":101723,"url":"https:\/\/webdelmaestrocmf.com\/portal\/3-cuadernos-para-ayudar-a-tu-nino-a-ingresar-a-primaria\/","url_meta":{"origin":101530,"position":5},"title":"3 cuadernos para ayudar a tu ni\u00f1o a ingresar a primaria","author":"Web del Maestro CMF","date":"16 diciembre, 2023","format":false,"excerpt":"La transici\u00f3n de la etapa preescolar a la primaria es un momento emocionante y crucial en la vida de los ni\u00f1os, es por eso que te presentamos tres cuadernos para ayudar a tu ni\u00f1o a ingresar a primaria. Para facilitar este paso significativo, presentamos tres cuadernos dise\u00f1ados cuidadosamente para ayudar\u2026","rel":"","context":"En \u00abCuaderno\u00bb","block_context":{"text":"Cuaderno","link":"https:\/\/webdelmaestrocmf.com\/portal\/category\/pedagogia\/cuaderno\/"},"img":{"alt_text":"ingresar a primaria","src":"https:\/\/i0.wp.com\/webdelmaestrocmf.com\/portal\/wp-content\/uploads\/2023\/12\/A12B3C4D-2-3.jpg?resize=350%2C200&ssl=1","width":350,"height":200,"srcset":"https:\/\/i0.wp.com\/webdelmaestrocmf.com\/portal\/wp-content\/uploads\/2023\/12\/A12B3C4D-2-3.jpg?resize=350%2C200&ssl=1 1x, https:\/\/i0.wp.com\/webdelmaestrocmf.com\/portal\/wp-content\/uploads\/2023\/12\/A12B3C4D-2-3.jpg?resize=525%2C300&ssl=1 1.5x, https:\/\/i0.wp.com\/webdelmaestrocmf.com\/portal\/wp-content\/uploads\/2023\/12\/A12B3C4D-2-3.jpg?resize=700%2C400&ssl=1 2x"},"classes":[]}],"_links":{"self":[{"href":"https:\/\/webdelmaestrocmf.com\/portal\/wp-json\/wp\/v2\/posts\/101530","targetHints":{"allow":["GET"]}}],"collection":[{"href":"https:\/\/webdelmaestrocmf.com\/portal\/wp-json\/wp\/v2\/posts"}],"about":[{"href":"https:\/\/webdelmaestrocmf.com\/portal\/wp-json\/wp\/v2\/types\/post"}],"author":[{"embeddable":true,"href":"https:\/\/webdelmaestrocmf.com\/portal\/wp-json\/wp\/v2\/users\/1"}],"replies":[{"embeddable":true,"href":"https:\/\/webdelmaestrocmf.com\/portal\/wp-json\/wp\/v2\/comments?post=101530"}],"version-history":[{"count":0,"href":"https:\/\/webdelmaestrocmf.com\/portal\/wp-json\/wp\/v2\/posts\/101530\/revisions"}],"wp:featuredmedia":[{"embeddable":true,"href":"https:\/\/webdelmaestrocmf.com\/portal\/wp-json\/wp\/v2\/media\/101533"}],"wp:attachment":[{"href":"https:\/\/webdelmaestrocmf.com\/portal\/wp-json\/wp\/v2\/media?parent=101530"}],"wp:term":[{"taxonomy":"category","embeddable":true,"href":"https:\/\/webdelmaestrocmf.com\/portal\/wp-json\/wp\/v2\/categories?post=101530"},{"taxonomy":"post_tag","embeddable":true,"href":"https:\/\/webdelmaestrocmf.com\/portal\/wp-json\/wp\/v2\/tags?post=101530"}],"curies":[{"name":"wp","href":"https:\/\/api.w.org\/{rel}","templated":true}]}}