{"id":101322,"date":"2023-12-02T19:09:35","date_gmt":"2023-12-02T22:09:35","guid":{"rendered":"https:\/\/webdelmaestrocmf.com\/portal\/?p=101322"},"modified":"2023-12-04T08:48:04","modified_gmt":"2023-12-04T11:48:04","slug":"cuaderno-de-repaso-en-lectoescritura-para-vacaciones","status":"publish","type":"post","link":"https:\/\/webdelmaestrocmf.com\/portal\/cuaderno-de-repaso-en-lectoescritura-para-vacaciones\/","title":{"rendered":"Cuaderno de repaso en lectoescritura &#8211; Vacaciones"},"content":{"rendered":"<p style=\"text-align: justify;\"><strong>Este verano\/invierno se acercan las vacaciones, prometiendo merecido descanso y diversi\u00f3n para los ni\u00f1os. Sin embargo, tambi\u00e9n es importante afianzar los conocimientos para que, en el pr\u00f3ximo per\u00edodo acad\u00e9mico, los ni\u00f1os o alumnos puedan rendir durante todo el a\u00f1o. Por ello, compartimos los mejores cuadernos de repaso en <a title=\"Ir a wikipedia\" href=\"https:\/\/es.wikipedia.org\/wiki\/Lectoescritura_en_educaci%C3%B3n_b%C3%A1sica\" target=\"_blank\" rel=\"dofollow noopener\">lectoescritura<\/a> que encontramos en la red, para que puedan combinar la diversi\u00f3n de las vacaciones con un poco de refuerzo acad\u00e9mico. Educar no es una tarea f\u00e1cil, pero con este cuaderno de lectoescritura (lectura y escritura), les ayudar\u00e1 a sus hijos a estar preparados para el pr\u00f3ximo ciclo escolar.<\/strong><!--more--><\/p>\n<p style=\"text-align: justify;\">Al realizar estas actividades, aseg\u00farate de que tu ni\u00f1o tenga un lugar adecuado con mobiliario apropiado y asignarle el tiempo necesario para desarrollar los ejercicios de lectoescritura.<\/p>\n<p>Art\u00edculo relacionado: <a title=\"Ir a WMCMF\" href=\"https:\/\/webdelmaestrocmf.com\/portal\/cuaderno-de-refuerzo-en-lectoescritura-para-salvar-el-ano\/\" target=\"_top\" rel=\"dofollow noopener\">Cuaderno de refuerzo en lectoescritura para salvar el a\u00f1o<\/a><\/p>\n<p style=\"text-align: justify;\">Estos cuadernos de repaso, exclusivos para las vacaciones, son gratuitos y accesibles para todas las personas, ya que as\u00ed lo ofrecieron sus creadores. En este caso, solo tienes que descargarlos e imprimirlos.<\/p>\n<p><img loading=\"lazy\" decoding=\"async\" class=\"alignnone size-large wp-image-101324\" src=\"https:\/\/webdelmaestrocmf.com\/portal\/wp-content\/uploads\/2023\/12\/lectoescritura-para-vacaciones-1-1024x576.webp\" alt=\"lectoescritura para vacaciones (1)\" width=\"1024\" height=\"576\" srcset=\"https:\/\/webdelmaestrocmf.com\/portal\/wp-content\/uploads\/2023\/12\/lectoescritura-para-vacaciones-1-1024x576.webp 1024w, https:\/\/webdelmaestrocmf.com\/portal\/wp-content\/uploads\/2023\/12\/lectoescritura-para-vacaciones-1-300x169.webp 300w, https:\/\/webdelmaestrocmf.com\/portal\/wp-content\/uploads\/2023\/12\/lectoescritura-para-vacaciones-1-768x432.webp 768w, https:\/\/webdelmaestrocmf.com\/portal\/wp-content\/uploads\/2023\/12\/lectoescritura-para-vacaciones-1-380x214.webp 380w, https:\/\/webdelmaestrocmf.com\/portal\/wp-content\/uploads\/2023\/12\/lectoescritura-para-vacaciones-1-550x309.webp 550w, https:\/\/webdelmaestrocmf.com\/portal\/wp-content\/uploads\/2023\/12\/lectoescritura-para-vacaciones-1-800x450.webp 800w, https:\/\/webdelmaestrocmf.com\/portal\/wp-content\/uploads\/2023\/12\/lectoescritura-para-vacaciones-1-1160x653.webp 1160w, https:\/\/webdelmaestrocmf.com\/portal\/wp-content\/uploads\/2023\/12\/lectoescritura-para-vacaciones-1.webp 1280w\" sizes=\"auto, (max-width: 1024px) 100vw, 1024px\" \/><\/p>\n<h2 style=\"text-align: left;\"><strong>Cuaderno de repaso en lectoescritura<\/strong><\/h2>\n<p style=\"text-align: justify;\">Estos materiales est\u00e1n dise\u00f1ados para ni\u00f1os de diferentes edades y grados acad\u00e9micos de los niveles de Infantil y Primaria. Los cuadernos abarcan ejercicios le <a title=\"Ir a wikipedia\" href=\"https:\/\/es.wikipedia.org\/wiki\/Lectura_(educaci%C3%B3n)\" target=\"_blank\" rel=\"dofollow noopener\">lectura<\/a> y lectoescritura que repasan los conceptos clave aprendidos durante el a\u00f1o escolar. Para Infantil, hay cuadernos espec\u00edficos para ni\u00f1os de 2 a 3 a\u00f1os y de 4 a 5 a\u00f1os, abordando aspectos como atenci\u00f3n, conceptos b\u00e1sicos, grafomotricidad, orientaci\u00f3n espacial, n\u00fameros y otros temas.<\/p>\n<p><img loading=\"lazy\" decoding=\"async\" class=\"alignnone size-full wp-image-101328\" src=\"https:\/\/webdelmaestrocmf.com\/portal\/wp-content\/uploads\/2023\/12\/Cuaderno-de-repaso-en-lectoescritura.jpg\" alt=\"Cuaderno de repaso en lectoescritura\" width=\"800\" height=\"418\" srcset=\"https:\/\/webdelmaestrocmf.com\/portal\/wp-content\/uploads\/2023\/12\/Cuaderno-de-repaso-en-lectoescritura.jpg 800w, https:\/\/webdelmaestrocmf.com\/portal\/wp-content\/uploads\/2023\/12\/Cuaderno-de-repaso-en-lectoescritura-300x157.jpg 300w, https:\/\/webdelmaestrocmf.com\/portal\/wp-content\/uploads\/2023\/12\/Cuaderno-de-repaso-en-lectoescritura-768x401.jpg 768w, https:\/\/webdelmaestrocmf.com\/portal\/wp-content\/uploads\/2023\/12\/Cuaderno-de-repaso-en-lectoescritura-380x199.jpg 380w, https:\/\/webdelmaestrocmf.com\/portal\/wp-content\/uploads\/2023\/12\/Cuaderno-de-repaso-en-lectoescritura-550x287.jpg 550w\" sizes=\"auto, (max-width: 800px) 100vw, 800px\" \/><\/p>\n<p style=\"text-align: justify;\">Los cuadernos para ni\u00f1os de nivel Primaria, est\u00e1n dirigidos a ni\u00f1os de 6 a 12 a\u00f1os y se centran en competencias b\u00e1sicas, ofreciendo repasos en comprensi\u00f3n lectora. Cada cuaderno, con 20 a 30 fichas de trabajo, se organiza por bloques tem\u00e1ticos facilitando la elecci\u00f3n.<\/p>\n<p>Art\u00edculo relacionado: <a title=\"Ir a WMCMF\" href=\"https:\/\/webdelmaestrocmf.com\/portal\/60-actividades-de-refuerzo-en-lectoescritura-para-ninos-y-ninas\/\" target=\"_top\" rel=\"dofollow noopener\">60 actividades de refuerzo en lectura y escritura para ni\u00f1os<\/a><\/p>\n<h2 style=\"text-align: left;\"><strong>Ejemplos:<\/strong><\/h2>\n<p style=\"text-align: justify;\">A continuaci\u00f3n, les mostraremos algunas im\u00e1genes del contido:<\/p>\n<p>\u00a0<img loading=\"lazy\" decoding=\"async\" class=\"alignnone size-large wp-image-101325\" src=\"https:\/\/webdelmaestrocmf.com\/portal\/wp-content\/uploads\/2023\/12\/lectoescritura-para-vacaciones-1024x538.webp\" alt=\"lectoescritura para vacaciones\" width=\"1024\" height=\"538\" srcset=\"https:\/\/webdelmaestrocmf.com\/portal\/wp-content\/uploads\/2023\/12\/lectoescritura-para-vacaciones-1024x538.webp 1024w, https:\/\/webdelmaestrocmf.com\/portal\/wp-content\/uploads\/2023\/12\/lectoescritura-para-vacaciones-300x158.webp 300w, https:\/\/webdelmaestrocmf.com\/portal\/wp-content\/uploads\/2023\/12\/lectoescritura-para-vacaciones-768x403.webp 768w, https:\/\/webdelmaestrocmf.com\/portal\/wp-content\/uploads\/2023\/12\/lectoescritura-para-vacaciones-1536x807.webp 1536w, https:\/\/webdelmaestrocmf.com\/portal\/wp-content\/uploads\/2023\/12\/lectoescritura-para-vacaciones-380x200.webp 380w, https:\/\/webdelmaestrocmf.com\/portal\/wp-content\/uploads\/2023\/12\/lectoescritura-para-vacaciones-550x289.webp 550w, https:\/\/webdelmaestrocmf.com\/portal\/wp-content\/uploads\/2023\/12\/lectoescritura-para-vacaciones-800x420.webp 800w, https:\/\/webdelmaestrocmf.com\/portal\/wp-content\/uploads\/2023\/12\/lectoescritura-para-vacaciones-1160x609.webp 1160w, https:\/\/webdelmaestrocmf.com\/portal\/wp-content\/uploads\/2023\/12\/lectoescritura-para-vacaciones.webp 1972w\" sizes=\"auto, (max-width: 1024px) 100vw, 1024px\" \/> <img loading=\"lazy\" decoding=\"async\" class=\"alignnone wp-image-101326\" src=\"https:\/\/webdelmaestrocmf.com\/portal\/wp-content\/uploads\/2023\/12\/Cuaderno-de-repaso-en-lectoescritura-1.webp\" alt=\"Cuaderno de repaso en lectoescritura (1)\" width=\"1024\" height=\"539\" srcset=\"https:\/\/webdelmaestrocmf.com\/portal\/wp-content\/uploads\/2023\/12\/Cuaderno-de-repaso-en-lectoescritura-1.webp 720w, https:\/\/webdelmaestrocmf.com\/portal\/wp-content\/uploads\/2023\/12\/Cuaderno-de-repaso-en-lectoescritura-1-300x158.webp 300w, https:\/\/webdelmaestrocmf.com\/portal\/wp-content\/uploads\/2023\/12\/Cuaderno-de-repaso-en-lectoescritura-1-380x200.webp 380w, https:\/\/webdelmaestrocmf.com\/portal\/wp-content\/uploads\/2023\/12\/Cuaderno-de-repaso-en-lectoescritura-1-550x290.webp 550w\" sizes=\"auto, (max-width: 1024px) 100vw, 1024px\" \/> <img loading=\"lazy\" decoding=\"async\" class=\"alignnone wp-image-101327\" src=\"https:\/\/webdelmaestrocmf.com\/portal\/wp-content\/uploads\/2023\/12\/Cuaderno-de-repaso-en-lectoescritura.webp\" alt=\"Cuaderno de repaso en lectoescritura\" width=\"1026\" height=\"540\" srcset=\"https:\/\/webdelmaestrocmf.com\/portal\/wp-content\/uploads\/2023\/12\/Cuaderno-de-repaso-en-lectoescritura.webp 720w, https:\/\/webdelmaestrocmf.com\/portal\/wp-content\/uploads\/2023\/12\/Cuaderno-de-repaso-en-lectoescritura-300x158.webp 300w, https:\/\/webdelmaestrocmf.com\/portal\/wp-content\/uploads\/2023\/12\/Cuaderno-de-repaso-en-lectoescritura-380x200.webp 380w, https:\/\/webdelmaestrocmf.com\/portal\/wp-content\/uploads\/2023\/12\/Cuaderno-de-repaso-en-lectoescritura-550x290.webp 550w\" sizes=\"auto, (max-width: 1026px) 100vw, 1026px\" \/><\/p>\n<h2 style=\"text-align: left;\"><strong>En conclusi\u00f3n:<\/strong><\/h2>\n<p style=\"text-align: justify;\">Estas vacaciones no solo ser\u00e1n divertidas, sino tambi\u00e9n educativas para los ni\u00f1os, constituyendo una valiosa ocasi\u00f3n para fortalecer sus conocimientos. Los cuadernos de repaso en lectoescritura (lectura y <a title=\"Ir a wikipedia\" href=\"https:\/\/es.wikipedia.org\/wiki\/Escritura\" target=\"_blank\" rel=\"dofollow noopener\">escritura<\/a>) dise\u00f1ados para este periodo vacacional, ya sea de verano o invierno, dependiendo del continente, est\u00e1n disponibles de forma gratuita.<\/p>\n<p style=\"text-align: justify;\">Se presenta una oportunidad reflexiva sobre c\u00f3mo armonizar la diversi\u00f3n con el desarrollo educativo durante las vacaciones.<\/p>\n<p style=\"text-align: center;\"><strong>ENLACE DE LECTURA:\u00a0<\/strong><a title=\"Ir a MEGA\" href=\"https:\/\/mega.nz\/folder\/aVF3UCZD#zqCNHUiDZE23lTymLTvUMw\" target=\"_blank\" rel=\"nofollow noopener\">CUADERNO DE REPASO EN LECTOESCRITURA PARA VACACIONES<\/a><\/p>\n\t\t<div class=\"pk-inline-posts\">\n\t\t\t\n\t\t\t<div class=\"pk-inline-posts-container pk-inline-posts-template-list\"\n\t\t\t\tdata-columns=\"1\">\n\t\t\t\t\t\t<article id=\"post-118051\" class=\"post-118051 post type-post status-publish format-standard has-post-thumbnail category-lectoescritura category-leer category-libros category-pedagogia tag-aula tag-comprension-lectora tag-creatividad tag-dia-del-libro tag-docentes tag-fichas-educativas tag-lectura tag-manualidades tag-material-didactico tag-recursos-educativos cs-entry cs-video-wrap\">\n\t\t\t<div class=\"pk-post-outer\">\n\n\t\t\t\t\t\t\t\t<div class=\"pk-post-inner\">\n\t\t\t\t\t<div class=\"entry-thumbnail\">\n\t\t\t\t\t\t<div class=\"pk-overlay pk-overlay-ratio pk-ratio-landscape\">\n\t\t\t\t\t\t\t<div class=\"pk-overlay-background\">\n\t\t\t\t\t\t\t\t<a href=\"https:\/\/webdelmaestrocmf.com\/portal\/dia-del-libro-23-de-abril-descarga-las-actividades-recursos-fichas-manualidades-y-materiales-motivadores-para-transformar-la-lectura-en-el-aula\/\" class=\"pk-overlay-link\">\n\t\t\t\t\t\t\t\t\t<img loading=\"lazy\" decoding=\"async\" width=\"300\" height=\"225\" src=\"https:\/\/webdelmaestrocmf.com\/portal\/wp-content\/uploads\/2026\/04\/1AA-Banner-1-portada-imagen-10-1-copia-23-300x225.webp\" class=\"attachment-pk-thumbnail size-pk-thumbnail wp-post-image\" alt=\"\" \/>\t\t\t\t\t\t\t\t<\/a>\n\t\t\t\t\t\t\t<\/div>\n\t\t\t\t\t\t<\/div>\n\t\t\t\t\t<\/div>\n\t\t\t\t<\/div>\n\t\t\t\t\n\t\t\t\t<div class=\"pk-post-inner\">\n\t\t\t\t\t<header>\n\t\t\t\t\t\t<h3 class=\"pk-title\"><a href=\"https:\/\/webdelmaestrocmf.com\/portal\/dia-del-libro-23-de-abril-descarga-las-actividades-recursos-fichas-manualidades-y-materiales-motivadores-para-transformar-la-lectura-en-el-aula\/\" rel=\"bookmark\">D\u00eda del Libro (23 de abril): Descarga las actividades, recursos, fichas, manualidades, materiales y pulseras motivadores para transformar la lectura en el aula<\/a><\/h3>\t\t\t\t\t<\/header><!-- .entry-header -->\n\t\t\t\t<\/div><!-- .post-inner -->\n\n\t\t\t<\/div><!-- .post-outer -->\n\t\t<\/article>\n\t\t\t<article id=\"post-96416\" class=\"post-96416 post type-post status-publish format-standard has-post-thumbnail category-cuadernillos category-matematica category-pedagogia tag-algoritmo-de-division tag-alumnos-de-primaria tag-aplicacion-practica tag-aprendizaje tag-aprendizaje-divertido tag-comprension-matematica tag-conceptos-basicos tag-conceptos-de-division tag-conceptos-matematicos tag-cuadernillo-de-ejercicios tag-cuadernillo-de-matematicas tag-division-exacta tag-division-inexacta tag-divisiones tag-educacion-primaria tag-ejercicios-de-matematicas tag-ejercicios-de-practica tag-ejercicios-practicos tag-ensenanza-de-las-divisiones tag-estrategias-de-ensenanza tag-habilidades-matematicas tag-matematicas tag-matematicas-para-ninos tag-numeros-de-dos-digitos tag-operaciones-matematicas tag-practica-matematica tag-primer-ano tag-resolucion-de-problemas tag-resolucion-de-problemas-matematicos tag-segundo-ano cs-entry cs-video-wrap\">\n\t\t\t<div class=\"pk-post-outer\">\n\n\t\t\t\t\t\t\t\t<div class=\"pk-post-inner\">\n\t\t\t\t\t<div class=\"entry-thumbnail\">\n\t\t\t\t\t\t<div class=\"pk-overlay pk-overlay-ratio pk-ratio-landscape\">\n\t\t\t\t\t\t\t<div class=\"pk-overlay-background\">\n\t\t\t\t\t\t\t\t<a href=\"https:\/\/webdelmaestrocmf.com\/portal\/cuadernillo-de-divisiones-para-primer-y-segundo-ano-de-primaria\/\" class=\"pk-overlay-link\">\n\t\t\t\t\t\t\t\t\t<img loading=\"lazy\" decoding=\"async\" width=\"300\" height=\"225\" src=\"https:\/\/webdelmaestrocmf.com\/portal\/wp-content\/uploads\/2023\/10\/1AA-Banner-1-portada-imagen-10-1-copia-29-300x225.webp\" class=\"attachment-pk-thumbnail size-pk-thumbnail wp-post-image\" alt=\"\" \/>\t\t\t\t\t\t\t\t<\/a>\n\t\t\t\t\t\t\t<\/div>\n\t\t\t\t\t\t<\/div>\n\t\t\t\t\t<\/div>\n\t\t\t\t<\/div>\n\t\t\t\t\n\t\t\t\t<div class=\"pk-post-inner\">\n\t\t\t\t\t<header>\n\t\t\t\t\t\t<h3 class=\"pk-title\"><a href=\"https:\/\/webdelmaestrocmf.com\/portal\/cuadernillo-de-divisiones-para-primer-y-segundo-ano-de-primaria\/\" rel=\"bookmark\">Cuadernillo de divisiones para Primer y Segundo a\u00f1o de primaria<\/a><\/h3>\t\t\t\t\t<\/header><!-- .entry-header -->\n\t\t\t\t<\/div><!-- .post-inner -->\n\n\t\t\t<\/div><!-- .post-outer -->\n\t\t<\/article>\n\t\t\t<article id=\"post-95508\" class=\"post-95508 post type-post status-publish format-standard has-post-thumbnail category-cuadernillos category-matematica category-pedagogia tag-5-anos tag-cuadernillo tag-matematicas tag-ninos cs-entry cs-video-wrap\">\n\t\t\t<div class=\"pk-post-outer\">\n\n\t\t\t\t\t\t\t\t<div class=\"pk-post-inner\">\n\t\t\t\t\t<div class=\"entry-thumbnail\">\n\t\t\t\t\t\t<div class=\"pk-overlay pk-overlay-ratio pk-ratio-landscape\">\n\t\t\t\t\t\t\t<div class=\"pk-overlay-background\">\n\t\t\t\t\t\t\t\t<a href=\"https:\/\/webdelmaestrocmf.com\/portal\/descubre-el-maravilloso-cuadernillo-de-matematicas-para-ninos-de-3-4-y-5-anos-aprende-jugando\/\" class=\"pk-overlay-link\">\n\t\t\t\t\t\t\t\t\t<img loading=\"lazy\" decoding=\"async\" width=\"300\" height=\"225\" src=\"https:\/\/webdelmaestrocmf.com\/portal\/wp-content\/uploads\/2023\/11\/Banner-1-portada-imagen-10-34-300x225.jpg\" class=\"attachment-pk-thumbnail size-pk-thumbnail wp-post-image\" alt=\"Cuadernillo de Matem\u00e1ticas\" \/>\t\t\t\t\t\t\t\t<\/a>\n\t\t\t\t\t\t\t<\/div>\n\t\t\t\t\t\t<\/div>\n\t\t\t\t\t<\/div>\n\t\t\t\t<\/div>\n\t\t\t\t\n\t\t\t\t<div class=\"pk-post-inner\">\n\t\t\t\t\t<header>\n\t\t\t\t\t\t<h3 class=\"pk-title\"><a href=\"https:\/\/webdelmaestrocmf.com\/portal\/descubre-el-maravilloso-cuadernillo-de-matematicas-para-ninos-de-3-4-y-5-anos-aprende-jugando\/\" rel=\"bookmark\">Descarga los cuadernillos de Matem\u00e1ticas para ni\u00f1os de 3, 4 y 5 a\u00f1os<\/a><\/h3>\t\t\t\t\t<\/header><!-- .entry-header -->\n\t\t\t\t<\/div><!-- .post-inner -->\n\n\t\t\t<\/div><!-- .post-outer -->\n\t\t<\/article>\n\t\t\t\t<\/div>\n\t\t<\/div>\n\t\t\n","protected":false},"excerpt":{"rendered":"Este verano\/invierno se acercan las vacaciones, prometiendo merecido descanso y diversi\u00f3n para los ni\u00f1os. Sin embargo, tambi\u00e9n es&hellip;","protected":false},"author":1,"featured_media":101335,"comment_status":"open","ping_status":"closed","sticky":false,"template":"","format":"standard","meta":{"csco_display_header_overlay":false,"csco_singular_sidebar":"","csco_page_header_type":"","csco_page_load_nextpost":"","csco_post_video_location":[],"csco_post_video_location_hash":"","csco_post_video_url":"","csco_post_video_bg_start_time":0,"csco_post_video_bg_end_time":0,"csco_post_video_bg_volume":false,"_jetpack_memberships_contains_paid_content":false,"footnotes":""},"categories":[13814,6864,735],"tags":[3750,2204,3295,755],"class_list":{"0":"post-101322","1":"post","2":"type-post","3":"status-publish","4":"format-standard","5":"has-post-thumbnail","7":"category-cuadernillos","8":"category-lectoescritura","9":"category-pedagogia","10":"tag-cuaderno","11":"tag-lectoescritura","12":"tag-repaso","13":"tag-vacaciones","14":"cs-entry","15":"cs-video-wrap"},"yoast_head":"<!-- This site is optimized with the Yoast SEO plugin v27.5 - https:\/\/yoast.com\/product\/yoast-seo-wordpress\/ -->\n<title>Cuaderno de repaso en lectoescritura - Vacaciones - 2026<\/title>\n<meta name=\"description\" content=\"Aprende lectoescritura con los mejores cuadernos de repaso para vacaciones gratuitos. Descarga el cuaderno ahora para reforzar conocimientos.\" \/>\n<meta name=\"robots\" content=\"index, follow, max-snippet:-1, max-image-preview:large, max-video-preview:-1\" \/>\n<link rel=\"canonical\" href=\"https:\/\/webdelmaestrocmf.com\/portal\/cuaderno-de-repaso-en-lectoescritura-para-vacaciones\/\" \/>\n<meta property=\"og:locale\" content=\"es_ES\" \/>\n<meta property=\"og:type\" content=\"article\" \/>\n<meta property=\"og:title\" content=\"Cuaderno de repaso en lectoescritura - Vacaciones - 2026\" \/>\n<meta property=\"og:description\" content=\"Aprende lectoescritura con los mejores cuadernos de repaso para vacaciones gratuitos. Descarga el cuaderno ahora para reforzar conocimientos.\" \/>\n<meta property=\"og:url\" content=\"https:\/\/webdelmaestrocmf.com\/portal\/cuaderno-de-repaso-en-lectoescritura-para-vacaciones\/\" \/>\n<meta property=\"og:site_name\" content=\"Web del Maestro CMF\" \/>\n<meta property=\"article:publisher\" content=\"https:\/\/www.facebook.com\/WebdelMaestroCMF\/\" \/>\n<meta property=\"article:author\" content=\"https:\/\/www.facebook.com\/WebdelMaestroCMF\/\" \/>\n<meta property=\"article:published_time\" content=\"2023-12-02T22:09:35+00:00\" \/>\n<meta property=\"article:modified_time\" content=\"2023-12-04T11:48:04+00:00\" \/>\n<meta property=\"og:image\" content=\"https:\/\/webdelmaestrocmf.com\/portal\/wp-content\/uploads\/2023\/12\/repaso-en-lectoescritura.jpg\" \/>\n\t<meta property=\"og:image:width\" content=\"900\" \/>\n\t<meta property=\"og:image:height\" content=\"556\" \/>\n\t<meta property=\"og:image:type\" content=\"image\/jpeg\" \/>\n<meta name=\"author\" content=\"Web del Maestro CMF\" \/>\n<meta name=\"twitter:card\" content=\"summary_large_image\" \/>\n<meta name=\"twitter:creator\" content=\"@cmf_w\" \/>\n<meta name=\"twitter:site\" content=\"@cmf_w\" \/>\n<script type=\"application\/ld+json\" class=\"yoast-schema-graph\">{\"@context\":\"https:\\\/\\\/schema.org\",\"@graph\":[{\"@type\":\"ScholarlyArticle\",\"@id\":\"https:\\\/\\\/webdelmaestrocmf.com\\\/portal\\\/cuaderno-de-repaso-en-lectoescritura-para-vacaciones\\\/#article\",\"isPartOf\":{\"@id\":\"https:\\\/\\\/webdelmaestrocmf.com\\\/portal\\\/cuaderno-de-repaso-en-lectoescritura-para-vacaciones\\\/\"},\"author\":{\"name\":\"Web del Maestro CMF\",\"@id\":\"https:\\\/\\\/webdelmaestrocmf.com\\\/portal\\\/#\\\/schema\\\/person\\\/1072a2ed7bd960df8ef99a551fa35dc5\"},\"headline\":\"Cuaderno de repaso en lectoescritura &#8211; Vacaciones\",\"datePublished\":\"2023-12-02T22:09:35+00:00\",\"dateModified\":\"2023-12-04T11:48:04+00:00\",\"mainEntityOfPage\":{\"@id\":\"https:\\\/\\\/webdelmaestrocmf.com\\\/portal\\\/cuaderno-de-repaso-en-lectoescritura-para-vacaciones\\\/\"},\"wordCount\":434,\"commentCount\":0,\"publisher\":{\"@id\":\"https:\\\/\\\/webdelmaestrocmf.com\\\/portal\\\/#organization\"},\"image\":{\"@id\":\"https:\\\/\\\/webdelmaestrocmf.com\\\/portal\\\/cuaderno-de-repaso-en-lectoescritura-para-vacaciones\\\/#primaryimage\"},\"thumbnailUrl\":\"https:\\\/\\\/webdelmaestrocmf.com\\\/portal\\\/wp-content\\\/uploads\\\/2023\\\/12\\\/repaso-en-lectoescritura.jpg\",\"keywords\":[\"CUADERNO\",\"LECTOESCRITURA\",\"REPASO\",\"vacaciones\"],\"articleSection\":[\"Cuadernillos\",\"Lectoescritura\",\"Recursos\"],\"inLanguage\":\"es\",\"potentialAction\":[{\"@type\":\"CommentAction\",\"name\":\"Comment\",\"target\":[\"https:\\\/\\\/webdelmaestrocmf.com\\\/portal\\\/cuaderno-de-repaso-en-lectoescritura-para-vacaciones\\\/#respond\"]}]},{\"@type\":\"WebPage\",\"@id\":\"https:\\\/\\\/webdelmaestrocmf.com\\\/portal\\\/cuaderno-de-repaso-en-lectoescritura-para-vacaciones\\\/\",\"url\":\"https:\\\/\\\/webdelmaestrocmf.com\\\/portal\\\/cuaderno-de-repaso-en-lectoescritura-para-vacaciones\\\/\",\"name\":\"Cuaderno de repaso en lectoescritura - Vacaciones - 2026\",\"isPartOf\":{\"@id\":\"https:\\\/\\\/webdelmaestrocmf.com\\\/portal\\\/#website\"},\"primaryImageOfPage\":{\"@id\":\"https:\\\/\\\/webdelmaestrocmf.com\\\/portal\\\/cuaderno-de-repaso-en-lectoescritura-para-vacaciones\\\/#primaryimage\"},\"image\":{\"@id\":\"https:\\\/\\\/webdelmaestrocmf.com\\\/portal\\\/cuaderno-de-repaso-en-lectoescritura-para-vacaciones\\\/#primaryimage\"},\"thumbnailUrl\":\"https:\\\/\\\/webdelmaestrocmf.com\\\/portal\\\/wp-content\\\/uploads\\\/2023\\\/12\\\/repaso-en-lectoescritura.jpg\",\"datePublished\":\"2023-12-02T22:09:35+00:00\",\"dateModified\":\"2023-12-04T11:48:04+00:00\",\"description\":\"Aprende lectoescritura con los mejores cuadernos de repaso para vacaciones gratuitos. Descarga el cuaderno ahora para reforzar conocimientos.\",\"breadcrumb\":{\"@id\":\"https:\\\/\\\/webdelmaestrocmf.com\\\/portal\\\/cuaderno-de-repaso-en-lectoescritura-para-vacaciones\\\/#breadcrumb\"},\"inLanguage\":\"es\",\"potentialAction\":[{\"@type\":\"ReadAction\",\"target\":[\"https:\\\/\\\/webdelmaestrocmf.com\\\/portal\\\/cuaderno-de-repaso-en-lectoescritura-para-vacaciones\\\/\"]}]},{\"@type\":\"ImageObject\",\"inLanguage\":\"es\",\"@id\":\"https:\\\/\\\/webdelmaestrocmf.com\\\/portal\\\/cuaderno-de-repaso-en-lectoescritura-para-vacaciones\\\/#primaryimage\",\"url\":\"https:\\\/\\\/webdelmaestrocmf.com\\\/portal\\\/wp-content\\\/uploads\\\/2023\\\/12\\\/repaso-en-lectoescritura.jpg\",\"contentUrl\":\"https:\\\/\\\/webdelmaestrocmf.com\\\/portal\\\/wp-content\\\/uploads\\\/2023\\\/12\\\/repaso-en-lectoescritura.jpg\",\"width\":900,\"height\":556,\"caption\":\"repaso en lectoescritura\"},{\"@type\":\"BreadcrumbList\",\"@id\":\"https:\\\/\\\/webdelmaestrocmf.com\\\/portal\\\/cuaderno-de-repaso-en-lectoescritura-para-vacaciones\\\/#breadcrumb\",\"itemListElement\":[{\"@type\":\"ListItem\",\"position\":1,\"name\":\"Portada\",\"item\":\"https:\\\/\\\/webdelmaestrocmf.com\\\/portal\\\/\"},{\"@type\":\"ListItem\",\"position\":2,\"name\":\"Recursos\",\"item\":\"https:\\\/\\\/webdelmaestrocmf.com\\\/portal\\\/category\\\/pedagogia\\\/\"},{\"@type\":\"ListItem\",\"position\":3,\"name\":\"Cuaderno de repaso en lectoescritura &#8211; Vacaciones\"}]},{\"@type\":\"WebSite\",\"@id\":\"https:\\\/\\\/webdelmaestrocmf.com\\\/portal\\\/#website\",\"url\":\"https:\\\/\\\/webdelmaestrocmf.com\\\/portal\\\/\",\"name\":\"Web del Maestro CMF\",\"description\":\"Maestros al servicio de la educaci\u00f3n\",\"publisher\":{\"@id\":\"https:\\\/\\\/webdelmaestrocmf.com\\\/portal\\\/#organization\"},\"alternateName\":\"WMCMF\",\"potentialAction\":[{\"@type\":\"SearchAction\",\"target\":{\"@type\":\"EntryPoint\",\"urlTemplate\":\"https:\\\/\\\/webdelmaestrocmf.com\\\/portal\\\/?s={search_term_string}\"},\"query-input\":{\"@type\":\"PropertyValueSpecification\",\"valueRequired\":true,\"valueName\":\"search_term_string\"}}],\"inLanguage\":\"es\"},{\"@type\":\"Organization\",\"@id\":\"https:\\\/\\\/webdelmaestrocmf.com\\\/portal\\\/#organization\",\"name\":\"Web del Maestro CMF\",\"alternateName\":\"WMCMF\",\"url\":\"https:\\\/\\\/webdelmaestrocmf.com\\\/portal\\\/\",\"logo\":{\"@type\":\"ImageObject\",\"inLanguage\":\"es\",\"@id\":\"https:\\\/\\\/webdelmaestrocmf.com\\\/portal\\\/#\\\/schema\\\/logo\\\/image\\\/\",\"url\":\"https:\\\/\\\/webdelmaestrocmf.com\\\/portal\\\/wp-content\\\/uploads\\\/2023\\\/01\\\/logo-wmcmf-2.png\",\"contentUrl\":\"https:\\\/\\\/webdelmaestrocmf.com\\\/portal\\\/wp-content\\\/uploads\\\/2023\\\/01\\\/logo-wmcmf-2.png\",\"width\":200,\"height\":60,\"caption\":\"Web del Maestro CMF\"},\"image\":{\"@id\":\"https:\\\/\\\/webdelmaestrocmf.com\\\/portal\\\/#\\\/schema\\\/logo\\\/image\\\/\"},\"sameAs\":[\"https:\\\/\\\/www.facebook.com\\\/WebdelMaestroCMF\\\/\",\"https:\\\/\\\/x.com\\\/cmf_w\",\"https:\\\/\\\/www.pinterest.com\\\/WMCMF\\\/\",\"https:\\\/\\\/www.linkedin.com\\\/company\\\/web-del-maestro-cmf\\\/\",\"https:\\\/\\\/www.instagram.com\\\/wmcmf\\\/\",\"https:\\\/\\\/www.youtube.com\\\/channel\\\/UCDPSvjbdodE5sHnC3OxutHw\",\"https:\\\/\\\/mastodon.social\\\/@wmcmf\",\"https:\\\/\\\/www.tiktok.com\\\/@webdelmaestrocmf\"]},{\"@type\":\"Person\",\"@id\":\"https:\\\/\\\/webdelmaestrocmf.com\\\/portal\\\/#\\\/schema\\\/person\\\/1072a2ed7bd960df8ef99a551fa35dc5\",\"name\":\"Web del Maestro CMF\",\"image\":{\"@type\":\"ImageObject\",\"inLanguage\":\"es\",\"@id\":\"https:\\\/\\\/secure.gravatar.com\\\/avatar\\\/23291dd5b5ae1077dcff3dbb04c3e02bd28403fa75af6d8787d5e97c5bbbe30b?s=96&d=mm&r=g\",\"url\":\"https:\\\/\\\/secure.gravatar.com\\\/avatar\\\/23291dd5b5ae1077dcff3dbb04c3e02bd28403fa75af6d8787d5e97c5bbbe30b?s=96&d=mm&r=g\",\"contentUrl\":\"https:\\\/\\\/secure.gravatar.com\\\/avatar\\\/23291dd5b5ae1077dcff3dbb04c3e02bd28403fa75af6d8787d5e97c5bbbe30b?s=96&d=mm&r=g\",\"caption\":\"Web del Maestro CMF\"},\"description\":\"Esta Web se cre\u00f3 sin fines de lucro, con fines educativos, cient\u00edficos y acad\u00e9micos, para personas que tengan dificultades y\\\/o inconvenientes en visualizar el material original. El objetivo es entregar recursos, compartir experiencias y materiales que ayuden a los padres de familia, maestros y estudiantes en su actualizaci\u00f3n y formaci\u00f3n permanente, en bien de la Educaci\u00f3n.\",\"sameAs\":[\"http:\\\/\\\/webdelmaestrocmf.com\\\/portal\",\"https:\\\/\\\/www.facebook.com\\\/WebdelMaestroCMF\\\/\",\"https:\\\/\\\/www.instagram.com\\\/wmcmf\\\/\",\"https:\\\/\\\/cl.linkedin.com\\\/company\\\/web-del-maestro-cmf\",\"https:\\\/\\\/www.pinterest.com\\\/WMCMF\\\/publicaciones\\\/\",\"https:\\\/\\\/x.com\\\/cmf_w\",\"https:\\\/\\\/www.youtube.com\\\/@WMCMF\"]}]}<\/script>\n<!-- \/ Yoast SEO plugin. -->","yoast_head_json":{"title":"Cuaderno de repaso en lectoescritura - Vacaciones - 2026","description":"Aprende lectoescritura con los mejores cuadernos de repaso para vacaciones gratuitos. Descarga el cuaderno ahora para reforzar conocimientos.","robots":{"index":"index","follow":"follow","max-snippet":"max-snippet:-1","max-image-preview":"max-image-preview:large","max-video-preview":"max-video-preview:-1"},"canonical":"https:\/\/webdelmaestrocmf.com\/portal\/cuaderno-de-repaso-en-lectoescritura-para-vacaciones\/","og_locale":"es_ES","og_type":"article","og_title":"Cuaderno de repaso en lectoescritura - Vacaciones - 2026","og_description":"Aprende lectoescritura con los mejores cuadernos de repaso para vacaciones gratuitos. Descarga el cuaderno ahora para reforzar conocimientos.","og_url":"https:\/\/webdelmaestrocmf.com\/portal\/cuaderno-de-repaso-en-lectoescritura-para-vacaciones\/","og_site_name":"Web del Maestro CMF","article_publisher":"https:\/\/www.facebook.com\/WebdelMaestroCMF\/","article_author":"https:\/\/www.facebook.com\/WebdelMaestroCMF\/","article_published_time":"2023-12-02T22:09:35+00:00","article_modified_time":"2023-12-04T11:48:04+00:00","og_image":[{"width":900,"height":556,"url":"https:\/\/webdelmaestrocmf.com\/portal\/wp-content\/uploads\/2023\/12\/repaso-en-lectoescritura.jpg","type":"image\/jpeg"}],"author":"Web del Maestro CMF","twitter_card":"summary_large_image","twitter_creator":"@cmf_w","twitter_site":"@cmf_w","schema":{"@context":"https:\/\/schema.org","@graph":[{"@type":"ScholarlyArticle","@id":"https:\/\/webdelmaestrocmf.com\/portal\/cuaderno-de-repaso-en-lectoescritura-para-vacaciones\/#article","isPartOf":{"@id":"https:\/\/webdelmaestrocmf.com\/portal\/cuaderno-de-repaso-en-lectoescritura-para-vacaciones\/"},"author":{"name":"Web del Maestro CMF","@id":"https:\/\/webdelmaestrocmf.com\/portal\/#\/schema\/person\/1072a2ed7bd960df8ef99a551fa35dc5"},"headline":"Cuaderno de repaso en lectoescritura &#8211; Vacaciones","datePublished":"2023-12-02T22:09:35+00:00","dateModified":"2023-12-04T11:48:04+00:00","mainEntityOfPage":{"@id":"https:\/\/webdelmaestrocmf.com\/portal\/cuaderno-de-repaso-en-lectoescritura-para-vacaciones\/"},"wordCount":434,"commentCount":0,"publisher":{"@id":"https:\/\/webdelmaestrocmf.com\/portal\/#organization"},"image":{"@id":"https:\/\/webdelmaestrocmf.com\/portal\/cuaderno-de-repaso-en-lectoescritura-para-vacaciones\/#primaryimage"},"thumbnailUrl":"https:\/\/webdelmaestrocmf.com\/portal\/wp-content\/uploads\/2023\/12\/repaso-en-lectoescritura.jpg","keywords":["CUADERNO","LECTOESCRITURA","REPASO","vacaciones"],"articleSection":["Cuadernillos","Lectoescritura","Recursos"],"inLanguage":"es","potentialAction":[{"@type":"CommentAction","name":"Comment","target":["https:\/\/webdelmaestrocmf.com\/portal\/cuaderno-de-repaso-en-lectoescritura-para-vacaciones\/#respond"]}]},{"@type":"WebPage","@id":"https:\/\/webdelmaestrocmf.com\/portal\/cuaderno-de-repaso-en-lectoescritura-para-vacaciones\/","url":"https:\/\/webdelmaestrocmf.com\/portal\/cuaderno-de-repaso-en-lectoescritura-para-vacaciones\/","name":"Cuaderno de repaso en lectoescritura - Vacaciones - 2026","isPartOf":{"@id":"https:\/\/webdelmaestrocmf.com\/portal\/#website"},"primaryImageOfPage":{"@id":"https:\/\/webdelmaestrocmf.com\/portal\/cuaderno-de-repaso-en-lectoescritura-para-vacaciones\/#primaryimage"},"image":{"@id":"https:\/\/webdelmaestrocmf.com\/portal\/cuaderno-de-repaso-en-lectoescritura-para-vacaciones\/#primaryimage"},"thumbnailUrl":"https:\/\/webdelmaestrocmf.com\/portal\/wp-content\/uploads\/2023\/12\/repaso-en-lectoescritura.jpg","datePublished":"2023-12-02T22:09:35+00:00","dateModified":"2023-12-04T11:48:04+00:00","description":"Aprende lectoescritura con los mejores cuadernos de repaso para vacaciones gratuitos. Descarga el cuaderno ahora para reforzar conocimientos.","breadcrumb":{"@id":"https:\/\/webdelmaestrocmf.com\/portal\/cuaderno-de-repaso-en-lectoescritura-para-vacaciones\/#breadcrumb"},"inLanguage":"es","potentialAction":[{"@type":"ReadAction","target":["https:\/\/webdelmaestrocmf.com\/portal\/cuaderno-de-repaso-en-lectoescritura-para-vacaciones\/"]}]},{"@type":"ImageObject","inLanguage":"es","@id":"https:\/\/webdelmaestrocmf.com\/portal\/cuaderno-de-repaso-en-lectoescritura-para-vacaciones\/#primaryimage","url":"https:\/\/webdelmaestrocmf.com\/portal\/wp-content\/uploads\/2023\/12\/repaso-en-lectoescritura.jpg","contentUrl":"https:\/\/webdelmaestrocmf.com\/portal\/wp-content\/uploads\/2023\/12\/repaso-en-lectoescritura.jpg","width":900,"height":556,"caption":"repaso en lectoescritura"},{"@type":"BreadcrumbList","@id":"https:\/\/webdelmaestrocmf.com\/portal\/cuaderno-de-repaso-en-lectoescritura-para-vacaciones\/#breadcrumb","itemListElement":[{"@type":"ListItem","position":1,"name":"Portada","item":"https:\/\/webdelmaestrocmf.com\/portal\/"},{"@type":"ListItem","position":2,"name":"Recursos","item":"https:\/\/webdelmaestrocmf.com\/portal\/category\/pedagogia\/"},{"@type":"ListItem","position":3,"name":"Cuaderno de repaso en lectoescritura &#8211; Vacaciones"}]},{"@type":"WebSite","@id":"https:\/\/webdelmaestrocmf.com\/portal\/#website","url":"https:\/\/webdelmaestrocmf.com\/portal\/","name":"Web del Maestro CMF","description":"Maestros al servicio de la educaci\u00f3n","publisher":{"@id":"https:\/\/webdelmaestrocmf.com\/portal\/#organization"},"alternateName":"WMCMF","potentialAction":[{"@type":"SearchAction","target":{"@type":"EntryPoint","urlTemplate":"https:\/\/webdelmaestrocmf.com\/portal\/?s={search_term_string}"},"query-input":{"@type":"PropertyValueSpecification","valueRequired":true,"valueName":"search_term_string"}}],"inLanguage":"es"},{"@type":"Organization","@id":"https:\/\/webdelmaestrocmf.com\/portal\/#organization","name":"Web del Maestro CMF","alternateName":"WMCMF","url":"https:\/\/webdelmaestrocmf.com\/portal\/","logo":{"@type":"ImageObject","inLanguage":"es","@id":"https:\/\/webdelmaestrocmf.com\/portal\/#\/schema\/logo\/image\/","url":"https:\/\/webdelmaestrocmf.com\/portal\/wp-content\/uploads\/2023\/01\/logo-wmcmf-2.png","contentUrl":"https:\/\/webdelmaestrocmf.com\/portal\/wp-content\/uploads\/2023\/01\/logo-wmcmf-2.png","width":200,"height":60,"caption":"Web del Maestro CMF"},"image":{"@id":"https:\/\/webdelmaestrocmf.com\/portal\/#\/schema\/logo\/image\/"},"sameAs":["https:\/\/www.facebook.com\/WebdelMaestroCMF\/","https:\/\/x.com\/cmf_w","https:\/\/www.pinterest.com\/WMCMF\/","https:\/\/www.linkedin.com\/company\/web-del-maestro-cmf\/","https:\/\/www.instagram.com\/wmcmf\/","https:\/\/www.youtube.com\/channel\/UCDPSvjbdodE5sHnC3OxutHw","https:\/\/mastodon.social\/@wmcmf","https:\/\/www.tiktok.com\/@webdelmaestrocmf"]},{"@type":"Person","@id":"https:\/\/webdelmaestrocmf.com\/portal\/#\/schema\/person\/1072a2ed7bd960df8ef99a551fa35dc5","name":"Web del Maestro CMF","image":{"@type":"ImageObject","inLanguage":"es","@id":"https:\/\/secure.gravatar.com\/avatar\/23291dd5b5ae1077dcff3dbb04c3e02bd28403fa75af6d8787d5e97c5bbbe30b?s=96&d=mm&r=g","url":"https:\/\/secure.gravatar.com\/avatar\/23291dd5b5ae1077dcff3dbb04c3e02bd28403fa75af6d8787d5e97c5bbbe30b?s=96&d=mm&r=g","contentUrl":"https:\/\/secure.gravatar.com\/avatar\/23291dd5b5ae1077dcff3dbb04c3e02bd28403fa75af6d8787d5e97c5bbbe30b?s=96&d=mm&r=g","caption":"Web del Maestro CMF"},"description":"Esta Web se cre\u00f3 sin fines de lucro, con fines educativos, cient\u00edficos y acad\u00e9micos, para personas que tengan dificultades y\/o inconvenientes en visualizar el material original. El objetivo es entregar recursos, compartir experiencias y materiales que ayuden a los padres de familia, maestros y estudiantes en su actualizaci\u00f3n y formaci\u00f3n permanente, en bien de la Educaci\u00f3n.","sameAs":["http:\/\/webdelmaestrocmf.com\/portal","https:\/\/www.facebook.com\/WebdelMaestroCMF\/","https:\/\/www.instagram.com\/wmcmf\/","https:\/\/cl.linkedin.com\/company\/web-del-maestro-cmf","https:\/\/www.pinterest.com\/WMCMF\/publicaciones\/","https:\/\/x.com\/cmf_w","https:\/\/www.youtube.com\/@WMCMF"]}]}},"jetpack_featured_media_url":"https:\/\/webdelmaestrocmf.com\/portal\/wp-content\/uploads\/2023\/12\/repaso-en-lectoescritura.jpg","jetpack_sharing_enabled":true,"jetpack-related-posts":[{"id":101530,"url":"https:\/\/webdelmaestrocmf.com\/portal\/cuaderno-para-reforzar-la-lectura-en-vacaciones\/","url_meta":{"origin":101322,"position":0},"title":"Cuaderno para reforzar la lectura en vacaciones","author":"Web del Maestro CMF","date":"7 diciembre, 2023","format":false,"excerpt":"Las vacaciones son el momento perfecto para relajarse, recargar energ\u00edas y, \u00bfpor qu\u00e9 no?, potenciar nuestras habilidades en la lectura. En este sentido, un aliado indispensable se presenta en forma de un cuaderno dise\u00f1ado espec\u00edficamente para reforzar la lectura a ni\u00f1os de primaria. Este cuaderno no es solo un conjunto\u2026","rel":"","context":"En \u00abCuaderno\u00bb","block_context":{"text":"Cuaderno","link":"https:\/\/webdelmaestrocmf.com\/portal\/category\/pedagogia\/cuaderno\/"},"img":{"alt_text":"reforzar la lectura en vacaciones","src":"https:\/\/i0.wp.com\/webdelmaestrocmf.com\/portal\/wp-content\/uploads\/2023\/12\/A12B3C4D-5-1.jpg?resize=350%2C200&ssl=1","width":350,"height":200,"srcset":"https:\/\/i0.wp.com\/webdelmaestrocmf.com\/portal\/wp-content\/uploads\/2023\/12\/A12B3C4D-5-1.jpg?resize=350%2C200&ssl=1 1x, https:\/\/i0.wp.com\/webdelmaestrocmf.com\/portal\/wp-content\/uploads\/2023\/12\/A12B3C4D-5-1.jpg?resize=525%2C300&ssl=1 1.5x, https:\/\/i0.wp.com\/webdelmaestrocmf.com\/portal\/wp-content\/uploads\/2023\/12\/A12B3C4D-5-1.jpg?resize=700%2C400&ssl=1 2x"},"classes":[]},{"id":101723,"url":"https:\/\/webdelmaestrocmf.com\/portal\/3-cuadernos-para-ayudar-a-tu-nino-a-ingresar-a-primaria\/","url_meta":{"origin":101322,"position":1},"title":"3 cuadernos para ayudar a tu ni\u00f1o a ingresar a primaria","author":"Web del Maestro CMF","date":"16 diciembre, 2023","format":false,"excerpt":"La transici\u00f3n de la etapa preescolar a la primaria es un momento emocionante y crucial en la vida de los ni\u00f1os, es por eso que te presentamos tres cuadernos para ayudar a tu ni\u00f1o a ingresar a primaria. Para facilitar este paso significativo, presentamos tres cuadernos dise\u00f1ados cuidadosamente para ayudar\u2026","rel":"","context":"En \u00abCuaderno\u00bb","block_context":{"text":"Cuaderno","link":"https:\/\/webdelmaestrocmf.com\/portal\/category\/pedagogia\/cuaderno\/"},"img":{"alt_text":"ingresar a primaria","src":"https:\/\/i0.wp.com\/webdelmaestrocmf.com\/portal\/wp-content\/uploads\/2023\/12\/A12B3C4D-2-3.jpg?resize=350%2C200&ssl=1","width":350,"height":200,"srcset":"https:\/\/i0.wp.com\/webdelmaestrocmf.com\/portal\/wp-content\/uploads\/2023\/12\/A12B3C4D-2-3.jpg?resize=350%2C200&ssl=1 1x, https:\/\/i0.wp.com\/webdelmaestrocmf.com\/portal\/wp-content\/uploads\/2023\/12\/A12B3C4D-2-3.jpg?resize=525%2C300&ssl=1 1.5x, https:\/\/i0.wp.com\/webdelmaestrocmf.com\/portal\/wp-content\/uploads\/2023\/12\/A12B3C4D-2-3.jpg?resize=700%2C400&ssl=1 2x"},"classes":[]},{"id":101306,"url":"https:\/\/webdelmaestrocmf.com\/portal\/cuaderno-de-refuerzo-en-lectoescritura-para-salvar-el-ano\/","url_meta":{"origin":101322,"position":2},"title":"Cuaderno de refuerzo en lectoescritura para salvar el a\u00f1o","author":"Web del Maestro CMF","date":"1 diciembre, 2023","format":false,"excerpt":"La lectoescritura es el proceso mediante el cual los alumnos aprenden a leer e interpretar textos a trav\u00e9s de la escritura. Su objetivo es que los estudiantes puedan expresar ideas y pensamientos utilizando la escritura, empleando diversos recursos como im\u00e1genes o ejercicios. Este proceso, esencial en el desarrollo inicial de\u2026","rel":"","context":"En \u00abCuadernillos\u00bb","block_context":{"text":"Cuadernillos","link":"https:\/\/webdelmaestrocmf.com\/portal\/category\/pedagogia\/cuadernillos\/"},"img":{"alt_text":"Cuaderno de refuerzo en lectoescritura (1)","src":"https:\/\/i0.wp.com\/webdelmaestrocmf.com\/portal\/wp-content\/uploads\/2023\/12\/Cuaderno-de-refuerzo-en-lectoescritura-1.jpg?resize=350%2C200&ssl=1","width":350,"height":200,"srcset":"https:\/\/i0.wp.com\/webdelmaestrocmf.com\/portal\/wp-content\/uploads\/2023\/12\/Cuaderno-de-refuerzo-en-lectoescritura-1.jpg?resize=350%2C200&ssl=1 1x, https:\/\/i0.wp.com\/webdelmaestrocmf.com\/portal\/wp-content\/uploads\/2023\/12\/Cuaderno-de-refuerzo-en-lectoescritura-1.jpg?resize=525%2C300&ssl=1 1.5x, https:\/\/i0.wp.com\/webdelmaestrocmf.com\/portal\/wp-content\/uploads\/2023\/12\/Cuaderno-de-refuerzo-en-lectoescritura-1.jpg?resize=700%2C400&ssl=1 2x"},"classes":[]},{"id":90382,"url":"https:\/\/webdelmaestrocmf.com\/portal\/cuadernos-de-verano-aprendizaje-y-diversion-durante-las-vacaciones\/","url_meta":{"origin":101322,"position":3},"title":"Cuadernos de verano: \u00a1Aprendizaje y diversi\u00f3n durante las vacaciones!","author":"Web del Maestro CMF","date":"3 julio, 2023","format":false,"excerpt":"En el mundo acelerado y digitalizado en el que vivimos, es fundamental que nuestros ni\u00f1os y ni\u00f1as contin\u00faen aprendiendo y reforzando sus conocimientos incluso durante las vacaciones escolares. Es por eso que nuestros queridos amigos de Academons, la reconocida aplicaci\u00f3n de repaso para la escuela primaria, han ideado una soluci\u00f3n\u2026","rel":"","context":"En \u00abCuadernillos\u00bb","block_context":{"text":"Cuadernillos","link":"https:\/\/webdelmaestrocmf.com\/portal\/category\/pedagogia\/cuadernillos\/"},"img":{"alt_text":"","src":"https:\/\/i0.wp.com\/webdelmaestrocmf.com\/portal\/wp-content\/uploads\/2023\/07\/A12B3C4D-18.jpg?resize=350%2C200&ssl=1","width":350,"height":200,"srcset":"https:\/\/i0.wp.com\/webdelmaestrocmf.com\/portal\/wp-content\/uploads\/2023\/07\/A12B3C4D-18.jpg?resize=350%2C200&ssl=1 1x, https:\/\/i0.wp.com\/webdelmaestrocmf.com\/portal\/wp-content\/uploads\/2023\/07\/A12B3C4D-18.jpg?resize=525%2C300&ssl=1 1.5x, https:\/\/i0.wp.com\/webdelmaestrocmf.com\/portal\/wp-content\/uploads\/2023\/07\/A12B3C4D-18.jpg?resize=700%2C400&ssl=1 2x"},"classes":[]},{"id":65400,"url":"https:\/\/webdelmaestrocmf.com\/portal\/magnifico-cuaderno-para-repasar-el-abecedario-trazo-creatividad-y-lectoescritura\/","url_meta":{"origin":101322,"position":4},"title":"Magnifico cuaderno para repasar el abecedario, trazo, creatividad y lectoescritura","author":"Web del Maestro CMF","date":"16 febrero, 2022","format":false,"excerpt":"Denomina abecedario (o alfabeto) a un grupo de letras estructurado bajo un orden espec\u00edfico aceptado a nivel general en el marco de una lengua. Se trata de un conjunto compuesto por las graf\u00edas destinadas a la representaci\u00f3n del lenguaje. En el idioma espa\u00f1ol, este grupo debe su nombre a las\u2026","rel":"","context":"En \u00abDescargas Manuales PDF\u00bb","block_context":{"text":"Descargas Manuales PDF","link":"https:\/\/webdelmaestrocmf.com\/portal\/category\/pedagogia\/descargas-manuales-pdf\/"},"img":{"alt_text":"","src":"https:\/\/i0.wp.com\/webdelmaestrocmf.com\/portal\/wp-content\/uploads\/2021\/07\/1-80.jpg?resize=350%2C200&ssl=1","width":350,"height":200,"srcset":"https:\/\/i0.wp.com\/webdelmaestrocmf.com\/portal\/wp-content\/uploads\/2021\/07\/1-80.jpg?resize=350%2C200&ssl=1 1x, https:\/\/i0.wp.com\/webdelmaestrocmf.com\/portal\/wp-content\/uploads\/2021\/07\/1-80.jpg?resize=525%2C300&ssl=1 1.5x, https:\/\/i0.wp.com\/webdelmaestrocmf.com\/portal\/wp-content\/uploads\/2021\/07\/1-80.jpg?resize=700%2C400&ssl=1 2x, https:\/\/i0.wp.com\/webdelmaestrocmf.com\/portal\/wp-content\/uploads\/2021\/07\/1-80.jpg?resize=1050%2C600&ssl=1 3x"},"classes":[]},{"id":104921,"url":"https:\/\/webdelmaestrocmf.com\/portal\/proyecto-de-lectoescritura-leer-bien-para-escribir-mejor\/","url_meta":{"origin":101322,"position":5},"title":"Descarga el Proyecto de lectoescritura: leer bien para escribir mejor","author":"Web del Maestro CMF","date":"23 marzo, 2026","format":false,"excerpt":"Un viaje divertido y creativo hacia la lectoescritura, con juegos, colores y palabras que inspiran confianza, entusiasmo y aprendizaje significativo.","rel":"","context":"En \u00abLectoescritura\u00bb","block_context":{"text":"Lectoescritura","link":"https:\/\/webdelmaestrocmf.com\/portal\/category\/pedagogia\/lectoescritura\/"},"img":{"alt_text":"","src":"https:\/\/i0.wp.com\/webdelmaestrocmf.com\/portal\/wp-content\/uploads\/2024\/03\/Banner-1-portada-imagen-10-1-16-1.jpg?resize=350%2C200&ssl=1","width":350,"height":200,"srcset":"https:\/\/i0.wp.com\/webdelmaestrocmf.com\/portal\/wp-content\/uploads\/2024\/03\/Banner-1-portada-imagen-10-1-16-1.jpg?resize=350%2C200&ssl=1 1x, https:\/\/i0.wp.com\/webdelmaestrocmf.com\/portal\/wp-content\/uploads\/2024\/03\/Banner-1-portada-imagen-10-1-16-1.jpg?resize=525%2C300&ssl=1 1.5x, https:\/\/i0.wp.com\/webdelmaestrocmf.com\/portal\/wp-content\/uploads\/2024\/03\/Banner-1-portada-imagen-10-1-16-1.jpg?resize=700%2C400&ssl=1 2x"},"classes":[]}],"_links":{"self":[{"href":"https:\/\/webdelmaestrocmf.com\/portal\/wp-json\/wp\/v2\/posts\/101322","targetHints":{"allow":["GET"]}}],"collection":[{"href":"https:\/\/webdelmaestrocmf.com\/portal\/wp-json\/wp\/v2\/posts"}],"about":[{"href":"https:\/\/webdelmaestrocmf.com\/portal\/wp-json\/wp\/v2\/types\/post"}],"author":[{"embeddable":true,"href":"https:\/\/webdelmaestrocmf.com\/portal\/wp-json\/wp\/v2\/users\/1"}],"replies":[{"embeddable":true,"href":"https:\/\/webdelmaestrocmf.com\/portal\/wp-json\/wp\/v2\/comments?post=101322"}],"version-history":[{"count":0,"href":"https:\/\/webdelmaestrocmf.com\/portal\/wp-json\/wp\/v2\/posts\/101322\/revisions"}],"wp:featuredmedia":[{"embeddable":true,"href":"https:\/\/webdelmaestrocmf.com\/portal\/wp-json\/wp\/v2\/media\/101335"}],"wp:attachment":[{"href":"https:\/\/webdelmaestrocmf.com\/portal\/wp-json\/wp\/v2\/media?parent=101322"}],"wp:term":[{"taxonomy":"category","embeddable":true,"href":"https:\/\/webdelmaestrocmf.com\/portal\/wp-json\/wp\/v2\/categories?post=101322"},{"taxonomy":"post_tag","embeddable":true,"href":"https:\/\/webdelmaestrocmf.com\/portal\/wp-json\/wp\/v2\/tags?post=101322"}],"curies":[{"name":"wp","href":"https:\/\/api.w.org\/{rel}","templated":true}]}}